{"id":14152,"date":"2013-06-21T11:21:10","date_gmt":"2013-06-21T16:21:10","guid":{"rendered":"http:\/\/www.travelbymexico.com\/blog\/?p=14152"},"modified":"2013-06-18T23:18:34","modified_gmt":"2013-06-19T04:18:34","slug":"ii-encuentro-iberoamericano-de-escritores-cinematograficos","status":"publish","type":"post","link":"https:\/\/www.travelbymexico.com\/blog\/14152-ii-encuentro-iberoamericano-de-escritores-cinematograficos\/","title":{"rendered":"II Encuentro Iberoamericano de Escritores Cinematogr\u00e1ficos"},"content":{"rendered":"<h2>Organizado por CONACULTA CINE y Escritores Cinematogr\u00e1ficos El Garfio A.C. a trav\u00e9s del Instituto Mexicano de Cinematograf\u00eda, el II Encuentro Iberoamericano de Escritores Cinematogr\u00e1ficos se llevar\u00e1 a cabo del 25 al 28 de junio de 2013 en el Centro Cultural Universitario Tlatelolco UNAM.<\/h2>\n<p>Paralelamente al encuentro, se llevar\u00e1 a cabo en las instalaciones de la <a title=\"Art\u00edculos relacionados con la Cineteca Nacional en el Blog de Travelbymexico.com\" href=\"http:\/\/www.travelbymexico.com\/blog\/tag\/cineteca-nacional\/\" target=\"_blank\">Cineteca Nacional<\/a> una <strong>muestra de cine<\/strong> en presencia de reconocidos escritores y cineastas mexicanos, venezolanos, cubanos, argentinos, uruguayos, contempor\u00e1neos.<\/p>\n<h3>Segundo Encuentro Iberoamericano de Escritores Cinematogr\u00e1ficos<br \/>\nLiteratura, dramaturgia y escritura cinematogr\u00e1fica<\/h3>\n<p>Dirigido a escritores, guionistas, cineastas en general, productores, estudiantes de alguna carrera relacionada con las artes cinematogr\u00e1ficas y las ciencias de la comunicaci\u00f3n, el\u00a0 <strong>II Encuentro Iberoamericano de Escritores Cinematogr\u00e1ficos<\/strong> tiene entre sus objetivos el de resaltar la importancia de la literatura y el arte dram\u00e1tico como elementos imprescindibles para mejorar la calidad de las historias que se escriben en el cine iberoamericano,\u00a0 documental y de ficci\u00f3n, tomando en cuenta su aspectos jur\u00eddicos, econ\u00f3micos, culturales y pol\u00edticos.<\/p>\n<p><strong>Ejes del encuentro<\/strong>: Derechos de autor y legislaci\u00f3n cinematogr\u00e1fica. Mercado de guiones en Iberoam\u00e9rica.<\/p>\n<p>Algunas de las actividades: Conferencias magistrales, Concurso de pitching ante productores, Programa de becas Ibermedi.<\/p>\n<h3>Programaci\u00f3n muestra de cine iberoamericano &#8220;Del gui\u00f3n a la pantalla&#8221;<\/h3>\n<p><span style=\"text-decoration: underline;\"><strong>del 25 de junio al 7 de julio de 2013, en las instalaciones de la Cineteca Nacional.<\/strong><\/span><\/p>\n<p>Participar\u00e1n reconocidos autores de Chile, Colombia, Cuba, Venezuela, Uruguay; adem\u00e1s de destacados escritores y cineastas mexicanos contempor\u00e1neos.<\/p>\n<p><span style=\"text-decoration: underline;\">Sala 8, Hermanos Rodr\u00edguez. a las 21:00 horas.<\/span><br \/>\nMartes 25 de junio: <strong>Coronaci\u00f3n<\/strong>. Silvio Caiozzi, Chile. 2000.<br \/>\nMi\u00e9rcoles 26 de junio: <strong>La vendedora de rosas<\/strong>. Carlos Henao, Colombia. 1998.<br \/>\nJueves 27 de junio:<strong> Suite Habana<\/strong>. Fernando P\u00e9rez Vald\u00e9s, Cuba. 2003.<br \/>\nViernes 28 de junio: <strong>Cheila. Una casa pa\u2019 Ma\u00edta<\/strong>. Elio Palecia, Venezuela. 2010.<br \/>\nS\u00e1bado 29 de junio: <strong>Lista de espera<\/strong>. Senel Paz, Cuba. 2000.<br \/>\nDomingo 30 de junio: <strong>La demora<\/strong>. Laura Santullo, Uruguay, 2012.<\/p>\n<p><span style=\"text-decoration: underline;\">Sala 8, Hermanos Rodr\u00edguez. a las 18:00 horas.<\/span><br \/>\nMartes 2 de julio: <strong>La ley de Herodes<\/strong>. Luis Estrada, M\u00e9xico. 1999.<br \/>\nMi\u00e9rcoles 3 de julio: <strong>Acosada<\/strong>. Marcela Fern\u00e1ndez, M\u00e9xico. 2002.<br \/>\nJueves 4 de julio: <strong>De calle<\/strong>. Marina Stavenhagen, M\u00e9xico. 2001.<br \/>\nViernes 5 de julio: <strong>Tlatelolco, verano del 68<\/strong>. Carlos Bolado. M\u00e9xico. 2013.<br \/>\nS\u00e1bado 6 de julio: <strong>El cielo abierto<\/strong>. Everardo Gonz\u00e1lez. M\u00e9xico. 2011.<br \/>\nDomingo 7 de julio: <strong>Un mundo raro<\/strong>. Armando Casas. M\u00e9xico. 2001.<\/p>\n<p><span style=\"text-decoration: underline;\">Sala 8, Hermanos Rodr\u00edguez. a las 21:00 horas.<\/span><br \/>\nMartes 2 de julio: <strong>La 4ta Gracia<\/strong>. Andrea L\u00f3pez, Venezuela. 2011.<br \/>\nMi\u00e9rcoles 3 de julio: <strong>Sucesos distantes<\/strong>. Hugo Hiriart, M\u00e9xico. 1996.<br \/>\nJueves 4 de julio:\u00a0 <strong>El mago<\/strong>. Enrique Renter\u00eda, M\u00e9xico. 2004.<br \/>\nViernes 5 de julio: <strong>La perdici\u00f3n de los hombres<\/strong>. Paz Alicia Garc\u00edadiego, M\u00e9xico. 2000.<br \/>\nS\u00e1bado 6 de julio: <strong>El Premio<\/strong>. Paula Marcovitch, Argentina. 2011.<br \/>\nDomingo 7 de julio: <strong>Danz\u00f3n<\/strong>. Beatriz Novaro, M\u00e9xico. 1991.<\/p>\n<h3>Los Invitados<\/h3>\n<p>Carlos Bolado, Jos\u00e9 Buil, Silvio Caiozzi, Luc\u00eda Carreras, Armando Casas,<br \/>\nMarcela Couturier, Marcela Violante Fern\u00e1ndez, Luc\u00eda Gaj\u00e1, Paz Alicia Garciadiego, Everardo Gonz\u00e1lez, Carlos Henao, Hugo Hiriart, Vicente Le\u00f1ero, Marco Julio Linares, C\u00e9sar Lucena, Paula Markovitch, Gustavo Michelena, Rafael Montero, Edgar Narvaez, Beatriz Novaro, Senel Paz, Fernando P\u00e9rez Vald\u00e9s, Guillermo Pous Fern\u00e1ndez, Agust\u00edn Ram\u00edrez Ram\u00edrez, Enrique Renter\u00eda, Valentina Saa Carbonell, Laura Santullo, Marina Stavenhagen, V\u00edctor Ugalde, Thaelman Urgelles.<\/p>\n<h3>Costo, horario y direcci\u00f3n<\/h3>\n<p><strong>II Encuentro Iberoamericano de Escritores Cinematogr\u00e1ficos<\/strong><\/p>\n<p><span style=\"text-decoration: underline;\">del 25 al 29 de junio de 2013 de las 9:00 a las 20:00 horas.<\/span><\/p>\n<p><strong>Consultar el programa completo de actividades<\/strong>: http:\/\/www.elgarfio.org.mx\/encuentroibescritores<\/p>\n<p><strong>Costo<\/strong>: Donativo de recuperaci\u00f3n $ 2,800.00 pesos. Estudiantes y acad\u00e9micos de la UNA: 50% de descuento.<br \/>\nEl cupo es limitado.<\/p>\n<p><strong>Sede<\/strong>: Centro Cultural Universitario Tlatelolco<br \/>\nDirecci\u00f3n: Ricardo Flores Mag\u00f3n 1, col. Nonoalco-Tlatelolco, <a title=\"Reserva tu hotel en la ciudad de M\u00e9xico\" href=\"http:\/\/www.travelbymexico.com\/ciudaddemexico\/hoteles\" target=\"_blank\">Ciudad de M\u00e9xico<\/a>.<\/p>\n","protected":false},"excerpt":{"rendered":"<p>Organizado por CONACULTA CINE y Escritores Cinematogr\u00e1ficos El Garfio A.C. a trav\u00e9s del Instituto Mexicano de Cinematograf\u00eda, el II Encuentro<\/p>\n","protected":false},"author":2,"featured_media":14153,"comment_status":"closed","ping_status":"closed","sticky":false,"template":"","format":"standard","meta":[],"categories":[9,912],"tags":[5015,2363,305,5013,306,1349,5020,5016,5017,5019,5011,5012,5018,5014,4099,763,2003,5021,1208],"_links":{"self":[{"href":"https:\/\/www.travelbymexico.com\/blog\/wp-json\/wp\/v2\/posts\/14152"}],"collection":[{"href":"https:\/\/www.travelbymexico.com\/blog\/wp-json\/wp\/v2\/posts"}],"about":[{"href":"https:\/\/www.travelbymexico.com\/blog\/wp-json\/wp\/v2\/types\/post"}],"author":[{"embeddable":true,"href":"https:\/\/www.travelbymexico.com\/blog\/wp-json\/wp\/v2\/users\/2"}],"replies":[{"embeddable":true,"href":"https:\/\/www.travelbymexico.com\/blog\/wp-json\/wp\/v2\/comments?post=14152"}],"version-history":[{"count":4,"href":"https:\/\/www.travelbymexico.com\/blog\/wp-json\/wp\/v2\/posts\/14152\/revisions"}],"predecessor-version":[{"id":14173,"href":"https:\/\/www.travelbymexico.com\/blog\/wp-json\/wp\/v2\/posts\/14152\/revisions\/14173"}],"wp:featuredmedia":[{"embeddable":true,"href":"https:\/\/www.travelbymexico.com\/blog\/wp-json\/wp\/v2\/media\/14153"}],"wp:attachment":[{"href":"https:\/\/www.travelbymexico.com\/blog\/wp-json\/wp\/v2\/media?parent=14152"}],"wp:term":[{"taxonomy":"category","embeddable":true,"href":"https:\/\/www.travelbymexico.com\/blog\/wp-json\/wp\/v2\/categories?post=14152"},{"taxonomy":"post_tag","embeddable":true,"href":"https:\/\/www.travelbymexico.com\/blog\/wp-json\/wp\/v2\/tags?post=14152"}],"curies":[{"name":"wp","href":"https:\/\/api.w.org\/{rel}","templated":true}]}}