{"id":14146,"date":"2013-06-19T10:27:22","date_gmt":"2013-06-19T15:27:22","guid":{"rendered":"http:\/\/www.travelbymexico.com\/blog\/?p=14146"},"modified":"2013-06-18T15:23:39","modified_gmt":"2013-06-18T20:23:39","slug":"ix-cabalgata-turistica-revolucionaria-toma-de-zacatecas","status":"publish","type":"post","link":"https:\/\/www.travelbymexico.com\/blog\/14146-ix-cabalgata-turistica-revolucionaria-toma-de-zacatecas\/","title":{"rendered":"IX Cabalgata Tur\u00edstica Revolucionaria Toma de Zacatecas"},"content":{"rendered":"<h2>Rememorando la ruta trazada por la Divisi\u00f3n del Norte, en su tramo Calera-Morelos-Zacatecas, 800 jinetes de nueve entidades del estado de Zacatecas participar\u00e1n en la Novena Cabalgata Tur\u00edstica Toma de Zacatecas &#8220;Rumbo al Centenario de la Batalla de Zacatecas&#8221;.<\/h2>\n<h3>Novena Cabalgata Tur\u00edstica Toma de Zacatecas &#8220;Rumbo al Centenario de la Batalla de Zacatecas&#8221;<\/h3>\n<p>Organizada por el Gobierno del Estado, las secretar\u00edas de Turismo y del Campo, el Instituto Zacatecano de Cultura &#8220;Ram\u00f3n L\u00f3pez Velarde&#8221;, las autoridades de los ayuntamientos de Calera, Morelos y Zacatecas, as\u00ed como la Asociaci\u00f3n de Cabalgantes del Estado, la <strong>IX Cabalgata Tur\u00edstica<\/strong> se llevar\u00e1 a cabo del jueves 20 al s\u00e1bado 22 de junio de 2013, en el marco de la celebraci\u00f3n del <strong>99 Aniversario de la Toma de Zacatecas<\/strong>.<\/p>\n<h3>Un desfile hist\u00f3rico<\/h3>\n<p>Conformada por ocho cientos de jinetes vestidos a la usanza revolucionaria y por las tradicionales Adelitas, \u00e9sta cabalgata tur\u00edstica, deportiva, cultural e hist\u00f3rica, rememora a la gesta heroica <strong>Toma de Zacatecas<\/strong> que tuvo lugar el <strong>23 de junio de 1914<\/strong>.<\/p>\n<h3>El recorrido<\/h3>\n<p><em>Municipio de Calera &#8211; Rancho San Pablo &#8211; Morelos &#8211; Las Pilas &#8211; Hacienda Nueva &#8211; Mina &#8220;El Bote&#8221; &#8211; Centro Hist\u00f3rico de la Ciudad de Zacatecas &#8211; Cerro de la Bufa.<\/em><\/p>\n<p>En su recorrido que iniciar\u00e1 el jueves 20 de junio de 2013 en Calera, municipio situado en la regi\u00f3n central del Estado de Zacatecas, la comitiva pasar\u00e1 por varias comunidades del Estado antes de llegar el 22 de junio de 2013 a las calles del <a title=\"Conoce los Atractivos Tur\u00edsticos de la Ciudad de Zacatecas\" href=\"http:\/\/www.travelbymexico.com\/zacatecas\/atractivos\" target=\"_blank\">Centro Hist\u00f3rico de la Ciudad de Zacatecas<\/a>, siendo su destino final la Explanada del Cerro de la Bufa en donde los jinetes desfilar\u00e1n frente a las esculturas ecuestres de los principales generales que participaron en la Toma de Zacatecas:\u00a0 <strong>Francisco Villa<\/strong>, <strong>P\u00e1nfilo Natera<\/strong> y <strong>Felipe \u00c1ngeles<\/strong>, inmortalizados en las esculturas ecuestres de la Plaza de la Revoluci\u00f3n.<\/p>\n<h3>Programa de la IX Cabalgata Revolucionaria, del 20 al 22 de junio de 2013<\/h3>\n<h3>Jueves 20 de junio de 2013<\/h3>\n<p><strong>Inauguraci\u00f3n<\/strong> &#8211; 19:30 has.<br \/>\nEn el Polideportivo de Calera de V\u00edctor Rosales, Zac.<\/p>\n<h3>Viernes 21 de junio de 2013<\/h3>\n<p>9:00 hrs. &#8211; <strong>Misa<\/strong> en el Polideportivo de Calera de V\u00edctor Rosales, Zac.<br \/>\n10:00 a 16:00 hrs. &#8211; <strong>Cabalgata al Municipio de Morelos, Zac<\/strong>.<br \/>\n18:00 hrs. &#8211; <strong>Comida<\/strong> en la Unidad Deportiva del Municipio de Morelos, Zac.<\/p>\n<h3>S\u00e1bado 22 de junio de 2013<\/h3>\n<p>9:00 hrs. &#8211; <strong>Organizaci\u00f3n del contingente<\/strong> en la Unidad Deportiva del Municipio de Morelos, Zac<br \/>\n9:30 hrs. &#8211; <strong>Salida a Zacatecas<\/strong>.<br \/>\nPasando por Las Pilas, Hacienda Nueva, Mina del Bote, Blvd. H\u00e9roes de Chapultepec.<\/p>\n<p>12:30 hrs. <strong>Inicio del Desfile por el Centro Hist\u00f3rico de Zacatecas<\/strong><br \/>\nDesde la Estaci\u00f3n de Ferrocarriles hasta el Cerro de La Bufa.<\/p>\n<p>14:30 hrs. <strong>Acto protocolario<\/strong> en la <strong>Plaza de la Revoluci\u00f3n<\/strong> (Explanada del Cerro de la Bufa.)<\/p>\n<p>15:45 hrs. <strong>Comida y rifas<\/strong> en el Domo de la Feria.<\/p>\n<h3>Enlaces<\/h3>\n<p><strong><a title=\"Reserva tu hotel en la ciudad de Zacatecas\" href=\"http:\/\/www.travelbymexico.com\/zacatecas\/hoteles\" target=\"_blank\">Reserva tu hotel en la ciudad de Zacatecas, M\u00e9xico.<\/a><\/strong><\/p>\n<p><strong><a title=\"Plaza de la Revoluci\u00f3n en el Cerro de la Bufa. Fotos, rese\u00f1a y mapa de ubicaci\u00f3n\" href=\"http:\/\/www.travelbymexico.com\/zacatecas\/atractivos\/index.php?nom=kzacplazarev&amp;don=5\" target=\"_blank\">Plaza de la Revoluci\u00f3n<\/a> <\/strong>en la Explanada del Cerro de la Bufa (Rese\u00f1a, y fotos de las Estatuas ecuestres de los generales Francisco Villa, P\u00e1nfilo Natera y Felipe \u00c1ngeles, del Templo del Patrocinio, del Cerro de la Bufa.)<\/p>\n<p><strong><a title=\"Museo Toma de Zacatecas ubicado en el Cerro de la Bufa\" href=\"http:\/\/www.travelbymexico.com\/zacatecas\/atractivos\/index.php?nom=kzacmustoma&amp;don=5\" target=\"_blank\">Museo Toma de Zacatecas<\/a><\/strong> (Rese\u00f1a, fotograf\u00edas y mapa de ubicaci\u00f3n)<\/p>\n","protected":false},"excerpt":{"rendered":"<p>Rememorando la ruta trazada por la Divisi\u00f3n del Norte, en su tramo Calera-Morelos-Zacatecas, 800 jinetes de nueve entidades del estado<\/p>\n","protected":false},"author":2,"featured_media":14147,"comment_status":"closed","ping_status":"closed","sticky":false,"template":"","format":"standard","meta":[],"categories":[36,912],"tags":[1446,1443,5009,285,331,5008,1447,1445,895,2556,5007,1094,1444,5010],"_links":{"self":[{"href":"https:\/\/www.travelbymexico.com\/blog\/wp-json\/wp\/v2\/posts\/14146"}],"collection":[{"href":"https:\/\/www.travelbymexico.com\/blog\/wp-json\/wp\/v2\/posts"}],"about":[{"href":"https:\/\/www.travelbymexico.com\/blog\/wp-json\/wp\/v2\/types\/post"}],"author":[{"embeddable":true,"href":"https:\/\/www.travelbymexico.com\/blog\/wp-json\/wp\/v2\/users\/2"}],"replies":[{"embeddable":true,"href":"https:\/\/www.travelbymexico.com\/blog\/wp-json\/wp\/v2\/comments?post=14146"}],"version-history":[{"count":5,"href":"https:\/\/www.travelbymexico.com\/blog\/wp-json\/wp\/v2\/posts\/14146\/revisions"}],"predecessor-version":[{"id":14157,"href":"https:\/\/www.travelbymexico.com\/blog\/wp-json\/wp\/v2\/posts\/14146\/revisions\/14157"}],"wp:featuredmedia":[{"embeddable":true,"href":"https:\/\/www.travelbymexico.com\/blog\/wp-json\/wp\/v2\/media\/14147"}],"wp:attachment":[{"href":"https:\/\/www.travelbymexico.com\/blog\/wp-json\/wp\/v2\/media?parent=14146"}],"wp:term":[{"taxonomy":"category","embeddable":true,"href":"https:\/\/www.travelbymexico.com\/blog\/wp-json\/wp\/v2\/categories?post=14146"},{"taxonomy":"post_tag","embeddable":true,"href":"https:\/\/www.travelbymexico.com\/blog\/wp-json\/wp\/v2\/tags?post=14146"}],"curies":[{"name":"wp","href":"https:\/\/api.w.org\/{rel}","templated":true}]}}