{"id":14114,"date":"2013-06-12T20:45:58","date_gmt":"2013-06-13T01:45:58","guid":{"rendered":"http:\/\/www.travelbymexico.com\/blog\/?p=14114"},"modified":"2013-06-12T20:45:58","modified_gmt":"2013-06-13T01:45:58","slug":"japon-en-manzanillo-a-partir-del-17-de-junio-de-2013","status":"publish","type":"post","link":"https:\/\/www.travelbymexico.com\/blog\/14114-japon-en-manzanillo-a-partir-del-17-de-junio-de-2013\/","title":{"rendered":"Jap\u00f3n en Manzanillo, a partir del 17 de junio de 2013"},"content":{"rendered":"<h2>Para celebrar la Vig\u00e9sima visita del Escuadr\u00f3n de Entrenamiento de la Fuerza Mar\u00edtima de Autodefensa de Jap\u00f3n al Puerto de Manzanillo, el Instituto Municipal de la Cultura organizar\u00e1 del 17 de junio al 10 de julio de 2013 una serie de eventos y actividades. Los nav\u00edos,\u00a0dos Buque-Escuela y un Destructor, permanecer\u00e1n en el puerto hasta el 19 de junio.<\/h2>\n<p>En el marco de la XX\u00aa visita del <strong>Escuadr\u00f3n de Entrenamiento de la Fuerza Mar\u00edtima de Autodefensa de Jap\u00f3n<\/strong> a la ciudad portuaria de <a title=\"Gu\u00eda Tur\u00edstica de Manzanillo: hoteles, atractivos tur\u00edsticos, videos, fotos, reportajes, mapas, etc.\" href=\"http:\/\/www.travelbymexico.com\/manzanillo\" target=\"_blank\">Manzanillo<\/a>, el <strong>Instituto Municipal de la Cultura<\/strong> te invita del 17 al 19 de junio de 2013 a asistir a una serie de <strong>eventos<\/strong>, entre ellos una exposici\u00f3n acerca de los atractivos tur\u00edsticos de la regi\u00f3n de Tohoku, una de las zonas m\u00e1s afectadas por el terremoto y tsunami de marzo 2011; otra sobre <strong>Hasekura Tsunenaga<\/strong>,<strong> <\/strong>el primer oficial japon\u00e9s enviado a Am\u00e9rica; un <strong>concierto<\/strong> a cargo de la banda del escuadr\u00f3n; exposici\u00f3n de juguetes tradicionales, proyecci\u00f3n de <strong>v\u00eddeos documentales<\/strong>, y visita a uno de los dos Buque-Escuela japoneses.<\/p>\n<h3>Los nav\u00edos<\/h3>\n<p>Buque-Escuela Kashima<br \/>\nBuque-Escuela Shirayuki<br \/>\nDestructor Isoyuki.<\/p>\n<h3>Programa de eventos &#8220;Jap\u00f3n en Manzanillo 2013&#8221;<\/h3>\n<h3><strong>Lunes 17 de Junio de 2013\u00a0<\/strong><\/h3>\n<p><strong>Inauguraci\u00f3n de *Exposiciones<\/strong><br \/>\n<em>15:45 hrs. Avenida Ju\u00e1rez No.236 Colonia Centro, Manzanillo.<\/em><\/p>\n<p><em><span style=\"text-decoration: underline;\">*Estas tres exposiciones estar\u00e1n disponibles hasta el 10 de julio de 2013.<\/span><\/em><\/p>\n<p><strong>Exposici\u00f3n Fotogr\u00e1fica &#8220;Atractivos de *Tohoku&#8221;<\/strong><\/p>\n<p>Tohoku es una regi\u00f3n constituida por 6 prefecturas (Akita, Aomori, Fukushima, Iwate, Miyagi, Yamagata).<br \/>\nEsta zona fue una de las m\u00e1s afectadas durante el terremoto del 11 de marzo de 2011.<\/p>\n<p>Esta exposici\u00f3n abordar\u00e1 los siguientes temas: Festivales, Paisajes, Artesan\u00edas Tradicionales, Ciencia y Tecnolog\u00eda, Comidas regionales, Arquitectura y Aguas Termales.<\/p>\n<p><strong>&#8220;Hasekura Tsunenaga&#8221;<\/strong><\/p>\n<p>Hasekura Tsunenaga fue un samur\u00e1i japon\u00e9s que dirigi\u00f3 una misi\u00f3n diplom\u00e1tica a Nueva Espa\u00f1a y luego a Europa entre 1613 y 1620. Fue el primer oficial japon\u00e9s enviado a Am\u00e9rica.<\/p>\n<p><strong>Juguetes Tradicionales de Jap\u00f3n.\u00a0<\/strong><\/p>\n<p><strong>Proyecci\u00f3n de<\/strong> <strong>v\u00eddeos documentales<\/strong><\/p>\n<h3>Martes 18 de Junio de 2013<\/h3>\n<p><strong>Visita de uno de los buques del escuadr\u00f3n<\/strong><br \/>\n<em>2 horarios diferentes: de 9:00 a 11:00 hrs y de 14:00 a 16:00 hrs.<\/em><\/p>\n<p><strong>Concierto<\/strong><\/p>\n<p>de la Banda del Escuadr\u00f3n de Entrenamiento de la Fuerza Mar\u00edtima de Autodefensa de Jap\u00f3n.<br \/>\n<em>A las 20:00 horas en la Explanada Ju\u00e1rez<\/em>.<\/p>\n<p><strong><a title=\"Reserva tu hotel en la ciudad de Manzanillo, Colima\" href=\"http:\/\/www.travelbymexico.com\/manzanillo\/hoteles\" target=\"_blank\">Reserva un hotel en la ciudad de Manzanillo, Colima. M\u00e9xico <\/a><\/strong><\/p>\n<p>&nbsp;<\/p>\n","protected":false},"excerpt":{"rendered":"<p>Para celebrar la Vig\u00e9sima visita del Escuadr\u00f3n de Entrenamiento de la Fuerza Mar\u00edtima de Autodefensa de Jap\u00f3n al Puerto de<\/p>\n","protected":false},"author":2,"featured_media":14115,"comment_status":"closed","ping_status":"closed","sticky":false,"template":"","format":"standard","meta":[],"categories":[36],"tags":[4969,3069,4970,509,4971,4956,4974,1348,4975,4972,780,4973,2531,2532],"_links":{"self":[{"href":"https:\/\/www.travelbymexico.com\/blog\/wp-json\/wp\/v2\/posts\/14114"}],"collection":[{"href":"https:\/\/www.travelbymexico.com\/blog\/wp-json\/wp\/v2\/posts"}],"about":[{"href":"https:\/\/www.travelbymexico.com\/blog\/wp-json\/wp\/v2\/types\/post"}],"author":[{"embeddable":true,"href":"https:\/\/www.travelbymexico.com\/blog\/wp-json\/wp\/v2\/users\/2"}],"replies":[{"embeddable":true,"href":"https:\/\/www.travelbymexico.com\/blog\/wp-json\/wp\/v2\/comments?post=14114"}],"version-history":[{"count":2,"href":"https:\/\/www.travelbymexico.com\/blog\/wp-json\/wp\/v2\/posts\/14114\/revisions"}],"predecessor-version":[{"id":14117,"href":"https:\/\/www.travelbymexico.com\/blog\/wp-json\/wp\/v2\/posts\/14114\/revisions\/14117"}],"wp:featuredmedia":[{"embeddable":true,"href":"https:\/\/www.travelbymexico.com\/blog\/wp-json\/wp\/v2\/media\/14115"}],"wp:attachment":[{"href":"https:\/\/www.travelbymexico.com\/blog\/wp-json\/wp\/v2\/media?parent=14114"}],"wp:term":[{"taxonomy":"category","embeddable":true,"href":"https:\/\/www.travelbymexico.com\/blog\/wp-json\/wp\/v2\/categories?post=14114"},{"taxonomy":"post_tag","embeddable":true,"href":"https:\/\/www.travelbymexico.com\/blog\/wp-json\/wp\/v2\/tags?post=14114"}],"curies":[{"name":"wp","href":"https:\/\/api.w.org\/{rel}","templated":true}]}}