{"id":14004,"date":"2013-05-27T17:45:35","date_gmt":"2013-05-27T22:45:35","guid":{"rendered":"http:\/\/www.travelbymexico.com\/blog\/?p=14004"},"modified":"2013-05-27T17:56:55","modified_gmt":"2013-05-27T22:56:55","slug":"feria-de-las-culturas-amigas-2013-en-mexico-d-f","status":"publish","type":"post","link":"https:\/\/www.travelbymexico.com\/blog\/14004-feria-de-las-culturas-amigas-2013-en-mexico-d-f\/","title":{"rendered":"Feria de Las Culturas Amigas 2013 en M\u00e9xico D.F."},"content":{"rendered":"<h2>Magna muestra gastron\u00f3mica, cultural, artesanal y comercial que cuenta este a\u00f1o con <span style=\"text-decoration: underline;\">80 pa\u00edses expositores<\/span>, la 5\u00aa edici\u00f3n del la Feria de las Culturas Amigas &#8211; &#8220;El mundo en tu ciudad&#8221;, se celebrar\u00e1 del s\u00e1bado 25 de mayo al domingo 9 de junio de 2013 en el Paseo de la Reforma de la <a title=\"Reserva un hotel en la ciudad de M\u00e9xico\" href=\"http:\/\/www.travelbymexico.com\/ciudaddemexico\/hoteles\" target=\"_blank\">ciudad de M\u00e9xico<\/a>.<\/h2>\n<h3>5\u00aa Feria de las Culturas Amigas 2013 en la Avenida Reforma, M\u00e9xico D.F.<\/h3>\n<p><strong>del 25 de mayo al 09 de junio de 2013.<\/strong><br \/>\nHorario:\u00a0 12:00 a 20:00 hrs. (viernes, s\u00e1bado y domingo)<\/p>\n<p>A continuaci\u00f3n, descubre las <strong>ubicaciones de los stands de los 80 pa\u00edses<\/strong> participantes, que, instalados a lo largo de la Avenida Reforma ofrecer\u00e1n <span style=\"text-decoration: underline;\">del 25 de mayo al 9 de junio de 2013<\/span> informaci\u00f3n tur\u00edstica, as\u00ed como muestras de su cultura con:<\/p>\n<p><strong>&#8211; expo venta de productos gastron\u00f3micos y artesanales, <\/strong><\/p>\n<p><strong>&#8211; exhibici\u00f3n de artes marciales<\/strong><br \/>\n<strong>&#8211; talleres de cine (stand de Francia)<\/strong><br \/>\n<strong>&#8211; eventos art\u00edsticos, <\/strong><br \/>\n<strong>&#8211; y exposiciones fotogr\u00e1ficas. <\/strong><\/p>\n<p>Asimismo, te proporcionamos la <strong>cartelera de eventos<\/strong> por realizarse en el <strong>Foro Art\u00edstico<\/strong> de la feria los d\u00edas viernes, s\u00e1bado y domingo.<\/p>\n<h3>Programa de Eventos en el Foro Art\u00edstico<\/h3>\n<p><strong>Ubicaci\u00f3n<\/strong>: Calzada de la Juventud Heroica, entre el monumento a los Ni\u00f1os H\u00e9roes y la Puerta de los Leones en la primera secci\u00f3n del <a title=\"Bosque y Lagos de Chapultepec, Ciudad de M\u00e9xico.\" href=\"http:\/\/www.travelbymexico.com\/blog\/12879-chapultepec-zona-de-lagos-2\" target=\"_blank\">Bosque de Chapultepec<\/a>.<\/p>\n<p>Fechas: 25 de mayo al 09 de junio de 2013 (<span style=\"text-decoration: underline;\">de viernes a domingo<\/span> a partir del 26 de mayo)<br \/>\nde 12:00 a 20:00 hrs.<\/p>\n<h3>Viernes 31 de mayo de 2013<\/h3>\n<p>13:00\u00a0\u00a0 Adriana Smith DJ \/ M\u00fasica \/ Brasil<br \/>\n14:00\u00a0\u00a0 Muay\u00a0 \/ Box thai\/ Tailandia<br \/>\n15:00\u00a0\u00a0 The Jabula Project \/ M\u00fasica \/ Sud\u00e1frica<br \/>\n16:00\u00a0\u00a0 Maestro Celso Duarte y Familia\/ M\u00fasica \/ Paraguay<br \/>\n17:00\u00a0\u00a0 Aires Argentinos con\u00a0 Mar\u00eda In\u00e9s Montilla \/ M\u00fasica \/ Argentina<br \/>\n18:00\u00a0\u00a0 Filhos Da Nacao \/ M\u00fasica y Danza \/\u00a0 Portugal<br \/>\n19:00\u00a0\u00a0 Compa\u00f1\u00eda &#8220;La Cuna del Swing&#8221; \/ M\u00fasica \/ Costa Rica.<\/p>\n<h3>S\u00e1bado 01 de junio de 2013<\/h3>\n<p>12:30\u00a0\u00a0 Amanecer Ecuatoriano \/ Danza \/ Ecuador<br \/>\n13:30\u00a0\u00a0 Basilio Mavridis \/ M\u00fasica \/ Grecia<br \/>\n14:30\u00a0\u00a0 Saburo Iida\/ M\u00fasica\/ Jap\u00f3n<br \/>\n15:30\u00a0\u00a0 Cuerda de Tambores &#8220;Cruz del Sur&#8221; \/ M\u00fasica \/ Uruguay<br \/>\n16:30\u00a0\u00a0 Intermedio<br \/>\n17:00\u00a0\u00a0 Tango Vivo \/ M\u00fasica \/ M\u00e9xico<br \/>\n18:00\u00a0\u00a0 <strong>Astrid Haddad<\/strong>\u00a0 \/ M\u00fasica\/\u00a0 M\u00e9xico<br \/>\n19:00\u00a0\u00a0 <strong>Eugenia Le\u00f3n<\/strong>\u00a0 \/ M\u00fasica \/ M\u00e9xico.<\/p>\n<h3>Domingo 02 de junio de 2013<\/h3>\n<p>12:30\u00a0\u00a0 Conjunto Art\u00edstico de Cachimex \/ M\u00fasica \/ China<br \/>\n14:00\u00a0\u00a0 Hollving Argaez Piza\u00f1a &amp; Llyas Hussain Khan \/ M\u00fasica\/ India<br \/>\n15:00\u00a0\u00a0 Samulnori \/ Danza \/ Corea del Sur<br \/>\n16:00\u00a0\u00a0 Wryakito \/ Danza \/ Panam\u00e1<br \/>\n17:00\u00a0\u00a0 Fantas\u00eda Rusa \/ Circense \/ Rusia<br \/>\n18:00\u00a0\u00a0 Grupo &#8220;Topete y la Trova Cubana&#8221; \/ M\u00fasica \/\u00a0 Cuba<br \/>\n19:00\u00a0\u00a0\u00a0 <strong>Jenny &amp; The Mexicats<\/strong> \/ M\u00fasica \/ Reino Unido.<\/p>\n<h3>Viernes 07 de junio de 2013<\/h3>\n<p>13:00\u00a0\u00a0 Marimba &#8220;Hannibal Reyes&#8221; \/ M\u00fasica \/ Guatemala<br \/>\n14:00\u00a0\u00a0 \u201cFogo Ensemble\u201d Un viaje por Europa a trav\u00e9s de la m\u00fasica \/ M\u00fasica \/ Uni\u00f3n Europea<br \/>\n15:00\u00a0\u00a0 Folklor Liban\u00e9s \/ M\u00fasica \/ L\u00edbano<br \/>\n16:00\u00a0\u00a0 Chris Arundhati \/ M\u00fasica \/ Portugal<br \/>\n17:00\u00a0\u00a0 Batall\u00f3n de San Patricio \/ M\u00fasica \/ Irlanda<br \/>\n18:00\u00a0\u00a0 Estampas Bolivianas \/ M\u00fasica y Danza \/ Bolivia<br \/>\n19:00\u00a0\u00a0 Grupo &#8220;Yura Santo Negro&#8221; \/ M\u00fasica \/ Honduras.<\/p>\n<h3>S\u00e1bado 08 de junio de 2013<\/h3>\n<p>12:30\u00a0\u00a0 Folklore Boliviano \/ M\u00fasica y Danza \/ Bolivia<br \/>\n13:30\u00a0\u00a0 Agapimou de Comhelmex \/ Danza \/ Grecia<br \/>\n14:30\u00a0\u00a0 Desde el Harem \/ Danza \/ Argelia<br \/>\n15:30\u00a0\u00a0 Grupo de Danza\/ Danza \/ Marruecos<br \/>\n16:00\u00a0\u00a0\u00a0 Rhaleb Saber \/ M\u00fasica \/ Marruecos<br \/>\n16:30\u00a0\u00a0 Intermedio<br \/>\n17:00\u00a0\u00a0 Maripaz Cobarrubias \/ Tablao Flamenco \/ M\u00e9xico<br \/>\n18:00\u00a0\u00a0 Mono Blanco\u00a0 \/ M\u00fasica\/\u00a0 M\u00e9xico<br \/>\n19:00\u00a0\u00a0 <strong>La Internacional Sonora Santanera<\/strong>\u00a0 \/ M\u00fasica \/ M\u00e9xico.<\/p>\n<h3>Domingo 09 de junio de 2013<\/h3>\n<p>12:00\u00a0\u00a0 Los Yupanqui y\u00a0 Danza Wasi del Per\u00fa \/ M\u00fasica y danza \/ Per\u00fa<br \/>\n14:00\u00a0\u00a0 Compa\u00f1\u00eda &#8220;Viva Flamenco&#8221; \/ Danza \/ Espa\u00f1a<br \/>\n15:00\u00a0\u00a0 Wadaiko\u00a0 y\/o Ryukykoku\u00a0 Matsuri Daiko M\u00e9xico Shibu (Tambores de Okinawa) \/\u00a0 M\u00fasica\/ Jap\u00f3n<br \/>\n16:00\u00a0\u00a0 Cuerdas in Crescendo \/ M\u00fasica \/ Venezuela<br \/>\n17:00\u00a0\u00a0 Ballet Folkl\u00f3rico &#8220;Wryaquito&#8221;\u00a0 \/ Danza \/ Guatemala<br \/>\n18:00\u00a0\u00a0 Saggar Seni Pakoeningbrat \/ Danza \/\u00a0 Indonesia<br \/>\n19:00\u00a0\u00a0 Impacto Colombiano \/ M\u00fasica \/ Colombia.<\/p>\n<h3><span style=\"text-decoration: underline;\">Pa\u00edses expositores<\/span> en la Feria de las Culturas Amigas 2013<\/h3>\n<p><em><span style=\"text-decoration: underline;\">Recorrido desde &#8220;Los Leones&#8221; (Estela de Luz) hasta Avenida Insurgentes.\u00a0<\/span> <\/em><\/p>\n<p><a class=\"galeria izquierda\" title=\"Stands de Paises invitados Feria Culturas Amigas 2013 \" href=\"http:\/\/www.travelbymexico.com\/blog\/imgBase\/2013\/05\/54.jpg\"><img loading=\"lazy\" alt=\"Stands de Paises invitados Feria Culturas Amigas 2013 \" src=\"http:\/\/www.travelbymexico.com\/blog\/imgBase\/2013\/05\/54-320x240.jpg\" width=\"320\" height=\"240\" \/><\/a><\/p>\n<p><strong>ESTELA DE LUZ<\/strong><br \/>\nB\u00e9lgica<br \/>\nPa\u00edses Bajos<br \/>\nEspa\u00f1a<br \/>\nCroacia<br \/>\nFinlandia<br \/>\nFrancia<br \/>\nUni\u00f3n Europea<br \/>\nRep\u00fablica Checa<br \/>\nGrecia<br \/>\nReino Unido<br \/>\nIrlanda<br \/>\nSerbia<br \/>\nSuiza<\/p>\n<p><strong>TORRE MAYO<\/strong><br \/>\nAngola<br \/>\nSud\u00e1frica<br \/>\nT\u00fanez<br \/>\nEgipto<br \/>\nSenegal<br \/>\nArgelia<br \/>\nRep. \u00c1rabe de Saharaui<br \/>\nCamer\u00fan<br \/>\nLibia<br \/>\nNigeria<br \/>\nCosta de Marf\u00edl (C\u00f4te d&#8217;Ivoire)<\/p>\n<p><strong>FUENTE DE LA DIANA CAZADORA<\/strong><br \/>\nBolivia<br \/>\nGuatemala<br \/>\nEcuador<br \/>\nCosta Rica<br \/>\nColombia<br \/>\nPanam\u00e1<br \/>\nCuba<br \/>\nPer\u00fa<br \/>\nSalvador<br \/>\nHungr\u00eda<br \/>\nGeorgia<br \/>\nAlemania<br \/>\nIsrael<br \/>\nPortugal<br \/>\nUcrania<br \/>\nRusia<br \/>\nNueva Zelanda<br \/>\nAustralia<br \/>\nTurqu\u00eda<br \/>\nTailandia.<\/p>\n<p><a class=\"galeria izquierda\" title=\"Stands de pa\u00edses invitados Feria Culturas Amigas 2013 entre Angel Independencia y Av. Insurgentes\" href=\"http:\/\/www.travelbymexico.com\/blog\/imgBase\/2013\/05\/551.jpg\"><img loading=\"lazy\" alt=\"Stands de pa\u00edses invitados Feria Culturas Amigas 2013 entre Angel Independencia y Av. Insurgentes\" src=\"http:\/\/www.travelbymexico.com\/blog\/imgBase\/2013\/05\/551-320x240.jpg\" width=\"320\" height=\"240\" \/><\/a><\/p>\n<p><a title=\"Acerca del Monumento Angel de la Independencia en la ciudad de M\u00e9xico\" href=\"http:\/\/www.travelbymexico.com\/blog\/10807-el-angel-de-la-independencia-en-la-ciudad-de-mexico\" target=\"_blank\"><strong>ANGEL DE LA INDEPENDENCIA<\/strong> <\/a><br \/>\nCorea del Norte<br \/>\nChina<br \/>\nBangladesh<br \/>\nIndonesia<br \/>\nIndia<br \/>\nFilipinas<br \/>\nJap\u00f3n<br \/>\nSri Lanka<br \/>\nCorea del Sur<br \/>\nLaos<br \/>\nNepal<br \/>\nComit\u00e9 Organizador de la Feria de las Culturas Amigas<br \/>\nEstados Unidos<br \/>\nAm\u00e9rica<br \/>\nParaguay<br \/>\nChile<\/p>\n<p><strong>LA PALMA<\/strong><br \/>\nMalasia<br \/>\nVietnam<br \/>\nPakist\u00e1n<br \/>\nIr\u00e1n<br \/>\nPalestina<br \/>\nIrak<br \/>\n<em>&#8211; PGJ D.F. \/ SSP<\/em><br \/>\nMarruecos<br \/>\nArabia Saudita<br \/>\nL\u00edbano<br \/>\nEmiratos \u00c1rabes<br \/>\nKuwait<br \/>\nJordania<br \/>\nSiria<\/p>\n<p>Argentina<br \/>\nHonduras<br \/>\nBrasil<br \/>\nNicaragua<br \/>\nHa\u00edti<br \/>\nVenezuela<br \/>\nBelice<br \/>\n<em>SERVICIO M\u00c9DICO <\/em><br \/>\n<em>CANACO<\/em>.<\/p>\n<p><a title=\"Reserva un hotel en la ciudad de M\u00e9xico\" href=\"http:\/\/www.travelbymexico.com\/ciudaddemexico\/hoteles\" target=\"_blank\">Reserva tu hotel en la ciudad de M\u00e9xico. <\/a><\/p>\n<p>&nbsp;<\/p>\n","protected":false},"excerpt":{"rendered":"<p>Magna muestra gastron\u00f3mica, cultural, artesanal y comercial que cuenta este a\u00f1o con 80 pa\u00edses expositores, la 5\u00aa edici\u00f3n del la<\/p>\n","protected":false},"author":2,"featured_media":14005,"comment_status":"closed","ping_status":"closed","sticky":false,"template":"","format":"standard","meta":[],"categories":[36,912],"tags":[2938,4837,1964,318,2467,4839,4838,2792,4834,466,4512,485,508,4833,4832,4836,4249,1480,4835],"_links":{"self":[{"href":"https:\/\/www.travelbymexico.com\/blog\/wp-json\/wp\/v2\/posts\/14004"}],"collection":[{"href":"https:\/\/www.travelbymexico.com\/blog\/wp-json\/wp\/v2\/posts"}],"about":[{"href":"https:\/\/www.travelbymexico.com\/blog\/wp-json\/wp\/v2\/types\/post"}],"author":[{"embeddable":true,"href":"https:\/\/www.travelbymexico.com\/blog\/wp-json\/wp\/v2\/users\/2"}],"replies":[{"embeddable":true,"href":"https:\/\/www.travelbymexico.com\/blog\/wp-json\/wp\/v2\/comments?post=14004"}],"version-history":[{"count":3,"href":"https:\/\/www.travelbymexico.com\/blog\/wp-json\/wp\/v2\/posts\/14004\/revisions"}],"predecessor-version":[{"id":14007,"href":"https:\/\/www.travelbymexico.com\/blog\/wp-json\/wp\/v2\/posts\/14004\/revisions\/14007"}],"wp:featuredmedia":[{"embeddable":true,"href":"https:\/\/www.travelbymexico.com\/blog\/wp-json\/wp\/v2\/media\/14005"}],"wp:attachment":[{"href":"https:\/\/www.travelbymexico.com\/blog\/wp-json\/wp\/v2\/media?parent=14004"}],"wp:term":[{"taxonomy":"category","embeddable":true,"href":"https:\/\/www.travelbymexico.com\/blog\/wp-json\/wp\/v2\/categories?post=14004"},{"taxonomy":"post_tag","embeddable":true,"href":"https:\/\/www.travelbymexico.com\/blog\/wp-json\/wp\/v2\/tags?post=14004"}],"curies":[{"name":"wp","href":"https:\/\/api.w.org\/{rel}","templated":true}]}}