{"id":13992,"date":"2013-05-24T18:54:27","date_gmt":"2013-05-24T23:54:27","guid":{"rendered":"http:\/\/www.travelbymexico.com\/blog\/?p=13992"},"modified":"2013-05-24T18:55:53","modified_gmt":"2013-05-24T23:55:53","slug":"feria-nacional-del-queso-y-el-vino-2013-en-tequisquiapan","status":"publish","type":"post","link":"https:\/\/www.travelbymexico.com\/blog\/13992-feria-nacional-del-queso-y-el-vino-2013-en-tequisquiapan\/","title":{"rendered":"Feria Nacional del Queso y el Vino 2013 en Tequisquiapan"},"content":{"rendered":"<h2>Creada en 1976, la &#8220;Feria Nacional del Queso y el Vino Tequisquiapan, Quer\u00e9taro&#8221; se celebra cada a\u00f1o en el Jard\u00edn Miguel Hidalgo entre los meses de mayo y junio, presentando lo mejor de las casas vin\u00edcolas de la regi\u00f3n y, tambi\u00e9n, de algunas fincas nacionales e internacionales.<\/h2>\n<p><strong>Exposici\u00f3n de quesos y vinos<\/strong> producidos en la regi\u00f3n y en\u00a0otras zonas\u00a0 de M\u00e9xico, algunos importados de varios pa\u00edses de Europa y Sudam\u00e9rica,<strong> catas de vinos y quesos<\/strong>, conferencias, exposici\u00f3n de arte, talleres infantiles, presentaci\u00f3n de libros, eventos musicales de Tango, Flamenco, Jazz, Salsa Cubana, Trova, y conciertos de <strong>Armando Manzanero<\/strong> y <strong>Big Band Jazz de M\u00e9xico<\/strong>, <strong>Horacio Franco<\/strong>, <strong>Francisco C\u00e9spedes<\/strong>, <strong>Paco Renter\u00eda<\/strong>, <strong>R\u00edo Roma<\/strong>, <strong>Polka Madre<\/strong>, son unos de los eventos y actividades que te esperan en la &#8220;<strong>Feria Nacional del Queso y el Vino 2013<\/strong>&#8221; por realizarse <span style=\"text-decoration: underline;\">del 24 de mayo al 2 de junio<\/span> en <a title=\"Tequisquiapan, nuevo Pueblo M\u00e1gico de M\u00e9xico \" href=\"http:\/\/www.travelbymexico.com\/blog\/12919-tequisquiapan-nuevo-pueblo-magico-de-mexico\" target=\"_blank\">Tequisquiapan, Pueblo M\u00e1gico <\/a>de M\u00e9xico desde octubre de 2012.<\/p>\n<p><span style=\"text-decoration: underline;\"><strong>Adem\u00e1s, todos los d\u00edas los visitantes podr\u00e1n realizar:<\/strong><\/span><\/p>\n<p>Recorridos a la <strong>*<\/strong>Ruta del Queso y el Vino; Vuelos en Globo Aerost\u00e1tico; Vuelos en Ultraligero. (Reservaci\u00f3n con los Tour Operadores de la regi\u00f3n).<\/p>\n<h3>* La Ruta del Queso y el Vino<\/h3>\n<p>Esta famosa ruta es un<strong> paseo gastron\u00f3mico<\/strong>, cultural y recreativo que puedes contratar con diversas agencias a lo largo de todo el a\u00f1o; incluye visitas a los<strong> Vi\u00f1edos y Queser\u00edas<\/strong> que se extienden a trav\u00e9s del territorio del semidesierto queretano en los municipios de El Marqu\u00e9s, Ezequiel Montes, Tequisquiapan y Col\u00f3n.<br \/>\nLleno de colores y sabores, este recorrido despertar\u00e1 tus papilas gustativas y te ofrecer\u00e1 horas de deliciosa diversi\u00f3n siendo una experiencia que abarca no s\u00f3lo lugares, sino tradiciones, emoci\u00f3n, &#8220;savoir-faire&#8221; y pasi\u00f3n.<\/p>\n<h3>Programa de Eventos y Actividades<br \/>\nFeria Nacional del Queso y el Vino 2013 en Tequisquiapan<\/h3>\n<p><span style=\"text-decoration: underline;\">del 24 de mayo al 2 de junio. Parque La Pila de Tequisquiapan. de 12:00 a 22:30 horas.<\/span><\/p>\n<p><span style=\"text-decoration: underline;\"><strong>Boletos:<\/strong> <\/span>Costo de entrada, acceso a la Feria: $50.00 pesos por persona.<br \/>\nBoletos 2 X 1 los d\u00edas lunes 27, martes 28 y mi\u00e9rcoles 29 de mayo, solo en horario de 17:00 a 19:00 horas.<\/p>\n<h3>Viernes 24 de mayo de 2013<\/h3>\n<p>11:00 &#8211; 21:00 hrs. Inauguraci\u00f3n de la Exposici\u00f3n &#8220;ID&#8217;s Arte en Barrica&#8221; &#8211; Plaza Principal Miguel Hidalgo de Tequisquiapan.<br \/>\n13:00 hrs. Apertura de \u00e1rea de exposici\u00f3n de quesos y vinos.<br \/>\n16:00 hrs. Programa infantil, talleres para ni\u00f1os, shows.<br \/>\n17:00 hrs. Taller &#8220;Crea tu vino&#8221; &#8211; Sal\u00f3n de Catas $300 pesos.<br \/>\n19:00 hrs.. Presentaci\u00f3n del libro &#8220;Vinos y vi\u00f1edos del Centro de M\u00e9xico&#8221; &#8211; Sal\u00f3n de Catas (evento gratuito).<\/p>\n<p>20:30 hrs. Inauguraci\u00f3n oficial de la XXXI edici\u00f3n de la Feria Nacional del Queso y el Vino 2013.<br \/>\n21:00 hrs. Concierto de <strong>Armando Manzanero<\/strong> y <strong>Big Band Jazz de M\u00e9xico<\/strong>.<\/p>\n<h3>S\u00e1bado 25 de mayo de 2013<\/h3>\n<p>11:00 &#8211; 21:00 hrs. Exposici\u00f3n &#8220;ID&#8217;s Arte en Barrica&#8221;. Plaza Principal Miguel Hidalgo de Tequisquiapan.<br \/>\n12:00 hrs. Apertura de \u00e1rea de exposici\u00f3n de quesos y vinos.<br \/>\n12:00 hrs. Cata de Vinos &#8211; Sal\u00f3n de Catas $150 pesos.<br \/>\n12:00 hrs. Programa infantil, Danzas del Instituto Anglo Americano.<br \/>\n13:00 hrs. Tango.<br \/>\n14:00 hrs. Taller &#8220;Crea tu vino&#8221; &#8211; Sal\u00f3n de Catas $300 pesos.<br \/>\n15:00 hrs. Grupo de Cuerdas.<br \/>\n16:00 hrs. Cata de vinos L.A. Cetto y Chocolate K\u00faxtal.<br \/>\n17:00 hrs. Grupo de baile flamenco.<br \/>\n17:00 hrs. Taller de aromas y sensaciones del vino $150 pesos.<br \/>\n19:00 hrs. Concierto del flautista<strong> Horacio Franco<\/strong>.<\/p>\n<p>Domingo 26 de mayo de 2013<\/p>\n<p>8:00 hrs. <strong>Paseo Ciclista<\/strong> por los Vi\u00f1edos de la Ruta del Queso y el Vino (inscripci\u00f3n y salida desde el Jard\u00edn Principal).<br \/>\n11:00 &#8211; 21:00 hrs. Exposici\u00f3n &#8220;ID&#8217;s Arte en Barrica&#8221;. Plaza Principal Miguel Hidalgo de Tequisquiapan.<br \/>\n12:00 hrs. Apertura de \u00e1rea de exposici\u00f3n de quesos y vinos.<br \/>\n12:00 hrs. Conferencia &#8220;Comida Slow Food&#8221; &#8211; Sal\u00f3n de Catas.<br \/>\n12:30 hrs. Programa infantil, talleres para ni\u00f1os, shows, etc.<br \/>\n13:00 hrs. Cuarteto de Jazz.<br \/>\n14:00 hrs. Taller &#8220;Crea tu vino&#8221; &#8211; Sal\u00f3n de Catas $300 pesos.<br \/>\n15:00 hrs. Grupo Danza y Canto.<br \/>\n16:00 hrs. Cata de vinos Santo Tom\u00e1s &#8211; Sal\u00f3n de Catas $150 pesos.<br \/>\n17:00 hrs. Sentimientos de Tango.<br \/>\n18:00 hrs. Taller de los aromas y sentidos del vino $150 pesos.<br \/>\n19:00 hrs. Sonidos del Caribe (Cuba).<br \/>\n21:00 hrs. <strong>Banda Old Days &amp; Strings.<\/strong> Lo mejor de la m\u00fasica de los 70&#8217;s y 80&#8217;s.<\/p>\n<h3>Lunes 27 de mayo de 2013<\/h3>\n<p>11:00 &#8211; 21:00 hrs. Exposici\u00f3n &#8220;ID&#8217;s Arte en Barrica&#8221;. Plaza Principal Miguel Hidalgo de Tequisquiapan.<br \/>\n12:00 hrs. Apertura de \u00e1rea de exposici\u00f3n de quesos y vinos.<br \/>\n12:30 hrs. Instrumental.<br \/>\n15:00 hrs. Programa infantil.<br \/>\n17:00 hrs. Grupo de Jazz.<br \/>\n18:00 hrs. Cata de vinos y quesos &#8211; Sal\u00f3n de Catas $150 pesos.<br \/>\n19:00 hrs. <strong>Concurso de Aficionados al Canto<\/strong>, 1a. Fase.<\/p>\n<h3>Martes 28 de mayo de 2013<\/h3>\n<p>11:00 &#8211; 21:00 hrs. Exposici\u00f3n &#8220;ID&#8217;s Arte en Barrica&#8221;. Plaza Principal Miguel Hidalgo de Tequisquiapan.<br \/>\n12:00 hrs. Apertura de \u00e1rea de exposici\u00f3n de quesos y vinos.<br \/>\n12:30 hrs. Instrumental.<br \/>\n15:00 hrs. Programa infantil.<br \/>\n17:00 hrs. Bolero y Balada.<br \/>\n18:00 hrs. Cata de vinos y quesos &#8211; Sal\u00f3n de Catas $150 pesos.<br \/>\n19:00 hrs. Concurso de Baile en pareja &#8220;Salsa&#8221;.<br \/>\n21:00 hrs. <strong>M\u00fasica de Cuba para el mundo<\/strong> &#8211; Salsa Cubana.<\/p>\n<h3>Mi\u00e9rcoles 29 de mayo de 2013<\/h3>\n<p>11:00 &#8211; 21:00 hrs. Exposici\u00f3n &#8220;ID&#8217;s Arte en Barrica&#8221;. Plaza Principal Miguel Hidalgo de Tequisquiapan.<br \/>\n12:00 hrs. Apertura de \u00e1rea de exposici\u00f3n de quesos y vinos.<br \/>\n12:30 hrs. Instrumental.<br \/>\n13:00 hrs. Programa infantil.<br \/>\n15:00 hrs. Jazz y Blues.<br \/>\n17:00 hrs. Cata de vinos y quesos &#8211; Sal\u00f3n de Catas $150 pesos.<br \/>\n19:00 hrs. Concurso de de Aficionados al Canto, 2a. Fase.<br \/>\n21:00 hrs. <strong>Homenaje a Juan Gabriel (show imitaci\u00f3n)<\/strong> con <a title=\"El Mariachi, Patrimonio Cultural de la Humanidad\" href=\"http:\/\/www.travelbymexico.com\/blog\/10511-el-mariachi-ya-es-patrimonio-cultural-de-la-humanidad\" target=\"_blank\">Mariachi<\/a>.<\/p>\n<h3>Jueves 30 de mayo de 2013<\/h3>\n<p>11:00 &#8211; 21:00 hrs. Exposici\u00f3n &#8220;ID&#8217;s Arte en Barrica&#8221;. Plaza Principal Miguel Hidalgo de Tequisquiapan.<br \/>\n12:00 hrs. Apertura de \u00e1rea de exposici\u00f3n de quesos y vinos.<br \/>\n12:00 hrs. Instrumental.<br \/>\n15:00 hrs. Programa infantil.<br \/>\n17:00 hrs. Saxof\u00f3n M\u00e1gico.<br \/>\n18:00 hrs. Cata de vinos y quesos &#8211; Sal\u00f3n de Catas $150 pesos.<br \/>\n19:00 hrs. Balada ingl\u00e9s, espa\u00f1ol.<br \/>\n20:00 hrs. Velada musical y cena maridaje en el Restaurante La Quercia (Reservaciones 414 273 6211).<br \/>\n21:00 hrs. <strong>Grupo Polka Madre<\/strong>.<\/p>\n<h3>Viernes 31 de mayo de 2013<\/h3>\n<p>11:00 &#8211; 21:00 hrs. Exposici\u00f3n &#8220;ID&#8217;s Arte en Barrica&#8221;. Plaza Principal Miguel Hidalgo de Tequisquiapan.<br \/>\n12:00 hrs. Apertura de \u00e1rea de exposici\u00f3n de quesos y vinos.<br \/>\n12:30 hrs. Programa infantil.<br \/>\n13:00 hrs. Trova.<br \/>\n15:00 hrs. Saxof\u00f3n M\u00e1gico.<br \/>\n17:00 hrs. Guitarra Cl\u00e1sica.<br \/>\n19:00 hrs. Entre Jazz y m\u00e1s.<br \/>\n19:00 hrs. Conferencia &#8220;La cocina Queretana y el vino mexicano&#8221; (por el Conservatorio de Cocina Queretana) &#8211; Sal\u00f3n de Catas.<br \/>\n21:00 hrs. Concierto de <strong>Francisco C\u00e9spedes<\/strong>.<\/p>\n<h3>S\u00e1bado 1 de junio de 2013<\/h3>\n<p>11:00 &#8211; 21:00 hrs. Exposici\u00f3n &#8220;ID&#8217;s Arte en Barrica&#8221;. Plaza Principal Miguel Hidalgo de Tequisquiapan.<br \/>\n12:00 hrs. Apertura de \u00e1rea de exposici\u00f3n de quesos y vinos.<br \/>\n12:00 hrs. Cata de vinos &#8211; Sal\u00f3n de Catas $150 pesos.<br \/>\n12:30 hrs. Programa infantil.<br \/>\n13:00 hrs. Cuarteto de cuerdas.<br \/>\n14:00 hrs. Taller &#8220;Crea tu vino&#8221; &#8211; Sal\u00f3n de Catas $300 pesos.<br \/>\n15:00 hrs. Trova Latina.<br \/>\n16:00 hrs. Cata de vinos Cavas Freixenet &#8211; Sal\u00f3n de Catas $150 pesos.<br \/>\n17:00 hrs. Jazz.<br \/>\n18:00 hrs. Taller aromas y sensaciones del vino $150 pesos.<br \/>\n19:00 hrs. Carlos S\u00e1nchez (Baritono).<br \/>\n19:30 hrs. Presentaci\u00f3n del libro &#8220;Vinos y vi\u00f1edos del Centro de M\u00e9xico&#8221;.<br \/>\n21:00 hrs. <strong>Paco Renter\u00eda<\/strong> &#8220;Adrenalize&#8221;.<\/p>\n<h3>Domingo 2 de junio de 2013<\/h3>\n<p>8:00 hrs. Paseo Ciclista por los Vi\u00f1edos de la Ruta del Queso y el Vino (inscripci\u00f3n y salida desde el Jard\u00edn Principal).<br \/>\n11:00 &#8211; 21:00 hrs. Exposici\u00f3n &#8220;ID&#8217;s Arte en Barrica&#8221;. Plaza Principal Miguel Hidalgo de Tequisquiapan.<br \/>\n12:00 hrs. Apertura de \u00e1rea de exposici\u00f3n de quesos y vinos.<br \/>\n12:00 hrs. Cata de vinos &#8211; Sal\u00f3n de Catas $150 pesos.<br \/>\n12:30 hrs. Programa infantil, talleres para ni\u00f1os, shows, etc.<br \/>\n13:00 hrs. Fusi\u00f3n flamenca.<br \/>\n14:00 hrs. Taller &#8220;Crea tu vino&#8221; &#8211; Sal\u00f3n de Catas $300 pesos.<br \/>\n15:00 hrs. Trova Latina.<br \/>\n16:00 hrs. Cata de vinos &#8211; Sal\u00f3n de Catas $150 pesos.<br \/>\n17:00 hrs. Los Sonidos del Jazz.<br \/>\n18:00 hrs. Taller aromas y sencaciones del vino &#8211; Sal\u00f3n de Catas $150 pesos.<br \/>\n19:00 hrs. Blues Band.<br \/>\n21:00 hrs. Concierto de <strong>R\u00edo Roma<\/strong>.<\/p>\n<p><strong><a title=\"Reserva tu hotel en la ciudad de Quer\u00e9taro, M\u00e9xico. \" href=\"http:\/\/www.travelbymexico.com\/queretaro\/hoteles\/index.php\" target=\"_blank\">Reserva un hotel en la ciudad de Quer\u00e9taro <\/a><\/strong><\/p>\n<p>&nbsp;<\/p>\n","protected":false},"excerpt":{"rendered":"<p>Creada en 1976, la &#8220;Feria Nacional del Queso y el Vino Tequisquiapan, Quer\u00e9taro&#8221; se celebra cada a\u00f1o en el Jard\u00edn<\/p>\n","protected":false},"author":2,"featured_media":13993,"comment_status":"closed","ping_status":"closed","sticky":false,"template":"","format":"standard","meta":[],"categories":[36,17],"tags":[1540,1796,4823,1738,363,3857,3162,2114,2762,4824,4826,4827,4825,1052,1053,1059,1075,2394,4620,4248,1157,2396,2738,2395,1315],"_links":{"self":[{"href":"https:\/\/www.travelbymexico.com\/blog\/wp-json\/wp\/v2\/posts\/13992"}],"collection":[{"href":"https:\/\/www.travelbymexico.com\/blog\/wp-json\/wp\/v2\/posts"}],"about":[{"href":"https:\/\/www.travelbymexico.com\/blog\/wp-json\/wp\/v2\/types\/post"}],"author":[{"embeddable":true,"href":"https:\/\/www.travelbymexico.com\/blog\/wp-json\/wp\/v2\/users\/2"}],"replies":[{"embeddable":true,"href":"https:\/\/www.travelbymexico.com\/blog\/wp-json\/wp\/v2\/comments?post=13992"}],"version-history":[{"count":3,"href":"https:\/\/www.travelbymexico.com\/blog\/wp-json\/wp\/v2\/posts\/13992\/revisions"}],"predecessor-version":[{"id":13995,"href":"https:\/\/www.travelbymexico.com\/blog\/wp-json\/wp\/v2\/posts\/13992\/revisions\/13995"}],"wp:featuredmedia":[{"embeddable":true,"href":"https:\/\/www.travelbymexico.com\/blog\/wp-json\/wp\/v2\/media\/13993"}],"wp:attachment":[{"href":"https:\/\/www.travelbymexico.com\/blog\/wp-json\/wp\/v2\/media?parent=13992"}],"wp:term":[{"taxonomy":"category","embeddable":true,"href":"https:\/\/www.travelbymexico.com\/blog\/wp-json\/wp\/v2\/categories?post=13992"},{"taxonomy":"post_tag","embeddable":true,"href":"https:\/\/www.travelbymexico.com\/blog\/wp-json\/wp\/v2\/tags?post=13992"}],"curies":[{"name":"wp","href":"https:\/\/api.w.org\/{rel}","templated":true}]}}