{"id":13917,"date":"2013-05-02T18:15:48","date_gmt":"2013-05-02T23:15:48","guid":{"rendered":"http:\/\/www.travelbymexico.com\/blog\/?p=13917"},"modified":"2013-05-02T18:16:34","modified_gmt":"2013-05-02T23:16:34","slug":"munal-inaugura-la-exposicion-vanguardia-en-mexico-1915-1940","status":"publish","type":"post","link":"https:\/\/www.travelbymexico.com\/blog\/13917-munal-inaugura-la-exposicion-vanguardia-en-mexico-1915-1940\/","title":{"rendered":"MUNAL inaugura la exposici\u00f3n &#8220;Vanguardia en M\u00e9xico&#8221; (1915-1940)"},"content":{"rendered":"<h2>El Instituto Nacional de Bellas Artes, el CONACULTA, y el Museo Nacional de Arte (MUNAL) te invitan hoy, jueves 2 de mayo, a las 19:00 horas, a la inauguraci\u00f3n de la muestra &#8220;Vanguardia en M\u00e9xico 1915-1940&#8221; que permanecer\u00e1 en el MUNAL hasta el 4 de agosto de 2013.<\/h2>\n<p>Del <strong>viernes 3 de mayo de 2013 al domingo 4 de agosto de 2013<\/strong> el <strong>Museo Nacional de Arte<\/strong> (MUNAL) exhibir\u00e1 la muestra <strong>&#8220;Vanguardia en M\u00e9xico 1915-1940&#8221;<\/strong>, un conjunto de m\u00e1s de 100 obras de artistas mexicanos que impulsaron en M\u00e9xico la revoluci\u00f3n Vanguardista entre los a\u00f1os de 1915 y 1940.<\/p>\n<p>Resultado de una colaboraci\u00f3n acad\u00e9mica con el Posgrado en Historia del Arte de la <a title=\"Conoce los inmuebles hist\u00f3ricos de la Universidad Nacional Autonoma de M\u00e9xico\" href=\"http:\/\/www.travelbymexico.com\/blog\/10688-conoce-los-inmuebles-historicos-de-la-unam\/\" target=\"_blank\">Universidad Nacional Aut\u00f3noma de M\u00e9xico <\/a>(UNAM), la muestra exhibir\u00e1 <strong>100 obras<\/strong>, entre pinturas, grabados, fotograf\u00edas, de los siguientes artistas:<\/p>\n<p>Agust\u00edn Jim\u00e9nez<br \/>\nAlfredo Zalce<br \/>\nAgust\u00edn Lazo<br \/>\nCarlos M\u00e9rida<br \/>\nAmado de la Cueva<br \/>\nCarlos Orozco Romero<br \/>\nDavid Alfaro Siqueiros<br \/>\n<a title=\"Museo Casa Estudio Diego Rivera en la ciudad de M\u00e9xico\" href=\"http:\/\/www.travelbymexico.com\/blog\/8588-museo-casa-estudio-diego-rivera\/\" target=\"_blank\">Diego Rivera<\/a><br \/>\nFerm\u00edn Revueltas<br \/>\nFrancisco Eppens<br \/>\n<a title=\"Casa Azul-Museo Frida Kahlo exhibe los vestidos de Frida\" href=\"http:\/\/www.travelbymexico.com\/blog\/13337-exhiben-los-vestidos-de-frida-kahlo\" target=\"_blank\">Frida Kahlo<\/a><br \/>\nGabriel Fern\u00e1ndez Ledezma<br \/>\nGerardo Murillo<br \/>\nGerm\u00e1n Cueto<br \/>\nJorge Gonz\u00e1lez Camarena<br \/>\nJos\u00e9 Chav\u00e9z Morado<br \/>\nJulio Prieto<br \/>\nManuel \u00c1lvarez Bravo<br \/>\n<a title=\"Museo Rufino Tamayo en la ciudad de M\u00e9xico\" href=\"http:\/\/www.travelbymexico.com\/ciudaddemexico\/atractivos\/?nom=1309488410\" target=\"_blank\">Rufino Tamayo<\/a>.<\/p>\n<p>Dentro de las actividades alternas a la exhibici\u00f3n, se llevar\u00e1n a cabo <strong>talleres<\/strong> y se proyectar\u00e1n <strong>fragmentos cinematogr\u00e1ficos<\/strong> relacionados con el Vanguardismo en M\u00e9xico.<\/p>\n<h2>Exposici\u00f3n &#8220;Vanguardia en M\u00e9xico 1915-1940&#8221;<\/h2>\n<p>Sala de Colecciones Especiales (1er piso) del <strong><a title=\"Museo Nacional de Arte en la ciudad de M\u00e9xico: rese\u00f1a, fotos y mapa de ubicaci\u00f3n\" href=\"http:\/\/www.travelbymexico.com\/ciudaddemexico\/atractivos\/?nom=1309031001\" target=\"_blank\">Museo Nacional de Arte<\/a><\/strong> (MUNAL) de la ciudad de M\u00e9xico<\/p>\n<p><strong>Direcci\u00f3n<\/strong>: <em>Tacuba 8, Centro Hist\u00f3rico, Ciudad de M\u00e9xico. D.F.<\/em><br \/>\n<strong>Metro<\/strong>: <em>Bellas Artes (l\u00edneas 2 y 9) y Allende (l\u00ednea 2).<\/em><\/p>\n<p>Abierto de martes a domingo de 10:00 a 17:30 hrs.<br \/>\n<strong>Admisi\u00f3n general<\/strong> $37.00 pesos.<br \/>\nEntrada gratuita presentando credencial vigente: <em>Menores de 13 a\u00f1os, estudiantes, maestros, personas con discapacidad, adultos mayores INAPAM, jubilados, pensionados, ICOM y S\u00c9PALO.<\/em><\/p>\n<p><strong><em><\/em>Domingo entrada libre.<\/strong><br \/>\n<em>Permiso de fotograf\u00eda con c\u00e1mara o celular (sin flash, ni tripi\u00e9) $5.00 pesos. <\/em><br \/>\n<em>Permiso de filmaci\u00f3n (sin iluminaci\u00f3n, ni tripi\u00e9) $30.00 pesos.<\/em><\/p>\n<h3>Enlace de inter\u00e9s:<\/h3>\n<p><strong><a title=\"Categor\u00eda Cultura, Blog de Travelbymexico.com expo, teatro, danza, literatura, etc. \" href=\"http:\/\/www.travelbymexico.com\/blog\/cultura\/\" target=\"_blank\">Ent\u00e9rate de otros eventos culturales en Todo M\u00e9xico <\/a><\/strong><\/p>\n","protected":false},"excerpt":{"rendered":"<p>El Instituto Nacional de Bellas Artes, el CONACULTA, y el Museo Nacional de Arte (MUNAL) te invitan hoy, jueves 2<\/p>\n","protected":false},"author":2,"featured_media":13918,"comment_status":"closed","ping_status":"closed","sticky":false,"template":"","format":"standard","meta":[],"categories":[9,912],"tags":[1562,4649,318,357,416,509,1497,664,4719,1523,1524,2999,4718,1535,4720,1525,1236,3063,4717],"_links":{"self":[{"href":"https:\/\/www.travelbymexico.com\/blog\/wp-json\/wp\/v2\/posts\/13917"}],"collection":[{"href":"https:\/\/www.travelbymexico.com\/blog\/wp-json\/wp\/v2\/posts"}],"about":[{"href":"https:\/\/www.travelbymexico.com\/blog\/wp-json\/wp\/v2\/types\/post"}],"author":[{"embeddable":true,"href":"https:\/\/www.travelbymexico.com\/blog\/wp-json\/wp\/v2\/users\/2"}],"replies":[{"embeddable":true,"href":"https:\/\/www.travelbymexico.com\/blog\/wp-json\/wp\/v2\/comments?post=13917"}],"version-history":[{"count":4,"href":"https:\/\/www.travelbymexico.com\/blog\/wp-json\/wp\/v2\/posts\/13917\/revisions"}],"predecessor-version":[{"id":13922,"href":"https:\/\/www.travelbymexico.com\/blog\/wp-json\/wp\/v2\/posts\/13917\/revisions\/13922"}],"wp:featuredmedia":[{"embeddable":true,"href":"https:\/\/www.travelbymexico.com\/blog\/wp-json\/wp\/v2\/media\/13918"}],"wp:attachment":[{"href":"https:\/\/www.travelbymexico.com\/blog\/wp-json\/wp\/v2\/media?parent=13917"}],"wp:term":[{"taxonomy":"category","embeddable":true,"href":"https:\/\/www.travelbymexico.com\/blog\/wp-json\/wp\/v2\/categories?post=13917"},{"taxonomy":"post_tag","embeddable":true,"href":"https:\/\/www.travelbymexico.com\/blog\/wp-json\/wp\/v2\/tags?post=13917"}],"curies":[{"name":"wp","href":"https:\/\/api.w.org\/{rel}","templated":true}]}}