{"id":13910,"date":"2013-05-01T19:55:30","date_gmt":"2013-05-02T00:55:30","guid":{"rendered":"http:\/\/www.travelbymexico.com\/blog\/?p=13910"},"modified":"2013-05-01T20:00:52","modified_gmt":"2013-05-02T01:00:52","slug":"aicm-cerrara-operaciones-por-arribo-de-barack-obama","status":"publish","type":"post","link":"https:\/\/www.travelbymexico.com\/blog\/13910-aicm-cerrara-operaciones-por-arribo-de-barack-obama\/","title":{"rendered":"AICM cerrar\u00e1 operaciones por arribo de Barack Obama"},"content":{"rendered":"<h2>Hoy, mi\u00e9rcoles 1\u00ba de mayo de 2013, en un comunicado, el Aeropuerto Internacional de ciudad de M\u00e9xico (AICM) anunci\u00f3 que debido al aterrizaje y despegue del avi\u00f3n Air Force One de la Fuerza A\u00e9rea de Estados Unidos en la Ciudad de M\u00e9xico no habr\u00e1 aterrizajes ni despegues de aviones durante casi una hora los d\u00edas 2 y 3 de mayo.<\/h2>\n<p><span style=\"text-decoration: underline;\"><strong>Cancelaci\u00f3n de actividades \u201cde aterrizaje y despegue de aeronaves comerciales de pasajeros y carga as\u00ed como las de aviaci\u00f3n civil: <\/strong><\/span><\/p>\n<p>de las 13:45 a las 14:35 horas el jueves 2 de mayo de 2013.<br \/>\nde las 11:40 a las 12:40 horas el viernes 3 de mayo de 2013.<\/p>\n<p><em>\u201cA fin de evitar el menor n\u00famero de afectaciones a usuarios y pasajeros, tanto este aeropuerto como las aerol\u00edneas que aqu\u00ed operan informar\u00e1n los cambios en los vuelos y la manera en que se reanudar\u00e1n las operaciones.&#8221; Fuente: Comunicado del AICM.<\/em><\/p>\n<h3>En la agenda bilateral de los presidentes Obama y Pe\u00f1a Nieto<\/h3>\n<p>En el marco de su sexta gira por Am\u00e9rica Latina, el presidente de Estados Unidos, Barack Obama, realizar\u00e1 una visita de trabajo a M\u00e9xico reuni\u00e9ndose el jueves 2 de mayo con su hom\u00f3logo Enrique Pe\u00f1a Nieto en la <a title=\"Conoce m\u00e1s acerca de la Residencia Oficial Los Pinos, en la ciudad de M\u00e9xico\" href=\"http:\/\/mr.travelbymexico.com\/1123-los-pinos-residencia-oficial\" target=\"_blank\">Residencia Oficial de los Pinos<\/a>, en la ciudad de M\u00e9xico.<\/p>\n<p>Ambos gobiernos trabajan en la identificaci\u00f3n de nuevas v\u00edas para ampliar los beneficios mutuos de su cooperaci\u00f3n en Am\u00e9rica del Norte y como socios globales responsables.<\/p>\n<p>En la agenda bilateral, los presidentes Obama y Pe\u00f1a Nieto discutir\u00e1n sobre temas relacionados con la educaci\u00f3n, competitividad, innovaci\u00f3n, ciencia, migraci\u00f3n, seguridad y cooperaci\u00f3n econ\u00f3mica.<\/p>\n<p><strong><em>&#8220;El fortalecimiento de la relaci\u00f3n econ\u00f3mica bilateral ser\u00e1 uno de los puntos medulares de mi\u00a0 visita&#8221; <\/em><\/strong><\/p>\n<p><strong><em>&#8220;Dado el creciente liderazgo de M\u00e9xico en la regi\u00f3n y en la escena mundial, consideramos a M\u00e9xico un socio estrat\u00e9gico&#8221;, <\/em><\/strong>asegur\u00f3 B. Obama en una entrevista con Christopher Sabatini (revista American Quarterly).<\/p>\n<h3>Presidente Barack Obama en el Museo de Antropolog\u00eda de M\u00e9xico<\/h3>\n<p>En la ma\u00f1ana del viernes 3 de mayo de 2013, Barack Obama ofrecer\u00e1 un discurso dirigido a j\u00f3venes mexicanos en el emblem\u00e1tico <a title=\"Museo Antropolog\u00eda de la ciudad de M\u00e9xico, rese\u00f1a, fotos y mapa de ubicaci\u00f3n\" href=\"http:\/\/www.travelbymexico.com\/ciudaddemexico\/atractivos\/?nom=kdfemusantrop\" target=\"_blank\">Museo de Antropolog\u00eda de la ciudad de M\u00e9xico<\/a>, antes de partir a otra breve visita a Costa Rica.<\/p>\n","protected":false},"excerpt":{"rendered":"<p>Hoy, mi\u00e9rcoles 1\u00ba de mayo de 2013, en un comunicado, el Aeropuerto Internacional de ciudad de M\u00e9xico (AICM) anunci\u00f3 que<\/p>\n","protected":false},"author":2,"featured_media":13911,"comment_status":"closed","ping_status":"closed","sticky":false,"template":"","format":"standard","meta":[],"categories":[912,30],"tags":[2415,4714,2660,4185,4713,318,2793,4354,478,4716,2663,818,859,4715],"_links":{"self":[{"href":"https:\/\/www.travelbymexico.com\/blog\/wp-json\/wp\/v2\/posts\/13910"}],"collection":[{"href":"https:\/\/www.travelbymexico.com\/blog\/wp-json\/wp\/v2\/posts"}],"about":[{"href":"https:\/\/www.travelbymexico.com\/blog\/wp-json\/wp\/v2\/types\/post"}],"author":[{"embeddable":true,"href":"https:\/\/www.travelbymexico.com\/blog\/wp-json\/wp\/v2\/users\/2"}],"replies":[{"embeddable":true,"href":"https:\/\/www.travelbymexico.com\/blog\/wp-json\/wp\/v2\/comments?post=13910"}],"version-history":[{"count":4,"href":"https:\/\/www.travelbymexico.com\/blog\/wp-json\/wp\/v2\/posts\/13910\/revisions"}],"predecessor-version":[{"id":13913,"href":"https:\/\/www.travelbymexico.com\/blog\/wp-json\/wp\/v2\/posts\/13910\/revisions\/13913"}],"wp:featuredmedia":[{"embeddable":true,"href":"https:\/\/www.travelbymexico.com\/blog\/wp-json\/wp\/v2\/media\/13911"}],"wp:attachment":[{"href":"https:\/\/www.travelbymexico.com\/blog\/wp-json\/wp\/v2\/media?parent=13910"}],"wp:term":[{"taxonomy":"category","embeddable":true,"href":"https:\/\/www.travelbymexico.com\/blog\/wp-json\/wp\/v2\/categories?post=13910"},{"taxonomy":"post_tag","embeddable":true,"href":"https:\/\/www.travelbymexico.com\/blog\/wp-json\/wp\/v2\/tags?post=13910"}],"curies":[{"name":"wp","href":"https:\/\/api.w.org\/{rel}","templated":true}]}}