{"id":13845,"date":"2013-04-08T21:30:03","date_gmt":"2013-04-09T02:30:03","guid":{"rendered":"http:\/\/www.travelbymexico.com\/blog\/?p=13845"},"modified":"2013-04-09T17:55:36","modified_gmt":"2013-04-09T22:55:36","slug":"1a-feria-del-libro-guerrerense-en-taxco","status":"publish","type":"post","link":"https:\/\/www.travelbymexico.com\/blog\/13845-1a-feria-del-libro-guerrerense-en-taxco\/","title":{"rendered":"1\u00aa Feria del Libro Guerrerense en Taxco"},"content":{"rendered":"<h2>La 1\u00aa Feria del Libro Guerrerense se llevar\u00e1 a cabo del 18 al 23 de abril de 2013 en el Parque Vicente Guerrero, el Centro Cultural Taxco-Casa Borda y centros educativos de la ciudad de Taxco de Alarc\u00f3n.<\/h2>\n<p>La Feria contar\u00e1 con conferencias, ciclo de cine y presentaciones de libros y un taller de poes\u00eda para los ni\u00f1os.<\/p>\n<p>Entre los eventos m\u00e1s destacados de la feria cabe mencionar una <strong>conferencia magistral<\/strong> impartida por <span style=\"text-decoration: underline;\"><strong>Antonio Velasco Pi\u00f1a<\/strong><\/span> as\u00ed como un <strong>homenaje<\/strong> a <strong>Jorge Ibarg\u00fcengoitia<\/strong> y otro a <strong>Rub\u00e9n Bonifaz Nu\u00f1o<\/strong> en el marco del &#8220;<strong>D\u00eda Mundial del Libro<\/strong>&#8220;.<\/p>\n<h3>1\u00aa Feria del Libro Guerrerense del 18 al 23 de abril 2013<\/h3>\n<p>Ciudad de <strong><a title=\"Ciudad de Taxco de Alarc\u00f3n: rese\u00f1a, hoteles, mapas, videos, fotos\" href=\"http:\/\/www.travelbymexico.com\/taxco\" target=\"_blank\">Taxco de Alarc\u00f3n<\/a><\/strong>, Guerrero.<br \/>\n<strong>Entrada Libre<\/strong>.<\/p>\n<h3>Del 18 al 23 de abril<\/h3>\n<p><strong>Taller permanente de poes\u00eda para ni\u00f1os Con G de juego.<\/strong><br \/>\nDe 16:00 a 18:00 hrs. Impartido por Antonio Salinas.<\/p>\n<h3>Jueves 18 de abril<\/h3>\n<p><span style=\"text-decoration: underline;\">en el Parque Vicente Guerrero.<\/span><br \/>\n13:00 hrs. Recorrido de Stands por parte de las autoridades locales y estatales.<br \/>\n17:00 hrs. Presentaci\u00f3n del libro &#8220;<strong>Trenes para nombrar la soledad<\/strong>&#8221; de Carlos F. Ort\u00edz. (poes\u00eda)<br \/>\nComentado por Juan Pablo Reyes y Yelitza Ru\u00edz. Moderada por Abril Alem\u00e1n P\u00e9rez.<\/p>\n<p><span style=\"text-decoration: underline;\">en el Centro Cultural Taxco-Casa Borda<\/span><br \/>\n18:00 hrs.<strong> Conferencia Magistral de Antonio Velasco Pi\u00f1a<\/strong><br \/>\nHomenaje al escritor guerrerense Antonio Velasco Pi\u00f1a.<\/p>\n<h3>Viernes 19 de abril<\/h3>\n<p><span style=\"text-decoration: underline;\">En la Secundaria Vicente Guerrero<\/span><br \/>\n10:00 hrs. Presentaci\u00f3n del libro &#8220;<strong>Kabuki, el \u00e1lbum p\u00e1nico<\/strong>&#8221; de Edgar P\u00e9rez. (cuento).<br \/>\nComentado por Miguel \u00c1ngel Aviles y Jorge Fanuvy Nu\u00f1ez. Moderado por: Maestra Silvina Huerta.<\/p>\n<p><span style=\"text-decoration: underline;\">12:00 hrs en CBTIS 82.<\/span><br \/>\nPresentaci\u00f3n del libro &#8220;<strong>Lo que el cicl\u00f3n nos dejo<\/strong>&#8221; de Fel\u00edcitos Hern\u00e1ndez Roque. (cuento).<br \/>\nComentado por Sergio Lugo y Claudia Espinoza. Moderado por Francisco Pacheco Beltr\u00e1n.<\/p>\n<p><span style=\"text-decoration: underline;\">17:00 hrs. en Prepa 4 UAG<\/span><br \/>\nPresentaci\u00f3n del libro &#8220;<strong>Xochitecuan-Tigre Florido<\/strong>&#8221; de Gustavo Zapoteco. (poes\u00eda).<br \/>\nComentado por Roberto Delgado Mar\u00edas y Muriel Salinas. Moderado por Alejandra Arango.<\/p>\n<p><span style=\"text-decoration: underline;\">19:00 hrs. en el Parque Vicente Guerrero<\/span><br \/>\n<strong>Ciclo de Cine<\/strong> &#8220;Del libro a la pantalla&#8221; <strong>Los Miserables<\/strong>.<\/p>\n<h3>S\u00e1bado 20 de Abril<\/h3>\n<p><span style=\"text-decoration: underline;\">12:00 hrs. en el Parque Vicente Guerrero<\/span><br \/>\n<strong>Juego de Loter\u00eda de Personajes Ilustres de Guerrero<\/strong>.<br \/>\nSe espera la participaci\u00f3n del p\u00fablico en general, ni\u00f1os y adultos.<\/p>\n<p><span style=\"text-decoration: underline;\">en el Centro Cultural Taxco-Casa Borda<\/span><br \/>\n18:00 hrs. Presentaci\u00f3n del libro &#8220;<strong>Oficios Ejemplares<\/strong>&#8221; de Paola Tinoco (relatos)<br \/>\nComentado por Iris Garc\u00eda y Antonio Salinas. Moderado por Edgar P\u00e9rez.<br \/>\n19:00 hrs. Presentaci\u00f3n del libro &#8220;<strong>Acapulco en su tinta<\/strong>&#8221; (antolog\u00eda de cuentos).<br \/>\nComentado por Paola Tinoco, Edmundo Jaimes Mart\u00ednez y Rafael Ram\u00edrez L\u00f3pez. Moderado por Agusto Ferrer.<\/p>\n<p><span style=\"text-decoration: underline;\">19:00 hrs. en el Parque Vicente Guerrero<\/span><br \/>\n<strong>Ciclo de Cine<\/strong> &#8220;Del libro a la pantalla&#8221; <strong>El amor en los tiempos de c\u00f3lera<\/strong>.<\/p>\n<h3>Domingo 21 de abril<\/h3>\n<p><span style=\"text-decoration: underline;\">en el Parque Vicente Guerrero<\/span><br \/>\n12:00 hrs. <strong>Juego de Loter\u00eda de Personajes Ilustres de Guerrero<\/strong>.<\/p>\n<p>12:00 a 15:00 hrs. <strong>Marat\u00f3n de lectura<\/strong> &#8220;<strong>D\u00eda Mundial del Libro<\/strong>&#8221; (el D\u00eda mundial del Libro se celebra el 23 de abril)<br \/>\n<strong>Homenaje a Jorge Ibarg\u00fcengoitia<\/strong> con la novela &#8220;Los rel\u00e1mpagos de agosto&#8221;<br \/>\n<strong>Homenaje a Rub\u00e9n Bonifaz Nu\u00f1o<\/strong> con una Selecci\u00f3n de Poemas.<\/p>\n<p>18:00 hrs. Presentaci\u00f3n del libro &#8220;<strong>Bab\u00e9lico y el Tigre<\/strong>&#8221; de Geovani de la Rosa y Astrid Paola Chavelas (poes\u00eda y cuento).<br \/>\nComentado por Raciel Quirino, Antonia S\u00e1nchez Rodr\u00edguez y Maricela Quinto Gayt\u00e1n. Moderado por Virginia Hern\u00e1ndez Garc\u00eda.<br \/>\n19:00 hrs. <span style=\"text-decoration: underline;\">en el Parque Vicente Guerrero<\/span><strong> Ciclo de Cine<\/strong> &#8220;Del libro a la pantalla&#8221;: <strong>Romea y Julieta<\/strong>.<\/p>\n<h3>Lunes 22 de abril<\/h3>\n<p><span style=\"text-decoration: underline;\">en el Centro Cultural Taxco-Casa Borda<\/span><br \/>\n17:00 hrs. Presentaci\u00f3n del &#8220;<strong>Cancionero Calendario de fiestas rituales y ferias tradicionales de Guerrero<\/strong>&#8221; de F\u00e9lix Cruz, Cantor Suriano. Comentado por Raymundo Ru\u00edz Avil\u00e9s y Rodrigo Espino.<\/p>\n<p>18:00 hrs. <strong>Mesa de An\u00e1lisis: &#8220;La literatura actual de Guerrero&#8221;<\/strong><br \/>\nParticipar\u00e1n Andr\u00e9s Acosta, Roberto Ram\u00edrez e Iris Garc\u00eda. Moderado por Antonio Salinas.<br \/>\n19:00 hrs. Lectura de poemas &#8220;<strong>Acapulco Golden<\/strong>&#8221; de Jerem\u00edas Marquines.<\/p>\n<p><span style=\"text-decoration: underline;\">19:00 hrs. en el Parque Vicente Guerrero<\/span><br \/>\n<strong>Ciclo de Cine<\/strong> &#8220;Del libro a la pantalla&#8221;: <strong>El Conde de Montecristo<\/strong>.<\/p>\n<h3>Martes 23 de abril<\/h3>\n<p><span style=\"text-decoration: underline;\">en el Parque Vicente Guerrero<\/span><br \/>\n11:00 a 17:00 hrs. <strong>Marat\u00f3n de lectura<\/strong> de la novela &#8220;<strong>Regina<\/strong>&#8221; de Antonio Velasco Pi\u00f1a.<br \/>\nParticipa: P\u00fablico en general.<\/p>\n<p><span style=\"text-decoration: underline;\">17:00 hrs. en el Centro Cultural Taxco-Casa Borda<\/span><br \/>\nPresentaci\u00f3n del libro &#8220;<strong>Sensibles<\/strong>&#8221; de Jos\u00e9 Dimayuga (dramaturgia).<br \/>\nComentado por Iris Garc\u00eda e Iv\u00e1n Reyes. Moderado por Claudio Viveros.<br \/>\n19:00 hrs. Presentaci\u00f3n del libro &#8220;<strong>Lengua de hierro<\/strong>&#8221; de Andr\u00e1s Acosta (novela).<br \/>\nComentado por Juan Jos\u00e9 Acevedo Pliego y Roberto D\u00edaz Portillo. Moderado \u00d3scar M\u00e1rtinez.<\/p>\n<p>20:00 hrs. <strong>Clausura de la 1\u00aa Feria del Libro Guerrerense.<\/strong><\/p>\n","protected":false},"excerpt":{"rendered":"<p>La 1\u00aa Feria del Libro Guerrerense se llevar\u00e1 a cabo del 18 al 23 de abril de 2013 en el<\/p>\n","protected":false},"author":2,"featured_media":13846,"comment_status":"closed","ping_status":"closed","sticky":false,"template":"","format":"standard","meta":[],"categories":[9],"tags":[2577,4633,268,1351,363,413,2848,4631,4628,4630,4632,2977,4634,4629,3163,1162],"_links":{"self":[{"href":"https:\/\/www.travelbymexico.com\/blog\/wp-json\/wp\/v2\/posts\/13845"}],"collection":[{"href":"https:\/\/www.travelbymexico.com\/blog\/wp-json\/wp\/v2\/posts"}],"about":[{"href":"https:\/\/www.travelbymexico.com\/blog\/wp-json\/wp\/v2\/types\/post"}],"author":[{"embeddable":true,"href":"https:\/\/www.travelbymexico.com\/blog\/wp-json\/wp\/v2\/users\/2"}],"replies":[{"embeddable":true,"href":"https:\/\/www.travelbymexico.com\/blog\/wp-json\/wp\/v2\/comments?post=13845"}],"version-history":[{"count":4,"href":"https:\/\/www.travelbymexico.com\/blog\/wp-json\/wp\/v2\/posts\/13845\/revisions"}],"predecessor-version":[{"id":13849,"href":"https:\/\/www.travelbymexico.com\/blog\/wp-json\/wp\/v2\/posts\/13845\/revisions\/13849"}],"wp:featuredmedia":[{"embeddable":true,"href":"https:\/\/www.travelbymexico.com\/blog\/wp-json\/wp\/v2\/media\/13846"}],"wp:attachment":[{"href":"https:\/\/www.travelbymexico.com\/blog\/wp-json\/wp\/v2\/media?parent=13845"}],"wp:term":[{"taxonomy":"category","embeddable":true,"href":"https:\/\/www.travelbymexico.com\/blog\/wp-json\/wp\/v2\/categories?post=13845"},{"taxonomy":"post_tag","embeddable":true,"href":"https:\/\/www.travelbymexico.com\/blog\/wp-json\/wp\/v2\/tags?post=13845"}],"curies":[{"name":"wp","href":"https:\/\/api.w.org\/{rel}","templated":true}]}}