{"id":13837,"date":"2013-04-06T18:54:51","date_gmt":"2013-04-07T00:54:51","guid":{"rendered":"http:\/\/www.travelbymexico.com\/blog\/?p=13837"},"modified":"2013-04-06T18:58:18","modified_gmt":"2013-04-07T00:58:18","slug":"domingo-7-de-abril-de-2013-inicia-horario-de-verano-en-mexico","status":"publish","type":"post","link":"https:\/\/www.travelbymexico.com\/blog\/13837-domingo-7-de-abril-de-2013-inicia-horario-de-verano-en-mexico\/","title":{"rendered":"Domingo 7 de abril de 2013 inicia horario de verano en M\u00e9xico"},"content":{"rendered":"<h2>El\u00a0 Cambio de Horario de Verano (CHV) en M\u00e9xico iniciar\u00e1 a las 2:00 de la madrugada del s\u00e1bado 6 de abril al domingo 7 de abril 2013.<\/h2>\n<h2><span style=\"text-decoration: underline;\">\u00a1No olviden adelantar su reloj una hora!<\/span>.<\/h2>\n<h3>\u00bfCual es la duraci\u00f3n del Horario de Verano?<\/h3>\n<p>El Horario de verano se aplica *<strong>del primer domingo de abril<\/strong> a las 2h00 de la ma\u00f1ana <strong>al \u00faltimo domingo de octubre<\/strong> a las 2h00 de la ma\u00f1ana.<\/p>\n<p>Por lo tanto, el Horario de Verano 2013 en M\u00e9xico durar\u00e1 <span style=\"text-decoration: underline;\"><strong>del domingo 7 de Abril al domingo 27 de Octubre del 2013<\/strong><\/span>.<\/p>\n<p><span style=\"text-decoration: underline;\"><strong><em>El Estado de Sonora es la \u00fanica entidad del pa\u00eds donde no se aplica el Horario de Verano.<\/em> <\/strong><\/span><\/p>\n<p>*<strong>33 municipios de la franja fronteriza norte<\/strong> adoptan el CHV<span style=\"text-decoration: underline;\"> el segundo domingo de marzo y concluyen el primer domingo de noviembre<\/span>. Esta medida busca facilitar la vida cotidiana de los residentes fronterizos que tienen que cruzar, de un lado a otro, por motivos laborales o escolares.<\/p>\n<p><strong>Dichos municipios son:<\/strong><br \/>\nEnsenada, Tijuana, Playa Rosarito, Tecate y Mexicali, en Baja California.<br \/>\nJu\u00e1rez, Ojinaga, Ascensi\u00f3n, Coyame del Sotol, Guadalupe, Janos, Manuel Benavides y Praxedis G. Guerrero, en Chihuahua.<br \/>\nAcu\u00f1a, Piedras Negras, Guerrero, Hidalgo, Jim\u00e9nez, Zaragoza, Nava y Ocampo, en Coahuila.<br \/>\nAn\u00e1huac y Los Aldamas, en Nuevo Le\u00f3n.<br \/>\nNuevo Laredo, Reynosa, Matamoros, Camargo, Guerrero, Gustavo D\u00edaz Ordaz, Mier, Miguel Alem\u00e1n, R\u00edo Bravo y Valle Hermoso, en Tamaulipas.<\/p>\n<h3>Decreto del horario de verano y las tres zonas horarias en M\u00e9xico<\/h3>\n<p>En el decreto de la <a title=\"Descarga formato PDF de la Ley del Sistema de Horario en los Estaodos Unidos Mexicanos\" href=\"http:\/\/www.google.com.mx\/url?sa=t&amp;rct=j&amp;q=&amp;esrc=s&amp;source=web&amp;cd=1&amp;cad=rja&amp;ved=0CC8QFjAA&amp;url=http%3A%2F%2Fwww.diputados.gob.mx%2FLeyesBiblio%2Fpdf%2F239.pdf&amp;ei=kJpgUciOCKqK2wW05YCQAw&amp;usg=AFQjCNEeOp8-a1ZGZ-LFvUz8ERmeFjUbRw&amp;bvm=bv.44770516,d.b2I\" target=\"_blank\">Ley del Sistema de Horario en los Estados Unidos Mexicanos<\/a> expedido por el Presidente, Dr. <strong>Ernesto Zedillo Ponce de Le\u00f3n.<\/strong> el Diciembre 29, 1995 y publicado en el Diario Oficial el 4 de enero de 1996, se establecieron tres zonas horarias y el Horario de Verano para <a title=\"Gu\u00eda Tur\u00edstica de M\u00e9xico: hoteles, restaurantes, mapas, fotos, videos, tips, etc.\" href=\"http:\/\/www.travelbymexico.com\" target=\"_blank\">todo el pa\u00eds<\/a>.<\/p>\n<h3>\u00bfCu\u00e1l organismo genera y disemina la Hora Oficial en M\u00e9xico?<\/h3>\n<p>En M\u00e9xico la realizaci\u00f3n f\u00edsica del UTC (Tiempo Universal Coordinado) est\u00e1 a cargo del <strong>Centro Nacional de Metrolog\u00eda<\/strong> y se denominada UTC (CNM).<\/p>\n<p>El CENAM genera y disemina la Hora Oficial para los Estados Unidos Mexicanos en los husos horarios establecidos en la Ley del Sistema de Horario en los Estados Unidos Mexicanos.<\/p>\n<p>El Centro Nacional de Metrolog\u00eda (CENAM) es un organismo descentralizado dependiente de la <a title=\"Funciones de las Secretar\u00edas de Gobernaci\u00f3n en M\u00e9xico\" href=\"http:\/\/www.travelbymexico.com\/blog\/10022-funciones-de-las-secretarias-de-gobernacion-en-mexico\" target=\"_blank\">Secretar\u00eda de Econom\u00eda<\/a>, que fue creado con el fin de apoyar el sistema metrol\u00f3gico nacional.<\/p>\n<p><em><strong>La responsabilidad de establecer el horario de verano es del H. Congreso de la Uni\u00f3n.<\/strong><\/em><\/p>\n<p>El CENAM establece el patr\u00f3n nacional de escalas de tiempo, u hora oficial, y la Secretar\u00eda de Econom\u00eda lo reconoce como tal.<\/p>\n<p>Laboratorio nacional de referencia en materia de mediciones, El CENAM genera la Hora Oficial para los Estados Unidos Mexicanos en los husos horarios establecidos en la Ley del Sistema de Horario en los Estados Unidos Mexicanos.<\/p>\n<h3>Ahorro de energ\u00eda gracias al Cambio de Horario de Verano:<\/h3>\n<p><em>En 2012, la aplicaci\u00f3n del CHV permiti\u00f3 un ahorro en el consumo de 1,041GWh. <\/em><\/p>\n<p><em>El ahorro econ\u00f3mico obtenido fue de mil 390 millones de pesos y se dejar\u00e1n de quemar 1.86 millones de barriles de petr\u00f3leo crudo equivalente. <\/em><\/p>\n<p><em>Los ahorros acumulados por la aplicaci\u00f3n del CHV desde su inicio en 1996 a la fecha, permitieron dejar de consumir 19,460 GWh. Con la idea de dimensionar el significado del ahorro de energ\u00eda acumulado de 1996 a la fecha por la aplicaci\u00f3n del CHV, \u00e9ste ser\u00eda suficiente para alimentar a 11 millones de hogares durante todo un a\u00f1o (con un consumo promedio de 289 Kilowatts-hora bimestrales por hogar).<\/em><\/p>\n<p><em><strong>Fuente<\/strong>: Fideicomiso para el ahorro de Energ\u00eda El\u00e9ctrica<\/em> (FIDE)<br \/>\n<strong>Leer tambi\u00e9<\/strong>n: <a title=\"Ahorro de Energ\u00eda, Horario de Verano. Comisi\u00f3n Federal de Electricidad\" href=\"http:\/\/www.cfe.gob.mx\/ConoceCFE\/Desarrollo_Sustentable\/AhorroDeEnergia\/Paginas\/Horario-de-verano.aspx \" target=\"_blank\">Ahorro de Energ\u00eda, Horario de Verano en el sitio de la CFE<\/a><\/p>\n<h3>M\u00e9xico est\u00e1 divido en 3 Husos Horarios:<\/h3>\n<p><strong>Zona Noreste de M\u00e9xico<\/strong> \u2028Corresponde al meridiano 120 grados al oeste de Greenwich.<\/p>\n<p>&#8211; Baja California<\/p>\n<p><strong>Zona Pac\u00edfico de M\u00e9xico<\/strong> (tambi\u00e9n llamada Zona de la Monta\u00f1a)<\/p>\n<p>Corresponde al meridiano 105 grados al oeste de Greenwich.<\/p>\n<p>&#8211; Baja California Sur,\u2028 Chihuahua, \u2028Nayarit,\u2028 Sinaloa,\u2028 *Sonora, (*en el Estado de Sonora no se aplica el Horario de Verano).<\/p>\n<p><strong>Zona Centro de M\u00e9xico <\/strong><\/p>\n<p>Corresponde al meridiano 90 grados al oeste de Greenwich.<\/p>\n<p>Aguascalientes, Campeche, Coahuila, Colima, Chiapas, Distrito Federal, Durango, Guanajuato, Guerrero, Hidalgo, Jalisco, Estado de M\u00e9xico, Michoac\u00e1n, Morelos, Nuevo Le\u00f3n, Oaxaca, Puebla, Quer\u00e9taro, Quintana Roo, San Luis Potos\u00ed, Tabasco, Tamaulipas, Tlaxcala, Veracruz, Yucat\u00e1n y Zacatecas.<\/p>\n<p>&nbsp;<\/p>\n<p>&nbsp;<\/p>\n","protected":false},"excerpt":{"rendered":"<p>El\u00a0 Cambio de Horario de Verano (CHV) en M\u00e9xico iniciar\u00e1 a las 2:00 de la madrugada del s\u00e1bado 6 de<\/p>\n","protected":false},"author":2,"featured_media":13841,"comment_status":"closed","ping_status":"closed","sticky":false,"template":"","format":"standard","meta":[],"categories":[912,30],"tags":[4622,262,2066,4624,450,4625,3260,633,634,4623,648,4627,4626,4621],"_links":{"self":[{"href":"https:\/\/www.travelbymexico.com\/blog\/wp-json\/wp\/v2\/posts\/13837"}],"collection":[{"href":"https:\/\/www.travelbymexico.com\/blog\/wp-json\/wp\/v2\/posts"}],"about":[{"href":"https:\/\/www.travelbymexico.com\/blog\/wp-json\/wp\/v2\/types\/post"}],"author":[{"embeddable":true,"href":"https:\/\/www.travelbymexico.com\/blog\/wp-json\/wp\/v2\/users\/2"}],"replies":[{"embeddable":true,"href":"https:\/\/www.travelbymexico.com\/blog\/wp-json\/wp\/v2\/comments?post=13837"}],"version-history":[{"count":4,"href":"https:\/\/www.travelbymexico.com\/blog\/wp-json\/wp\/v2\/posts\/13837\/revisions"}],"predecessor-version":[{"id":13843,"href":"https:\/\/www.travelbymexico.com\/blog\/wp-json\/wp\/v2\/posts\/13837\/revisions\/13843"}],"wp:featuredmedia":[{"embeddable":true,"href":"https:\/\/www.travelbymexico.com\/blog\/wp-json\/wp\/v2\/media\/13841"}],"wp:attachment":[{"href":"https:\/\/www.travelbymexico.com\/blog\/wp-json\/wp\/v2\/media?parent=13837"}],"wp:term":[{"taxonomy":"category","embeddable":true,"href":"https:\/\/www.travelbymexico.com\/blog\/wp-json\/wp\/v2\/categories?post=13837"},{"taxonomy":"post_tag","embeddable":true,"href":"https:\/\/www.travelbymexico.com\/blog\/wp-json\/wp\/v2\/tags?post=13837"}],"curies":[{"name":"wp","href":"https:\/\/api.w.org\/{rel}","templated":true}]}}