{"id":13663,"date":"2013-02-11T14:59:26","date_gmt":"2013-02-11T20:59:26","guid":{"rendered":"http:\/\/www.travelbymexico.com\/blog\/?p=13663"},"modified":"2013-02-11T22:23:49","modified_gmt":"2013-02-12T04:23:49","slug":"grandes-escuelas-francesas-reclutaran-estudiantes-mexicanos","status":"publish","type":"post","link":"https:\/\/www.travelbymexico.com\/blog\/13663-grandes-escuelas-francesas-reclutaran-estudiantes-mexicanos\/","title":{"rendered":"Grandes escuelas francesas reclutar\u00e1n estudiantes mexicanos"},"content":{"rendered":"<h2>Del 27 de febrero al 3 de marzo del presente a\u00f1o, grandes escuelas francesas reclutar\u00e1n estudiantes mexicanos en ingenier\u00eda, qu\u00edmica, aerona\u00fatica, dise\u00f1o, artes, multimedia, negocios, administraci\u00f3n de empresas y comercio.<\/h2>\n<p>Organizado por l&#8217;<strong>Agence Campus France<\/strong> (agencia francesa para la promoci\u00f3n de la educaci\u00f3n superior, el recibimiento y la movilidad internacional), este <strong>Tour de Grandes Escuelas Francesas<\/strong> en M\u00e9xico visitar\u00e1 las ciudades de <a title=\"Reserva tu hotel en la ciudad de M\u00e9xico\" href=\"http:\/\/www.travelbymexico.com\/ciudaddemexico\/hoteles\" target=\"_blank\">M\u00e9xico<\/a>, <a title=\"Reserva tu hotel en la ciudad de Guadalajara, estado de Jalisco, M\u00e9xico\" href=\"http:\/\/www.travelbymexico.com\/guadalajara\/hoteles\" target=\"_blank\">Guadalajara<\/a> y <a title=\"Reserva tu hotel en la ciudad de M\u00e9rida, estado de Yucat\u00e1n, M\u00e9xico\" href=\"http:\/\/www.travelbymexico.com\/merida\/hoteles\" target=\"_blank\">M\u00e9rida<\/a>, alternando entrevistas y conferencias para presentar los estudios en Francia.<\/p>\n<p>Para participar en las <strong>conferencias<\/strong>, la inscripci\u00f3n no es necesaria.<\/p>\n<h3><span style=\"text-decoration: underline;\">Inscripciones obligatorias<\/span><\/h3>\n<p>Para concertar una entrevista con estas escuelas, conocer sus programas y discutir su proyecto de estudios personal as\u00ed como su admisi\u00f3n, deber\u00e1n de inscribirse llenando un formulario correspondiente a cada ciudad (<em>consulta los enlaces que te proporcionamos<\/em>)<strong> a partir del 15 de enero<\/strong>.<\/p>\n<p>La inscripci\u00f3n es <strong>obligatoria y totalmente gratuita<\/strong>. <span style=\"text-decoration: underline;\">Las Escuelas les confirmar\u00e1n la cita por correo electr\u00f3nico<\/span>.<\/p>\n<h3><span style=\"text-decoration: underline;\">Escuelas francesas participantes\u00a0<\/span><\/h3>\n<p><span style=\"text-decoration: underline;\"><strong>Escuelas de Negocios:<\/strong><\/span><br \/>\nAudencia Nantes School of Management<br \/>\nESC Rennes School of Business<br \/>\nGroupe ESC Dijon<br \/>\nIESEG (Institut d&#8217;\u00c9conomie Scientifique et de Gestion)<br \/>\nGroupe Sup de Co La Rochelle (\u00c9cole Sup\u00e9rieure de Commerce de la Rochelle)<br \/>\nINSEEC Business School (antes conocido como el Institut des hautes \u00e9tudes \u00e9conomiques et commerciales)<br \/>\nRouen Business School<br \/>\nFrance Business School<\/p>\n<p><span style=\"text-decoration: underline;\"><strong>Escuelas de Design:<\/strong><\/span><br \/>\n3iS &#8211; Instituto Internacional de la Imagen y del Sonido<br \/>\nEcole de Design de Nantes Atlantique<br \/>\nAutograf<\/p>\n<p><span style=\"text-decoration: underline;\"><strong>Escuelas de Ingenier\u00eda y Tecnolog\u00eda<\/strong><\/span><br \/>\nEcole de Mines de Nantes<br \/>\nEcole Nationale de l&#8217;Aviation Civile<br \/>\nAgroParisTech<br \/>\nISAE- Institut sup\u00e9rieur de l&#8217;A\u00e9ronautique et de l&#8217;Espace<br \/>\nEcole Nationale Sup\u00e9rieure de Chimie Montpellier<\/p>\n<p><span style=\"text-decoration: underline;\"><strong>Organismos de becas<\/strong><\/span> (participaci\u00f3n en el D.F.): Becas Desaf\u00edos. Fundaci\u00f3n Beca. FIDERH<\/p>\n<h3><span style=\"text-decoration: underline;\">Reclutamiento 27 de febrero al 3 de marzo 2013\u00a0<\/span><\/h3>\n<p><strong>Mi\u00e9rcoles, 27 de Febrero de 2013 en <span style=\"text-decoration: underline;\">M\u00e9rida<\/span><\/strong><\/p>\n<p>de 16h00-21h00 en el <strong>Centro Cultural Olimpo<\/strong>, Calle 62, esquina con 61, Col. Centro. M\u00e9rida, Yucat\u00e1n.<br \/>\n<a title=\"Formulario de inscripci\u00f3n Tour de Grandes Escuelas Francesas en M\u00e9rida\" href=\"http:\/\/salons.campusfrance.org\/mx2013\/merida\/r\/\" target=\"_blank\">Fecha limite de inscripci\u00f3n: 15\/02\/13 <\/a><\/p>\n<p><strong>Viernes, 1 de Marzo de 2013 en <span style=\"text-decoration: underline;\">Guadalajara<\/span><\/strong><\/p>\n<p>de 9h30-16h00 hrs <strong>Alliance fran\u00e7aise de Guadalajara<\/strong> (Centro L\u00f3pez Cotilla)\u00a0\u00a0\u00a0\u00a0\u00a0\u00a0\u00a0\u00a0\u00a0\u00a0\u00a0\u00a0\u00a0\u00a0\u00a0\u00a0 L\u00f3pez Cotilla N\u00b0 1199, Col. Americana, CP 44160 Guadalajara, Jalisco.<br \/>\n<a title=\"Formulario de inscripci\u00f3n Tour de Grandes Escuelas Francesas en Guadalajara\" href=\"http:\/\/salons.campusfrance.org\/mx2013\/guadalajara\/r\/\" target=\"_blank\">Fecha limite de inscripci\u00f3n: 18\/02\/13<\/a><\/p>\n<p><strong>S\u00e1bado, 2 de Marzo, 10h00-17h20 hrs., en la<span style=\"text-decoration: underline;\"> ciudad de M\u00e9xico<\/span>, D.F.<\/strong><br \/>\n<strong>Domingo, 3 de Marzo, 10h00-14h20 hrs., <strong>en la <span style=\"text-decoration: underline;\">ciudad de M\u00e9xico<\/span><\/strong>, M\u00e9xico D.F.<\/strong><\/p>\n<p><strong>Alliance Fran\u00e7aise Centro Polanco<\/strong>, S\u00f3crates No.156, Col. Polanco, CP 11510 M\u00e9xico D.F.<br \/>\n<a title=\"Formulario de inscripci\u00f3n Tour de Grandes Escuelas Francesas en la ciudad de M\u00e9xico\" href=\"http:\/\/salons.campusfrance.org\/mx2013\/df\/r\/ \" target=\"_blank\">Fecha limite de inscripci\u00f3n: 22\/02\/13<\/a><\/p>\n<p><a title=\"Reserva tu hotel en la ciudad de M\u00e9xico\" href=\"http:\/\/www.travelbymexico.com\/ciudaddemexico\/hoteles\" target=\"_blank\">Reserva tu hotel en la ciudad de M\u00e9xico<\/a><\/p>\n<p><a title=\"Reserva tu hotel en la ciudad de M\u00e9rida, estado de Yucat\u00e1n, M\u00e9xico\" href=\"http:\/\/www.travelbymexico.com\/merida\/hoteles\" target=\"_blank\">Reserva tu hotel en la ciudad de M\u00e9rida <\/a><\/p>\n<p><a title=\"Reserva tu hotel en la ciudad de Guadalajara, estado de Jalisco, M\u00e9xico\" href=\"http:\/\/www.travelbymexico.com\/guadalajara\/hoteles\" target=\"_blank\">Reserva tu hotel en la ciudad de Guadalajara<\/a><\/p>\n","protected":false},"excerpt":{"rendered":"<p>Del 27 de febrero al 3 de marzo del presente a\u00f1o, grandes escuelas francesas reclutar\u00e1n estudiantes mexicanos en ingenier\u00eda, qu\u00edmica,<\/p>\n","protected":false},"author":2,"featured_media":13664,"comment_status":"closed","ping_status":"closed","sticky":false,"template":"","format":"standard","meta":[],"categories":[912],"tags":[1519,4443,4434,4442,4441,318,4433,4439,4440,4437,588,4436,4435,620,815,818,4438],"_links":{"self":[{"href":"https:\/\/www.travelbymexico.com\/blog\/wp-json\/wp\/v2\/posts\/13663"}],"collection":[{"href":"https:\/\/www.travelbymexico.com\/blog\/wp-json\/wp\/v2\/posts"}],"about":[{"href":"https:\/\/www.travelbymexico.com\/blog\/wp-json\/wp\/v2\/types\/post"}],"author":[{"embeddable":true,"href":"https:\/\/www.travelbymexico.com\/blog\/wp-json\/wp\/v2\/users\/2"}],"replies":[{"embeddable":true,"href":"https:\/\/www.travelbymexico.com\/blog\/wp-json\/wp\/v2\/comments?post=13663"}],"version-history":[{"count":6,"href":"https:\/\/www.travelbymexico.com\/blog\/wp-json\/wp\/v2\/posts\/13663\/revisions"}],"predecessor-version":[{"id":13668,"href":"https:\/\/www.travelbymexico.com\/blog\/wp-json\/wp\/v2\/posts\/13663\/revisions\/13668"}],"wp:featuredmedia":[{"embeddable":true,"href":"https:\/\/www.travelbymexico.com\/blog\/wp-json\/wp\/v2\/media\/13664"}],"wp:attachment":[{"href":"https:\/\/www.travelbymexico.com\/blog\/wp-json\/wp\/v2\/media?parent=13663"}],"wp:term":[{"taxonomy":"category","embeddable":true,"href":"https:\/\/www.travelbymexico.com\/blog\/wp-json\/wp\/v2\/categories?post=13663"},{"taxonomy":"post_tag","embeddable":true,"href":"https:\/\/www.travelbymexico.com\/blog\/wp-json\/wp\/v2\/tags?post=13663"}],"curies":[{"name":"wp","href":"https:\/\/api.w.org\/{rel}","templated":true}]}}