{"id":13401,"date":"2012-11-29T19:22:45","date_gmt":"2012-11-30T01:22:45","guid":{"rendered":"http:\/\/www.travelbymexico.com\/blog\/?p=13401"},"modified":"2012-11-29T19:22:45","modified_gmt":"2012-11-30T01:22:45","slug":"inah-aviso-de-cierre-de-museos-en-la-ciudad-de-mexico","status":"publish","type":"post","link":"https:\/\/www.travelbymexico.com\/blog\/13401-inah-aviso-de-cierre-de-museos-en-la-ciudad-de-mexico\/","title":{"rendered":"INAH: Aviso de cierre de museos en la ciudad de M\u00e9xico"},"content":{"rendered":"<h2>Hoy, 29 de noviembre de 2012, la Direcci\u00f3n de Medios de Comunicaci\u00f3n del Instituto Nacional de Antropolog\u00eda e Historia (DMC del INAH) difundi\u00f3 un aviso de cierre para el <span style=\"text-decoration: underline;\">Museo Nacional de Historia &#8220;Castillo de Chapultepec&#8221;<\/span> y el <span style=\"text-decoration: underline;\">Museo Nacional de las Culturas<\/span>, ambos situados en la ciudad de M\u00e9xico.<\/h2>\n<p><strong>El Museo Nacional de Historia &#8220;Castillo de Chapultepec&#8221; estar\u00e1 cerrado a la visita p\u00fablica <\/strong><strong>los d\u00edas<span style=\"text-decoration: underline;\"> viernes 30 de noviembre y s\u00e1bado 1 de diciembre de 2012<\/span>.\u00a0<\/strong><\/p>\n<p><em>Direcci\u00f3n: Prolongaci\u00f3n Reforma, dentro del Bosque de Chapultepec. Ciudad de M\u00e9xico, D.F. <\/em><br \/>\n<em>Estaci\u00f3n de Metro Auditorio, l\u00ednea 7.<\/em><\/p>\n<p><strong>El Museo Nacional de las Culturas estar\u00e1 cerrado <span style=\"text-decoration: underline;\">el viernes 30 de noviembre a partir de las 14:00 horas y todo el s\u00e1bado 1 de diciembre.<\/span><\/strong><\/p>\n<p><em>Direcci\u00f3n: Calle Moneda No.13, Centro Hist\u00f3rico de la , Ciudad de M\u00e9xico, D.F.<\/em><\/p>\n<p><strong><a title=\"Eventos culturales, exposiciones, conferencias, feria del libre, etc., en Todo M\u00e9xioc\" href=\"\u00a0http:\/\/www.travelbymexico.com\/blog\/cultura\/\" target=\"_blank\">Ver m\u00e1s noticias de Cultura en M\u00e9xico<\/a><\/strong> (Exposiciones, Feria del Libro, Conferencias, etc., en Todo M\u00e9xico)<\/p>\n","protected":false},"excerpt":{"rendered":"<p>Hoy, 29 de noviembre de 2012, la Direcci\u00f3n de Medios de Comunicaci\u00f3n del Instituto Nacional de Antropolog\u00eda e Historia (DMC<\/p>\n","protected":false},"author":2,"featured_media":13402,"comment_status":"closed","ping_status":"closed","sticky":false,"template":"","format":"standard","meta":[],"categories":[24,912],"tags":[4185,233,318,2793,656,1565,1661,9805],"_links":{"self":[{"href":"https:\/\/www.travelbymexico.com\/blog\/wp-json\/wp\/v2\/posts\/13401"}],"collection":[{"href":"https:\/\/www.travelbymexico.com\/blog\/wp-json\/wp\/v2\/posts"}],"about":[{"href":"https:\/\/www.travelbymexico.com\/blog\/wp-json\/wp\/v2\/types\/post"}],"author":[{"embeddable":true,"href":"https:\/\/www.travelbymexico.com\/blog\/wp-json\/wp\/v2\/users\/2"}],"replies":[{"embeddable":true,"href":"https:\/\/www.travelbymexico.com\/blog\/wp-json\/wp\/v2\/comments?post=13401"}],"version-history":[{"count":2,"href":"https:\/\/www.travelbymexico.com\/blog\/wp-json\/wp\/v2\/posts\/13401\/revisions"}],"predecessor-version":[{"id":13404,"href":"https:\/\/www.travelbymexico.com\/blog\/wp-json\/wp\/v2\/posts\/13401\/revisions\/13404"}],"wp:featuredmedia":[{"embeddable":true,"href":"https:\/\/www.travelbymexico.com\/blog\/wp-json\/wp\/v2\/media\/13402"}],"wp:attachment":[{"href":"https:\/\/www.travelbymexico.com\/blog\/wp-json\/wp\/v2\/media?parent=13401"}],"wp:term":[{"taxonomy":"category","embeddable":true,"href":"https:\/\/www.travelbymexico.com\/blog\/wp-json\/wp\/v2\/categories?post=13401"},{"taxonomy":"post_tag","embeddable":true,"href":"https:\/\/www.travelbymexico.com\/blog\/wp-json\/wp\/v2\/tags?post=13401"}],"curies":[{"name":"wp","href":"https:\/\/api.w.org\/{rel}","templated":true}]}}