{"id":13377,"date":"2012-11-26T19:47:09","date_gmt":"2012-11-27T01:47:09","guid":{"rendered":"http:\/\/www.travelbymexico.com\/blog\/?p=13377"},"modified":"2012-11-27T17:20:30","modified_gmt":"2012-11-27T23:20:30","slug":"feria-internacional-del-libro-de-guadalajara-2012","status":"publish","type":"post","link":"https:\/\/www.travelbymexico.com\/blog\/13377-feria-internacional-del-libro-de-guadalajara-2012\/","title":{"rendered":"Feria Internacional del Libro de Guadalajara 2012"},"content":{"rendered":"<h2>La Feria Internacional del Libro de Guadalajara es considerada una de las reuniones editoriales m\u00e1s importantes de Iberoam\u00e9rica para profesionistas del \u00e1rea literaria y para el p\u00fablico en general. Este a\u00f1o, se llevar\u00e1 a cabo del 24 de Noviembre al 2 de Diciembre de 2012 en las instalaciones de Expo Guadalajara.<\/h2>\n<p>El <strong>pa\u00eds invitado de honor en esta ocasi\u00f3n es Chile<\/strong>, mismo que trae en el suelo tapat\u00edo la complejidad y extensi\u00f3n de un territorio de hermosos paisajes, de gente c\u00e1lida de vasta cultura y sobre todo de una gran historia hermanada con M\u00e9xico. Este a\u00f1o la FIL trae a casa a uno de los\u00a0 pa\u00edses que ha cosechado el talento de grandes literatos y poetas de la \u00e9poca contempor\u00e1nea como <em><strong>Pablo Neruda<\/strong><\/em>, <em><strong>Jos\u00e9 Danoso<\/strong><\/em> y <strong><em>Gabriel Mistral<\/em><\/strong> entre muchos m\u00e1s.<\/p>\n<p>Chile ser\u00e1 llevado a los espectadores provenientes de los distintos puntos cardinales mediante el festival cultural que tiene como eje central la literatura y la difusi\u00f3n de la cultura invitada por medio de conciertos musicales, presentaciones de teatro, danza y cine. <span style=\"text-decoration: underline;\"><strong>Cada noche de la FIL se llevar\u00e1 a cabo un espect\u00e1culo en la explanada FIL<\/strong><\/span>.<br \/>\nDentro de la FIL se podr\u00e1n encontrar secciones destinadas exclusivamente <strong>para los ni\u00f1os y j\u00f3venes<\/strong>, as\u00ed como <strong>concursos<\/strong> y <strong>talleres<\/strong> que los incentiven en el arte de la lectura.<\/p>\n<p>La Feria Internacional del Libro es tambi\u00e9n la sede del <strong>Programa Acad\u00e9mico<\/strong> de organizado por El <em><strong>Centro Universitario de Ciencias Sociales y Humanidades<\/strong><\/em> (CUCSH) de la Universidad de Guadalajara, esta parte de la feria es considerada uno de los principales escaparates para el an\u00e1lisis, reflexi\u00f3n y desarrollo del conocimiento en Am\u00e9rica Latina, pues a \u00e9l acuden catedr\u00e1ticos, investigadores, periodistas e intelectuales de todo el mundo. El Programa Acad\u00e9mico se presenta a los asistentes en distintas modalidades como: <em><strong>seminarios, conferencias magistrales, coloquios, talleres y mesas redondas<\/strong><\/em>.<\/p>\n<p><span style=\"text-decoration: underline;\"><strong>Los encuentros acad\u00e9micos de mayor trayectoria dentro de la FIL son:\u00a0<\/strong><\/span><\/p>\n<p>Encuentro Internacional de Ciencias Sociales, Seminario Internacional de Comunicaci\u00f3n y Sociedad, Coloquio de Historia, Encuentro Internacional sobre Cultura Democr\u00e1tica, Encuentro de G\u00e9nero, Encuentro Internacional de Escritores Ind\u00edgenas y el Banquete FIL-Sof\u00eda entre otros.<\/p>\n<p><strong><a title=\"Programa de Premios y reconocimientos FIL 2012\" href=\"http:\/\/www.fil.com.mx\/prog\/prog_resul01.asp?r=2&amp;f=0&amp;an=&amp;aa=&amp;c=&amp;e=2012&amp;lan=1\" target=\"_blank\">Premios y reconocimientos FIL 2012<\/a><\/strong><br \/>\nReconocimiento al M\u00e9rito Editorial \/ Homenaje al Bibli\u00f3filo \/ Premio Sor Juana In\u00e9s de la Cruz \/ Homenaje ArpaFIL \/ Homenaje al Bibliotecario\/ Homenaje Nacional de Periodismo Cultural Fernando Ben\u00edtez\/ Homenaje de Caricatura La Catrina \/ Premios en colaboraci\u00f3n.<br \/>\n<a title=\"Chile, pa\u00eds invitado de honor de la FIL. Consulta el Programa de eventos \" href=\"http:\/\/www.fil.com.mx\/prog\/prog_resul01.asp?r=3&amp;f=0&amp;an=&amp;aa=&amp;c=&amp;e=2012&amp;lan=1\" target=\"_blank\"><br \/>\n<strong>Chile, Pa\u00eds Invitado de Honor<\/strong><\/a><br \/>\nPrograma literario \/ Espect\u00e1culos en el Foro FIL\/ Artes esc\u00e9nicas\/ Ciclo de cine \/ Artes visuales.<\/p>\n<p><strong><a title=\"Conoce el Programa completo de FIL LITERATURA\" href=\"http:\/\/www.fil.com.mx\/prog\/prog_resul01.asp?r=4&amp;f=0&amp;an=&amp;aa=&amp;c=&amp;e=2012&amp;lan=1 \" target=\"_blank\">FIL Literatura<\/a><\/strong><br \/>\nApertura del Sal\u00f3n Literario \/ Homenaje a Carlos Fuentes \/ Homenaje a Elena Poniatowska \/ Homenaje a Fernando del Paso \/ Destina\u00e7ao Brasil\/ Latinoam\u00e9rica Viva \/ Festival de las Letras Europeas \/ Encuentro Internacional de Cuentistas \/ Sal\u00f3n de la Poes\u00eda \/ Aullido de Allen Ginsberg\/ Violencia y Pol\u00edtica en la Literatura Argentina de las \u00daltimas D\u00e9cadas\/ Panorama de Letras Colombianas\/ Imaginarios de la Emancipaci\u00f3n: Literatura Costarricense Actual\/ Entre Letras Ecuatorianas\/ Fantas\u00eda Abreviada de la Literatura Peruana\/ Voces de Uruguay: Escritura y Contemporaneidad en el Nuevo Siglo\/Venezuela, Narrativas Migratorias\/ Presentaci\u00f3n de la novela Lowboy\/ Wolf Wondratschek y la historia de Mara\/ Corea y la Nueva Era Literaria\/ Literatura de Croacia\/\u00a0 Literatura de Gales\/ \/Literatura Contempor\u00e1nea de Quebec\/ Galas de El Placer de la Lectura\/ Nuevas Voces de Espa\u00f1a\/ Literatura Vasca y Conflicto Pol\u00edtico\/ Slam de Poes\u00eda\/ Jam de Literatura\/ Actividades Literarias de la Tercera Edad.<\/p>\n<h3><span style=\"text-decoration: underline;\">Horarios\u00a0 y fechas para acceso del p\u00fablico en general:<\/span><\/h3>\n<p>24, 25, 29 y 30 de Noviembre, 1 y 2 de Diciembre de 9:00 hrs.- 21:00 hrs.<br \/>\n26, 27 y 28 de Noviembre de 17:00 hrs. \u2013 21:00 hrs.<\/p>\n<h3><span style=\"text-decoration: underline;\">Horario y fechas para el acceso exclusivo a profesionales:\u00a0<\/span><\/h3>\n<p>26, 27 y 28 de Noviembre de 9:00 hrs- 17:00 hrs.<\/p>\n<p>Lugar: <span style=\"text-decoration: underline;\"><strong>Centro de Exposiciones Expo Guadalajara<\/strong><\/span>, Av. Mariano Otero No. 1499, Col. Verde Valle, Guadalajara, Jalisco.<\/p>\n<p>Boleto de entrada a la FIL de Guadalajara 2012:\u00a0 General $20.00 pesos. \/ Descuento $ 15.00 pesos.\u00a0 Incluye derecho a asistir a los foros literarios y culturales, al \u00e1rea de stands donde se lleva a cabo una exposici\u00f3n y venta de libros, los ni\u00f1os tienen derecho a disfrutar de las instalaciones de &#8220;FIL Ni\u00f1os&#8221;.<\/p>\n<p><strong><a title=\"Gu\u00eda de Hoteles en Guadalajara, Jalisco, M\u00e9xico\" href=\"http:\/\/www.travelbymexico.com\/guadalajara\/hoteles\" target=\"_blank\">Reserva tu hotel en Guadalajara, Jalisco, M\u00e9xico <\/a><\/strong><\/p>\n","protected":false},"excerpt":{"rendered":"<p>La Feria Internacional del Libro de Guadalajara es considerada una de las reuniones editoriales m\u00e1s importantes de Iberoam\u00e9rica para profesionistas<\/p>\n","protected":false},"author":2,"featured_media":13378,"comment_status":"closed","ping_status":"closed","sticky":false,"template":"","format":"standard","meta":[],"categories":[9,36],"tags":[1540,363,502,4161,4158,620,4159,4160,4163,3319,4162,1157,1483],"_links":{"self":[{"href":"https:\/\/www.travelbymexico.com\/blog\/wp-json\/wp\/v2\/posts\/13377"}],"collection":[{"href":"https:\/\/www.travelbymexico.com\/blog\/wp-json\/wp\/v2\/posts"}],"about":[{"href":"https:\/\/www.travelbymexico.com\/blog\/wp-json\/wp\/v2\/types\/post"}],"author":[{"embeddable":true,"href":"https:\/\/www.travelbymexico.com\/blog\/wp-json\/wp\/v2\/users\/2"}],"replies":[{"embeddable":true,"href":"https:\/\/www.travelbymexico.com\/blog\/wp-json\/wp\/v2\/comments?post=13377"}],"version-history":[{"count":10,"href":"https:\/\/www.travelbymexico.com\/blog\/wp-json\/wp\/v2\/posts\/13377\/revisions"}],"predecessor-version":[{"id":13380,"href":"https:\/\/www.travelbymexico.com\/blog\/wp-json\/wp\/v2\/posts\/13377\/revisions\/13380"}],"wp:featuredmedia":[{"embeddable":true,"href":"https:\/\/www.travelbymexico.com\/blog\/wp-json\/wp\/v2\/media\/13378"}],"wp:attachment":[{"href":"https:\/\/www.travelbymexico.com\/blog\/wp-json\/wp\/v2\/media?parent=13377"}],"wp:term":[{"taxonomy":"category","embeddable":true,"href":"https:\/\/www.travelbymexico.com\/blog\/wp-json\/wp\/v2\/categories?post=13377"},{"taxonomy":"post_tag","embeddable":true,"href":"https:\/\/www.travelbymexico.com\/blog\/wp-json\/wp\/v2\/tags?post=13377"}],"curies":[{"name":"wp","href":"https:\/\/api.w.org\/{rel}","templated":true}]}}