{"id":13247,"date":"2012-11-14T10:46:09","date_gmt":"2012-11-14T16:46:09","guid":{"rendered":"http:\/\/www.travelbymexico.com\/blog\/?p=13247"},"modified":"2012-11-13T23:15:03","modified_gmt":"2012-11-14T05:15:03","slug":"1o-encuentro-nacional-de-ecoturismo-indigena-2012","status":"publish","type":"post","link":"https:\/\/www.travelbymexico.com\/blog\/13247-1o-encuentro-nacional-de-ecoturismo-indigena-2012\/","title":{"rendered":"1\u00ba Encuentro Nacional de Ecoturismo Ind\u00edgena 2012"},"content":{"rendered":"<h2>La ciudad de Oaxaca ser\u00e1 la anfitriona del Primer Encuentro Nacional de Ecoturimo Ind\u00edgena al que participar\u00e1n m\u00e1s de 80 expositores de empresas y productos ecotur\u00edsticos provenientes de varios estados del pa\u00eds.<\/h2>\n<h2>El concierto de clausura estar\u00e1 a cargo de m\u00e1s de 1,000 ni\u00f1os y j\u00f3venes m\u00fasicos representantes de los Pueblos Ind\u00edgenas de Oaxaca.<\/h2>\n<p>En su primera edici\u00f3n el Encuentro Nacional de Ecoturismo Ind\u00edgena, se realizar\u00e1 del <strong>16 al 18 de Noviembre de 2012<\/strong> en la <a title=\"Alameda de Le\u00f3n, Centro Hist\u00f3rico de la Ciudad de Oaxaca\" href=\"http:\/\/www.travelbymexico.com\/oaxaca\/atractivos\/index.php?nom=eoaxalameda\" target=\"_blank\">Alameda de Le\u00f3n<\/a> ubicada en el Centro Hist\u00f3rico de la <a title=\"Reserva un hotel en la ciudad de Oaxaca\" href=\"http:\/\/www.travelbymexico.com\/oaxaca\/hoteles\" target=\"_blank\">ciudad de Oaxaca<\/a>.<\/p>\n<p>El objetivo central de este evento es el impulso a las empresas ecotur\u00edsticas de las comunidades ind\u00edgenas, as\u00ed como tambi\u00e9n la difusi\u00f3n de la importancia y la riqueza cultural que alberga cada una de estas comunidades.<\/p>\n<p>Entre las metas de este primer encuentro es generar espacios de intercambio de experiencias entre los miembros de las comunidades, los empresarios y los futuros visitantes. Buscando con esta nueva relaci\u00f3n el posicionamiento progresivo del ecoturismo ind\u00edgena como una actividad econ\u00f3mica sustentable para los pueblos ind\u00edgenas mexicanos.<\/p>\n<p>Durante esta primera edici\u00f3n del Encuentro Nacional de Ecoturismo Ind\u00edgena se prev\u00e9 la presencia de <strong>m\u00e1s de 80 expositores provenientes de estados como: Jalisco, Quintana Roo, Veracruz, Campeche, Michoac\u00e1n<\/strong> entre otros<strong>, <\/strong>y se tienen contempladas: <strong>actividades culturales, conferencias magistrales, mesas de negocios y exposici\u00f3n de productos tur\u00edsticos.<\/strong><\/p>\n<h3>Programa de eventos y actividades del<br \/>\n1er Encuentro Nacional de Ecoturismo Ind\u00edgena 2012<\/h3>\n<p><em>La entrada es gratuita.<\/em><\/p>\n<p><span style=\"text-decoration: underline;\"><strong>Viernes 16 de noviembre de 2012<\/strong><\/span><br \/>\n9:00-10:00 Registro de visitantes<br \/>\n10:30-10:55 <strong>Ceremonia Ritual para la inauguraci\u00f3n del Pabell\u00f3n Ecotur\u00edstico<\/strong><br \/>\n11:00-11:50 Inauguraci\u00f3n del Primer Encuentro Nacional de Ecoturismo Ind\u00edgena<br \/>\n(Participa la Comisi\u00f3n Nacional para el Desarrollo de los Pueblos Ind\u00edgenas)<br \/>\n11:50-12:20 Apertura del Pabell\u00f3n al p\u00fablico en general<br \/>\n12:30-13:00 Presentaci\u00f3n de la <strong>Danza de la Pluma<\/strong> (Grupo Cultural de San Jer\u00f3nimo Tlacochahuaya)<br \/>\n13:00-13:30 Demostraci\u00f3n de mayordom\u00eda de San Miguel del Valle<br \/>\nReceso<\/p>\n<p><strong>Inicio de Actividades Culturales:<\/strong><br \/>\n17:00-18:00 Presentaci\u00f3n del Torito Serrano (Comunidad de San Pablo Macuiltianguis)<br \/>\n19:00-20:00 <strong>Concierto de Marimba<\/strong> (Marimba Infantil de Capul\u00e1lpam de M\u00e9ndez)<\/p>\n<p><span style=\"text-decoration: underline;\"><strong>S\u00e1bado 17 de noviembre de 2012\u00a0<\/strong><\/span><\/p>\n<p>10:00-11:00 <span style=\"text-decoration: underline;\">Conferencia Magistral<\/span><br \/>\n&#8220;<strong><em>La Sabidur\u00eda Ind\u00edgena, valores y experiencias aut\u00e9nticas en el mundo&#8221;<\/em><\/strong><br \/>\nBen Sherman (World Indigenous Tourism Association-WINTA)<\/p>\n<p>11:00-12:00 Presentaci\u00f3n de Sones y Chilenas de la Costa. Grupo Cultural de R\u00edo Grande de Oaxaca<br \/>\n12:00-13:00 Interpretaci\u00f3n musical Sones y Chilenas. Grupo Cultural de R\u00edo Grande.<br \/>\nReceso<\/p>\n<p>17:00-18:00 <span style=\"text-decoration: underline;\">Conferencia Magistral<\/span><br \/>\n<em><strong>&#8220;Experiencias en la relaci\u00f3n comercial con Empresas Comunitarias&#8221;<\/strong><\/em><br \/>\nLic. Luis Fernando Gardu\u00f1o Hern\u00e1ndez &#8211; Red Sustentable Travel)<\/p>\n<p>18:00-19:00 Presentaci\u00f3n de Sones y Chilenas de la Costa. Grupo Cultural de R\u00edo Grande de Oaxaca<br \/>\n19:00-20:00 Presentaci\u00f3n de la Cultura del Pueblo Afro Mexicano: Danza de los Diablos, Costa Chica de Oaxaca.<\/p>\n<p><span style=\"text-decoration: underline;\"><strong>Domingo 18 de noviembre de 2012\u00a0<\/strong><\/span><\/p>\n<p>09:30-10:30 <span style=\"text-decoration: underline;\">Conferencia Magistral <\/span><br \/>\n<em><strong>&#8220;Casos de \u00e9xito de turismo ind\u00edgena en Latinoam\u00e9rica y potencialidad de este tipo de proyectos&#8221;<\/strong><\/em><br \/>\nDoc. Octavio Perera &#8211; Fondo Verde de Espa\u00f1a)<\/p>\n<p>10:30-11:30 <span style=\"text-decoration: underline;\">Conferencia Magistral<\/span><br \/>\n<em><strong>&#8220;\u00bfC\u00f3mo logran las comunidades abor\u00edgenes de Canad\u00e1, posicionarse en el mercado tur\u00edstico?<\/strong><\/em><br \/>\nKeith Henry (Asociaci\u00f3n de Turismo Aborigen de Columbia Brit\u00e1nica de Canad\u00e1)<\/p>\n<p>11:30-12:30 <span style=\"text-decoration: underline;\">Conferencia Magistral<\/span><br \/>\n<em><strong>&#8220;Estrategias de competitividad y desarrollo de capacidades en el \u00e1mbito tur\u00edstico para comunidades ind\u00edgenas y rurales de M\u00e9xico&#8221;<\/strong><\/em><br \/>\nLic. Juan Noriega Granados (Secretar\u00eda de Turismo Federal)<\/p>\n<p>12:30-13:45 Presentaci\u00f3n de la Guelaguetza a cargo de la Casa de la Cultura de Miahuatl\u00e1n<br \/>\n<strong>16:00 Clausura del Pabell\u00f3n de Exposici\u00f3n<\/strong><br \/>\n16:00-17:00 Tradicional Calenda de los Valles Centrales a cargo de las Chinas Oaxaque\u00f1as de Santa Mar\u00eda Guelace<\/p>\n<p><span style=\"text-decoration: underline;\"><strong>Magno Concierto en la Plaza de la Danza:<\/strong><\/span><\/p>\n<p>17:00-20:00 <strong>V Concierto de Bandas de M\u00fasica de los Pueblos Ind\u00edgenas de Oaxaca<\/strong> a cargo de m\u00e1s de <span style=\"text-decoration: underline;\">1,000 ni\u00f1os y j\u00f3venes m\u00fasicos ind\u00edgenas de Oaxaca<\/span>.<\/p>\n<p><strong><a title=\"Reserva un hotel en la ciudad de Oaxaca\" href=\"http:\/\/www.travelbymexico.com\/oaxaca\/hoteles\" target=\"_blank\">Reserva un hotel en la ciudad de Oaxaca <\/a><\/strong><\/p>\n","protected":false},"excerpt":{"rendered":"<p>La ciudad de Oaxaca ser\u00e1 la anfitriona del Primer Encuentro Nacional de Ecoturimo Ind\u00edgena al que participar\u00e1n m\u00e1s de 80<\/p>\n","protected":false},"author":2,"featured_media":13248,"comment_status":"closed","ping_status":"closed","sticky":false,"template":"","format":"standard","meta":[],"categories":[36],"tags":[4039,4044,4042,363,400,4038,4040,4041,466,509,3100,2459,916,2791,4043,1886],"_links":{"self":[{"href":"https:\/\/www.travelbymexico.com\/blog\/wp-json\/wp\/v2\/posts\/13247"}],"collection":[{"href":"https:\/\/www.travelbymexico.com\/blog\/wp-json\/wp\/v2\/posts"}],"about":[{"href":"https:\/\/www.travelbymexico.com\/blog\/wp-json\/wp\/v2\/types\/post"}],"author":[{"embeddable":true,"href":"https:\/\/www.travelbymexico.com\/blog\/wp-json\/wp\/v2\/users\/2"}],"replies":[{"embeddable":true,"href":"https:\/\/www.travelbymexico.com\/blog\/wp-json\/wp\/v2\/comments?post=13247"}],"version-history":[{"count":2,"href":"https:\/\/www.travelbymexico.com\/blog\/wp-json\/wp\/v2\/posts\/13247\/revisions"}],"predecessor-version":[{"id":13250,"href":"https:\/\/www.travelbymexico.com\/blog\/wp-json\/wp\/v2\/posts\/13247\/revisions\/13250"}],"wp:featuredmedia":[{"embeddable":true,"href":"https:\/\/www.travelbymexico.com\/blog\/wp-json\/wp\/v2\/media\/13248"}],"wp:attachment":[{"href":"https:\/\/www.travelbymexico.com\/blog\/wp-json\/wp\/v2\/media?parent=13247"}],"wp:term":[{"taxonomy":"category","embeddable":true,"href":"https:\/\/www.travelbymexico.com\/blog\/wp-json\/wp\/v2\/categories?post=13247"},{"taxonomy":"post_tag","embeddable":true,"href":"https:\/\/www.travelbymexico.com\/blog\/wp-json\/wp\/v2\/tags?post=13247"}],"curies":[{"name":"wp","href":"https:\/\/api.w.org\/{rel}","templated":true}]}}