{"id":13127,"date":"2012-11-02T21:36:19","date_gmt":"2012-11-03T03:36:19","guid":{"rendered":"http:\/\/www.travelbymexico.com\/blog\/?p=13127"},"modified":"2012-11-26T13:00:57","modified_gmt":"2012-11-26T19:00:57","slug":"festival-novo-2012-noviembre-cultural-en-oaxaca","status":"publish","type":"post","link":"https:\/\/www.travelbymexico.com\/blog\/13127-festival-novo-2012-noviembre-cultural-en-oaxaca\/","title":{"rendered":"Festival NovO 2012, Noviembre Cultural en Oaxaca"},"content":{"rendered":"<h2>M\u00e1s de 150 expresiones art\u00edsticas de la m\u00fasica, literatura, cine y dise\u00f1o en el &#8220;Festival NovO 2012&#8221; a celebrarse en la ciudad de <a title=\"Reserva tu hotel en la ciudad de Oaxaca\" href=\"http:\/\/www.travelbymexico.com\/oaxaca\/hoteles\" target=\"_blank\">Oaxaca<\/a>. El pa\u00eds invitado de honor es la Rep\u00fablica Federal de Alemania.<\/h2>\n<p>Organizado por el Gobierno de Oaxaca y la Fundaci\u00f3n Alfredo Harp, la segunda edici\u00f3n del &#8220;Festival NovO&#8221; promover\u00e1 las artes en Oaxaca con m\u00e1s de 150 expresiones art\u00edsticas de la m\u00fasica, literatura, cine y dise\u00f1o agrupadas en <span style=\"text-decoration: underline;\"><strong>cinco iniciativas culturales<\/strong><\/span>:<\/p>\n<p>&#8211; XXXII Feria Internacional del Libro Oaxaca 2012, FILO 2012<br \/>\n&#8211; Instrumenta Oaxaca<br \/>\n&#8211; OaxacaCine Alcal\u00e1<br \/>\n&#8211; 18\u00ba Festival de Oto\u00f1o Eduardo Mata<br \/>\n&#8211; Actividades del Centro de Dise\u00f1o de Oaxaca<\/p>\n<h3><span style=\"text-decoration: underline;\"><strong>XXXII Feria Internacional del Libro Oaxaca 2012, FILO 2012<\/strong><\/span><\/h3>\n<p><em>Dedicada al escritor mexicano <strong>Jos\u00e9 Emilio Pacheco<\/strong>. del <span style=\"text-decoration: underline;\"><strong>01 al 11 de noviembre<\/strong><\/span> en la <a title=\"Alameda de Le\u00f3n, en la ciudad de Oaxaca\" href=\"http:\/\/www.travelbymexico.com\/oaxaca\/atractivos\/index.php?nom=eoaxalameda\" target=\"_blank\">Alameda de Le\u00f3n<\/a>. M\u00e1s de cien casas editoriales, 80 escritores, talleres literarios. <\/em><\/p>\n<p><em><em><span style=\"text-decoration: underline;\">Participar\u00e1n los escritores<\/span> Juan Villoro, Sergio Pintol, Marcelo Uribe y Margo Glantz. <\/em><\/em><\/p>\n<p><em><span style=\"text-decoration: underline;\">Cientos de actividades<\/span>: presentaci\u00f3n de libro, lecturas, conferencias, espect\u00e1culos de danza, teatro y marionetas<\/em>. <em><\/em><\/p>\n<p><em>Concierto de<strong> Michael Nyman<\/strong> <em>con &#8220;The Piano Sings&#8221; <\/em>el 9 <em>de noviembre de 2012 las 20 horas en el Teatro Macedonio Alcal\u00e1<\/em> <\/em><\/p>\n<p><em><em>Concierto gratuito de <strong>Lila Downs<\/strong> el 11<\/em> de noviembre de 2012, Gran Cierre de la Feria en La Estaci\u00f3n, del Museo del Ferrocarril Mexicano.<\/em><\/p>\n<p><strong>Descarga el programa completo de la FILO 2012, <a title=\"Programa completo de la Feria Internacional del Libro Oaxaca 2012\" href=\"http:\/\/www.vivelalectura.com.mx\/programaPdf\/2\/NovO_2012_PROGRAMA_04%20copia.pdf\" target=\"_blank\">aqu\u00ed<\/a>.<\/strong><\/p>\n<h3><span style=\"text-decoration: underline;\"><strong>Instrumenta Oaxaca, del 14 al 25 de noviembre<\/strong><\/span>:<em> <\/em><\/h3>\n<p><em><em>Programa impulsado por la Fundaci\u00f3n Alfredo Harp Hel\u00fa Oaxaca, en colaboraci\u00f3n con el Gobierno del Estado de Oaxaca y el Consejo Nacional para la Cultura y las Artes (CONACULTA).\u00a0 <\/em><\/em><\/p>\n<p><em><em>d<strong>el 14 al 17 de noviembre en el CECAM, Tlahuitoltepec<\/strong><strong> <\/strong><\/em><\/em><\/p>\n<p><em><em><strong>del 18 al 25 de noviembre en la Ciudad de Oaxaca<\/strong> : <\/em>Teatro Macedonio Alcal\u00e1, el Centro Cultural y Acad\u00e9mico San Pablo de la Fundaci\u00f3n Alfredo Harp Hel\u00fa, el templo de Santo Domingo, el Museo de Arte Moderno y el Andador tur\u00edstico.<\/em><\/p>\n<p><em>26 conciertos, dos exposiciones, cuatro conferencias, m\u00e1s de 400 horas de curso-talleres en beneficio de 320 alumnos con la presencia de 30 destacados maestros y ensambles en el escenario nacional e internacional. <\/em><\/p>\n<p><span style=\"text-decoration: underline;\"><strong><em>Instrumenta Oaxaca rendir\u00e1 homenaje a:\u00a0 <\/em><\/strong><\/span><\/p>\n<p><em>Centenario de John Cage, Conlon Nancarrow y Jos\u00e9 Pablo Moncayo<br \/>\n150 aniversario de Claude Debussy<br \/>\n70 aniversario de Eduardo Mata<br \/>\nExposici\u00f3n Jos\u00e9 Pablo Moncayo 100 a\u00f1os ser\u00e1 inaugurada el lunes 19 de noviembre, a las 10:00 horas, en la Escuela Superior de M\u00fasica de la UABJO<br \/>\nExposiciones dedicadas a Conlon Nancarrow y Jos\u00e9 Pablo Moncayo<br \/>\nReconocimiento a la trayectoria al Dr. Ruy P\u00e9rez Tamayo\u00a0 con una escultura comisionada a Luis Z\u00e1rate<br \/>\n<\/em><\/p>\n<h3><span style=\"text-decoration: underline;\"><strong>OaxacaCine Alcal\u00e1<\/strong>, <strong><em>del 12 al 17 de noviembre<\/em><\/strong><\/span><em> <\/em><\/h3>\n<p><em>Proyecci\u00f3n de <strong>6 pel\u00edculas <\/strong><\/em>en el <a title=\"Teatro Macedonio Alcal\u00e1: rese\u00f1a, fotograf\u00edas y mapa de ubicaci\u00f3n\" href=\"http:\/\/www.travelbymexico.com\/oaxaca\/atractivos\/index.php?nom=eoaxmacedonio\" target=\"_blank\">Teatro Macedonio Alcal\u00e1<\/a> (<em>Independencia No. 900, Centro Hist\u00f3rico, Oaxaca de Ju\u00e1rez, Oaxaca, Oax.)<\/em><strong><\/strong><\/p>\n<p><span style=\"text-decoration: underline;\">Inauguraci\u00f3n<\/span>: lunes 12 de noviembre\u00a0 a las 19:00 horas con la proyecci\u00f3n de la <strong>pel\u00edcula \u201cAlto en el Camino\u201d<\/strong> Dir. Andreas Dresen. Alemania 2011. 110 min., Digital<br \/>\n<span style=\"text-decoration: underline;\">Clausura:<\/span> 17 de noviembre a las 19:00, proyecci\u00f3n de\u00a0 la <strong>pel\u00edcula \u201cBerl\u00edn, Sinfon\u00eda de una Gran Ciudad\u201d<\/strong> Dir: Walter Ruttmann. Pa\u00eds: Alemania. A\u00f1o: 1927<\/p>\n<h3><span style=\"text-decoration: underline;\"><strong>18\u00ba Festival de Oto\u00f1o Eduardo Mata <\/strong><\/span><\/h3>\n<p><strong>del 26 de noviembre al 01 de diciembre de 2012 &#8211; <a title=\"Programa de eventos y actividades del 18\u00ba Festival de Oto\u00f1o Eduardo Mata en M\u00e9xico\" href=\"http:\/\/www.travelbymexico.com\/blog\/13324-18o-festival-de-otono-eduardo-mata-en-oaxaca\" target=\"_blank\"><em>Ver el programa completo aqu\u00ed<\/em><br \/>\n<\/a><\/strong><\/p>\n<p><em>Participar\u00e1n agrupaciones destacadas a nivel estatal y nacional, como el Quinteto de Metales \u201cEduardo Mata\u201d, la Orquesta Sinf\u00f3nica Infantil y Juvenil \u201cEsperanza Azteca\u201d, \u201cTriplum Ensamble\u201d y la Banda de M\u00fasica del Estado.<\/em><\/p>\n<h3><span style=\"text-decoration: underline;\"><strong>Actividades del Centro de Dise\u00f1o de Oaxaca<\/strong><\/span><\/h3>\n<p><em>El Centro de Dise\u00f1o de Oaxaca es la primera instituci\u00f3n p\u00fablica a nivel nacional que promueve al dise\u00f1o como herramienta estrat\u00e9gica para impulsar el desarrollo social, econ\u00f3mico y cultural del estado.<\/em><\/p>\n<p><span style=\"text-decoration: underline;\"><strong>Calendario de actividades del Centro de Dise\u00f1o de Oaxaca<\/strong><\/span>: Eventos en colaboraci\u00f3n con el Circuito Cultural Acad\u00e9mico Feria Internacional del Libro Infantil y Juvenil <a title=\"Feria Internacional del Libro Infantil y Juvenil 2012\" href=\"http:\/\/www.travelbymexico.com\/blog\/13006-feria-internacional-del-libro-infantil-y-juvenil-2012\" target=\"_blank\">FILIJ<\/a>-CONACULTA<\/p>\n<p style=\"text-decoration: underline;\"><span style=\"text-decoration: underline;\"><strong>1) Mesa redonda:<\/strong> <strong>La Ilustraci\u00f3n en el Mundo Editorial Mexicano<\/strong><\/span><br \/>\n<em>Martes 20 de noviembre 2012 a las 19:00hrs.<\/em> <span style=\"text-decoration: underline;\">Lugar: Centro de Dise\u00f1o de Oaxaca<\/span><\/p>\n<p><em>Participantes: Valeria Gallo (ilustradora y animadora); Enrique Torralba (ilustrador); Andrea Fuentes (editora).<\/em><br \/>\nReforma esquina Constituci\u00f3n, Col. Centro. Entrada por Jard\u00edn Etnobot\u00e1nico.<\/p>\n<p><span style=\"text-decoration: underline;\"><strong>2) Presentaci\u00f3n de la colecci\u00f3n \u201cHab\u00eda otra vez\u201d<\/strong><\/span><br \/>\n<em>Martes 20 de noviembre 2012 a las 20:00hrs.\u00a0Lugar: Centro de Dise\u00f1o de Oaxaca<\/em><\/p>\n<p><span style=\"text-decoration: underline;\">Participantes<\/span>: Alejandro Garc\u00eda-Schnetzer (autor y editor); Uzyel Karp (experto en tipograf\u00eda y edici\u00f3n); Rebeca Cerda (editora y dise\u00f1adora); Antonio Santos (Escultor, ilustrador, pintor y escritor, ganador del Premio Daniel Gil al Mejor Libro Infantil (2003) y 2\u00ba Premio Nacional de Ilustraci\u00f3n del Ministerio de Cultura de Espa\u00f1a (2004)<\/p>\n<p><span style=\"text-decoration: underline;\"><strong>3) Conferencia Magistral: Tarabooks: Proyectos Editoriales con artesanos<\/strong><\/span><br \/>\n<em>Mi\u00e9rcoles 21 de noviembre 2012 a las 19:00hrs. Lugar: Centro de Dise\u00f1o de Oaxaca <\/em><\/p>\n<p><span style=\"text-decoration: underline;\">Impartida por<\/span> <strong>Gita Wolf<\/strong>, autora considerada como una de las voces m\u00e1s originales y creativas del <strong>mundo editorial indio<\/strong>.<\/p>\n<p><span style=\"text-decoration: underline;\"><strong>4) Exposici\u00f3n &#8220;Studio Manuel Raeder&#8221;<\/strong><\/span><br \/>\n<em>Jueves 22 de noviembre 2012 a las 19:00hrs<\/em>. Lugar: Galer\u00eda Manuel Garc\u00eda (Portal Benito Ju\u00e1rez No.110 altos, Centro Hist\u00f3rico).<\/p>\n<p><em>Estudio de dise\u00f1o multidisciplinario con base en Berl\u00edn el Studio Manuel Raeder ha dise\u00f1ado, editado y publicado m\u00e1s de 100 libros de artista y desarrollado estrategias de comunicaci\u00f3n e identidad gr\u00e1fica para instituciones culturales y proyectos propios de mobiliario.<\/em><\/p>\n<p>&nbsp;<\/p>\n<p>&nbsp;<\/p>\n","protected":false},"excerpt":{"rendered":"<p>M\u00e1s de 150 expresiones art\u00edsticas de la m\u00fasica, literatura, cine y dise\u00f1o en el &#8220;Festival NovO 2012&#8221; a celebrarse en<\/p>\n","protected":false},"author":2,"featured_media":13128,"comment_status":"closed","ping_status":"closed","sticky":false,"template":"","format":"standard","meta":[],"categories":[37,912],"tags":[3243,3151,1351,360,363,3893,1622,3667,4118,3887,3890,2873,2300,3888,3889,762,2629,2031,3892,916,1053,3891],"_links":{"self":[{"href":"https:\/\/www.travelbymexico.com\/blog\/wp-json\/wp\/v2\/posts\/13127"}],"collection":[{"href":"https:\/\/www.travelbymexico.com\/blog\/wp-json\/wp\/v2\/posts"}],"about":[{"href":"https:\/\/www.travelbymexico.com\/blog\/wp-json\/wp\/v2\/types\/post"}],"author":[{"embeddable":true,"href":"https:\/\/www.travelbymexico.com\/blog\/wp-json\/wp\/v2\/users\/2"}],"replies":[{"embeddable":true,"href":"https:\/\/www.travelbymexico.com\/blog\/wp-json\/wp\/v2\/comments?post=13127"}],"version-history":[{"count":7,"href":"https:\/\/www.travelbymexico.com\/blog\/wp-json\/wp\/v2\/posts\/13127\/revisions"}],"predecessor-version":[{"id":13132,"href":"https:\/\/www.travelbymexico.com\/blog\/wp-json\/wp\/v2\/posts\/13127\/revisions\/13132"}],"wp:featuredmedia":[{"embeddable":true,"href":"https:\/\/www.travelbymexico.com\/blog\/wp-json\/wp\/v2\/media\/13128"}],"wp:attachment":[{"href":"https:\/\/www.travelbymexico.com\/blog\/wp-json\/wp\/v2\/media?parent=13127"}],"wp:term":[{"taxonomy":"category","embeddable":true,"href":"https:\/\/www.travelbymexico.com\/blog\/wp-json\/wp\/v2\/categories?post=13127"},{"taxonomy":"post_tag","embeddable":true,"href":"https:\/\/www.travelbymexico.com\/blog\/wp-json\/wp\/v2\/tags?post=13127"}],"curies":[{"name":"wp","href":"https:\/\/api.w.org\/{rel}","templated":true}]}}