{"id":13037,"date":"2012-10-31T00:48:45","date_gmt":"2012-10-31T06:48:45","guid":{"rendered":"http:\/\/www.travelbymexico.com\/blog\/?p=13037"},"modified":"2012-10-31T00:53:36","modified_gmt":"2012-10-31T06:53:36","slug":"se-despide-la-coleccion-blaisten-en-noche-de-museos","status":"publish","type":"post","link":"https:\/\/www.travelbymexico.com\/blog\/13037-se-despide-la-coleccion-blaisten-en-noche-de-museos\/","title":{"rendered":"Se despide la Colecci\u00f3n Blaisten en Noche de Museos"},"content":{"rendered":"<h2>La Colecci\u00f3n Blaisten dejar\u00e1 de exhibirse en el Centro Cultural Universitario Tlatelolco. Como despedida, el empresario y especialista en arte <span style=\"text-decoration: underline;\">Andr\u00e9s Blaisten ofrecer\u00e1 una visita guiada<\/span> durante la <span style=\"text-decoration: underline;\">&#8220;Noche de Museos&#8221;<\/span> del Mi\u00e9rcoles 29 de octubre de 2012.<\/h2>\n<h3><span style=\"text-decoration: underline;\"><em>Una de las colecciones de Arte Mexicano mas amplias e importantes del mundo <\/em><\/span><\/h3>\n<p><em>La &#8220;Colecci\u00f3n Blaisten&#8221; presenta m\u00e1s de 130 obras de arte, entre pinturas y esculturas, realizadas en M\u00e9xico entre 1900 y 1960. <\/em><\/p>\n<p><em><span style=\"text-decoration: underline;\"><strong>Re\u00fane obras de artistas como<\/strong><\/span> Dr. Atl, Jos\u00e9 Clemente Orozco, Diego Rivera, Ferm\u00edn Revueltas, David Alfaro Siqueiros, Juan Soriano, Rufino Tamayo, Julio Ruelas, Mar\u00eda Izquierdo, \u00c1ngel Z\u00e1rraga y Saturnino Herr\u00e1n, entre otros. <\/em><\/p>\n<h3><span style=\"text-decoration: underline;\">Lleg\u00f3 a su fin el convenio de colaboraci\u00f3n con la UNAM:\u00a0<\/span><\/h3>\n<p>En exhibici\u00f3n en el Centro Cultural Universitario Tlatelolco (CCUT) desde hace cinco a\u00f1os, la colecci\u00f3n del empresario y especialista en arte Andr\u00e9s Blaisten es\u00a0\u00a0 considerada como una de las colecciones de Arte Mexicano mas amplias e importantes del mundo.<\/p>\n<p>No obstante, al llegar a su fin el pasado 6 de octubre de 2012 el convenio de colaboraci\u00f3n que suscribi\u00f3 con la Universidad Nacional Aut\u00f3noma de M\u00e9xico (UNAM), la Colecci\u00f3n Blaisten saldr\u00e1 de este recinto pero no sin antes invitar al p\u00fablico a despedirse durante la &#8220;Noche de Museos&#8221; del mi\u00e9rcoles 29 de octubre de 2012, en la que <strong>como despedida el Sr Andr\u00e9s Blaisten dar\u00e1 una visita guiada a las 6 pm y a las 7 pm<\/strong>.<\/p>\n<p>El cupo es limitado, por lo que te aconsejamos reservar a los tel\u00e9fonos: 5491-1615 \/ 5021-3983.<\/p>\n<p><strong>Direcci\u00f3n del CCUT<\/strong>: Ricardo Flores Mag\u00f3n No. 1, Nonoalco Tlatelolco, M\u00e9xico, D.F. M\u00e9xico.<br \/>\nTel\u00e9fonos: 5583 3086<\/p>\n<h3><span style=\"text-decoration: underline;\">Enlaces:<\/span><\/h3>\n<p><strong><a title=\"Sitio web de la Colecci\u00f3n Blaisten en el CCUT\" href=\"http:\/\/www.museoblaisten.com\/v2008\/\" target=\"_blank\">Colecci\u00f3n Blaisten <\/a><\/strong><\/p>\n<p><strong><a title=\"Museos, Exhibiciones, Eventos culturales en Todo M\u00e9xico\" href=\"http:\/\/www.travelbymexico.com\/blog\/cultura\" target=\"_blank\">Exhibiciones, museos, eventos culturales en Todo M\u00e9xico, aqu\u00ed en la secci\u00f3n &#8220;Cultura&#8221; del Blog de Travelbymexico<\/a>\u00a0<\/strong><\/p>\n","protected":false},"excerpt":{"rendered":"<p>La Colecci\u00f3n Blaisten dejar\u00e1 de exhibirse en el Centro Cultural Universitario Tlatelolco. Como despedida, el empresario y especialista en arte<\/p>\n","protected":false},"author":2,"featured_media":13038,"comment_status":"closed","ping_status":"closed","sticky":false,"template":"","format":"standard","meta":[],"categories":[9,24,912],"tags":[3851,3850,268,2453,1734,3379,416,2360,712,1561,3852,2446,1535,1525,1208,1236,2552],"_links":{"self":[{"href":"https:\/\/www.travelbymexico.com\/blog\/wp-json\/wp\/v2\/posts\/13037"}],"collection":[{"href":"https:\/\/www.travelbymexico.com\/blog\/wp-json\/wp\/v2\/posts"}],"about":[{"href":"https:\/\/www.travelbymexico.com\/blog\/wp-json\/wp\/v2\/types\/post"}],"author":[{"embeddable":true,"href":"https:\/\/www.travelbymexico.com\/blog\/wp-json\/wp\/v2\/users\/2"}],"replies":[{"embeddable":true,"href":"https:\/\/www.travelbymexico.com\/blog\/wp-json\/wp\/v2\/comments?post=13037"}],"version-history":[{"count":5,"href":"https:\/\/www.travelbymexico.com\/blog\/wp-json\/wp\/v2\/posts\/13037\/revisions"}],"predecessor-version":[{"id":13043,"href":"https:\/\/www.travelbymexico.com\/blog\/wp-json\/wp\/v2\/posts\/13037\/revisions\/13043"}],"wp:featuredmedia":[{"embeddable":true,"href":"https:\/\/www.travelbymexico.com\/blog\/wp-json\/wp\/v2\/media\/13038"}],"wp:attachment":[{"href":"https:\/\/www.travelbymexico.com\/blog\/wp-json\/wp\/v2\/media?parent=13037"}],"wp:term":[{"taxonomy":"category","embeddable":true,"href":"https:\/\/www.travelbymexico.com\/blog\/wp-json\/wp\/v2\/categories?post=13037"},{"taxonomy":"post_tag","embeddable":true,"href":"https:\/\/www.travelbymexico.com\/blog\/wp-json\/wp\/v2\/tags?post=13037"}],"curies":[{"name":"wp","href":"https:\/\/api.w.org\/{rel}","templated":true}]}}