{"id":13006,"date":"2012-10-29T10:54:36","date_gmt":"2012-10-29T16:54:36","guid":{"rendered":"http:\/\/www.travelbymexico.com\/blog\/?p=13006"},"modified":"2012-10-31T21:06:07","modified_gmt":"2012-11-01T03:06:07","slug":"feria-internacional-del-libro-infantil-y-juvenil-2012","status":"publish","type":"post","link":"https:\/\/www.travelbymexico.com\/blog\/13006-feria-internacional-del-libro-infantil-y-juvenil-2012\/","title":{"rendered":"Feria Internacional del Libro Infantil y Juvenil 2012"},"content":{"rendered":"<h2>Eventos culturales y Cartelera de Conciertos de la FILIJ 2012 en el (Cenart).<\/h2>\n<h2>La Ciudad de M\u00e9xico ser\u00e1 el escenario de la 32\u00b0 Feria Internacional del Libro Infantil y Juvenil (FILIJ) que se llevar\u00e1 a cabo en las instalaciones del Centro Nacional de las Artes <span style=\"text-decoration: underline;\">del 9 al 19 de noviembre de 2012<\/span> en un horario de 10:00 a 20:00 horas. La entrada es libre.<\/h2>\n<p>La <strong>32\u00aa Feria Internacional del Libro Infantil y Juvenil<\/strong>\u00a0 tiene como objetivo el <strong>fomento de la lectura en los ni\u00f1os y j\u00f3venes de M\u00e9xico<\/strong>, a su vez es una plataforma donde editores nacionales e internacionales muestran su obra a libreros, distribuidores y especialistas. Otro de sus objetivos es motivar el intercambio cultural entre M\u00e9xico y otros pa\u00edses del mundo.<\/p>\n<p><em><strong>En la FILIJ 2012, encontrar\u00e1s cerca de 121 fondos editoriales.\u00a0<\/strong><\/em><\/p>\n<h3><span style=\"text-decoration: underline;\">Programa de Conciertos, Feria Internacional del Libro Infantil y Juvenil, 2012:<\/span><\/h3>\n<p><strong>Mir\u00f3 Rock On<\/strong> &#8211; Viernes 9 de Noviembre a las 4:00 p.m.<br \/>\n<strong>YUCATAN A GO GO<\/strong> &#8211; Viernes 9 de Noviembre a las 7:00 p.m.<br \/>\n<strong>Play &amp; Movil Project<\/strong> &#8211; S\u00e1bado 10 de Noviembre a las 4:00 p.m.<br \/>\n<strong>Liquits<\/strong> &#8211; S\u00e1bado 10 de Noviembre a las 7:00 p.m.<br \/>\n<strong>URSS BAJO EL ARBOL<\/strong> &#8211; Domingo 11 de Noviembre a las 5:30 p.m.<br \/>\n<strong>AUSTIN TV<\/strong> &#8211; Domingo 11 de Noviembre a las 7:00 p.m.<br \/>\n<strong>Dapuntobeat<\/strong> &#8211; Viernes 16 de Noviembre a las\u00a0 5:30 p.m.<br \/>\n<strong>3 dudes and a mullet<\/strong> &#8211; S\u00e1bado 17 de Noviembre a las 11:00 A.M.<br \/>\n<strong>CECILIA TOUSSAINT<\/strong> &#8211; Domingo 18 de Noviembre a las 5:30 p.m.<br \/>\n<strong>Botellita de Jerez<\/strong> &#8211; Domingo 18 de Noviembre a las 7:00 p.m.<\/p>\n<h3>Eventos para estudiantes y profesionales de los ramos de la escritura, la ilustraci\u00f3n y la edici\u00f3n:<\/h3>\n<p><strong>*<\/strong>Encuentro Internacional de Cultura Lectora<br \/>\n-Clases Magistrales de Ilustraci\u00f3n y Edici\u00f3n<br \/>\n-Laboratorio de Proyectos<br \/>\n-Circuito Acad\u00e9mico-Cultural en Ciudad de M\u00e9xico, Xalapa y Oaxaca<br \/>\n-Encuentro de Bibliotecarios<br \/>\n-Encuentro Nacional de Libreros y Editores<\/p>\n<h3><span style=\"text-decoration: underline;\">*Encuentro Internacional de Cultura Lectora<\/span>:<br \/>\n&#8220;La lectura como v\u00ednculo de la diversidad cultural&#8221;<\/h3>\n<p>Evento para estudiantes y profesionales del campo del fomento a la lectura, el II Encuentro Internacional de Cultura Lectora tendr\u00e1 como tema &#8220;La lectura como v\u00ednculo de la diversidad cultural&#8221;: A trav\u00e9s de una serie de **<strong>conferencias y **talleres<\/strong>, editores, promotores, escritores y acad\u00e9micos compartir\u00e1n sus experiencias y conocimiento con el p\u00fablico, y expondr\u00e1n sus estrategias para el fomento de la lectura y de la creaci\u00f3n de una cultura lectora en el pa\u00eds; asimismo, se revisar\u00e1n investigaciones y postulados que traten esta tem\u00e1tica.<\/p>\n<p><span style=\"text-decoration: underline;\">**Para asistir a las conferencias y talleres es necesario estar inscrito<\/span>. Para mayor informaci\u00f3n sobre los talleres y conferencias: (55) 4155 0600, ext. 9095.<\/p>\n<h3>Programa II Encuentro Internacional de Cultura Lectora<\/h3>\n<p><span style=\"text-decoration: underline;\">CONFERENCIAS en el Teatro de las Artes del CENART:<\/span><\/p>\n<p><span style=\"text-decoration: underline;\"><strong>Lunes 12 de noviembre de 2012<\/strong><\/span><\/p>\n<p>9:00 hrs. \/ Inauguraci\u00f3n y Entrega del Premio Hispanoamericano de Poes\u00eda para Ni\u00f1os<br \/>\n10:00 hrs. \/ Conferencia: Cuando el lector toma la palabra la web 2.0 \u00bfuna autopista a la diversidad?<br \/>\n11:30 hrs. \/ Conferencia: Escribiendo a oscuras<br \/>\n15:00 hrs. \/ Presentaci\u00f3n: Los personajes de la literatura indigenista: voces del lector.<\/p>\n<p><span style=\"text-decoration: underline;\"><strong>Martes 13 de noviembre de 2012<\/strong><\/span><\/p>\n<p>10:00 hrs. \/ Conferencia: Las tradiciones del arte ind\u00edgena y la literatura infantil<br \/>\n11:30 hrs. \/ Conferencia: Literatura y Diversidad<br \/>\n15:00 hrs. \/ Presentaci\u00f3n: La Lectura como espejo y ventana; camino y encuentro<\/p>\n<p><span style=\"text-decoration: underline;\"><strong>Mi\u00e9rcoles 14 de noviembre de 2012<\/strong><\/span><\/p>\n<p>10:00 hrs. \/Conferencia: Lectura, ambientes y narrativas para la diversidad.<br \/>\n11:30 hrs. \/ Conferencia: Desde la otra orilla.<br \/>\n15:00 hrs. \/ Presentaci\u00f3n: Las maldades y las maldiciones de la lectura.<\/p>\n<p><span style=\"text-decoration: underline;\"><strong>Jueves 15 de noviembre de 2012<\/strong><\/span><\/p>\n<p>10:00 hrs. \/ Conferencia: Arqueolog\u00eda de dos h\u00e1bitos intelectuales: la lectura y la escritura.<br \/>\n11:30 hrs. \/ Conferencia: La cultura lectora, fundamento para la construcci\u00f3n de sociedades democr\u00e1ticas.<br \/>\n15:00 hrs. \/ Presentaci\u00f3n: Programa Nacional de Lectura: La Experiencia Nuevo Le\u00f3n.<\/p>\n<p>TALLERES en la Biblioteca de las Artes del CENART:<\/p>\n<p><span style=\"text-decoration: underline;\"><strong>Viernes 16 y s\u00e1bado 17 de noviembre de 2012<\/strong><\/span><\/p>\n<p><strong>Taller 1<\/strong>: Por qu\u00e9 y c\u00f3mo valorar las im\u00e1genes en los libros para ni\u00f1os: su impacto.\u2028Antonio Santos (Espa\u00f1a)<br \/>\n10:00 a 14:00 horas<\/p>\n<p><strong>Taller 2<\/strong>: Los libros que hacen crecer a los ni\u00f1os. Jo\u00eblle Turin (Francia)<br \/>\n16:00 a 20:00 horas<\/p>\n<p><strong>Taller 3<\/strong>: \u00bfLectura con beb\u00e9s? Algo m\u00e1s que libros. Guadalupe Queirolo y Gialuanna Ayora (M\u00e9xico).<br \/>\n10:00 a 14:00 horas. (Duraci\u00f3n 8 horas).<\/p>\n<p><strong>Taller 4<\/strong>: La importancia de los t\u00edtulos para dar vida a la cultura.<br \/>\nClaudia Rodr\u00edguez (Colombia). 16:00 a 20:00 horas<\/p>\n<h3>Horarios y direcci\u00f3n:<\/h3>\n<p>Feria Internacional del Libro Infantil y Juvenil: Entrada libre.<\/p>\n<p><strong>Cuota de recuperaci\u00f3n de conferencias<\/strong>:\u00a0 $400.00 pesos.<br \/>\n<strong>Cuota de recuperaci\u00f3n de talleres<\/strong>:\u00a0\u00a0 $200.00 pesos.<\/p>\n<p><strong>Direcci\u00f3n del Centro Nacional de las Artes (CENART):<\/strong><br \/>\n<em>R\u00edo Churubusco, esq. Calzada de Tlalpan. Colonia Country Club, C.P. 04220, Ciudad de M\u00e9xico. <\/em><\/p>\n<p>&nbsp;<\/p>\n<p><strong><a title=\"Exposiciones de arte y arqueolog\u00eda, Conferencias, Ferias del Libro, etc. en TODO MEXICO\" href=\"http:\/\/www.travelbymexico.com\/blog\/cultura\" target=\"_blank\">Vea m\u00e1s eventos culturales en Todo M\u00e9xico <\/a><\/strong><\/p>\n<p><strong><a title=\"Reserva tu hotel en la ciudad de M\u00e9xico\" href=\"http:\/\/www.travelbymexico.com\/ciudaddemexico\/hoteles\" target=\"_blank\">Reserva tu hotel en la ciudad de M\u00e9xico <\/a><\/strong><\/p>\n<p>&nbsp;<\/p>\n","protected":false},"excerpt":{"rendered":"<p>Eventos culturales y Cartelera de Conciertos de la FILIJ 2012 en el (Cenart). La Ciudad de M\u00e9xico ser\u00e1 el escenario<\/p>\n","protected":false},"author":2,"featured_media":13007,"comment_status":"closed","ping_status":"closed","sticky":false,"template":"","format":"standard","meta":[],"categories":[9,912],"tags":[3853,3814,3855,2521,363,3811,3813,3816,3815,2029,1622,3810,2538,2609,755,3812,2629,1052,1053,1157,3854,3856],"_links":{"self":[{"href":"https:\/\/www.travelbymexico.com\/blog\/wp-json\/wp\/v2\/posts\/13006"}],"collection":[{"href":"https:\/\/www.travelbymexico.com\/blog\/wp-json\/wp\/v2\/posts"}],"about":[{"href":"https:\/\/www.travelbymexico.com\/blog\/wp-json\/wp\/v2\/types\/post"}],"author":[{"embeddable":true,"href":"https:\/\/www.travelbymexico.com\/blog\/wp-json\/wp\/v2\/users\/2"}],"replies":[{"embeddable":true,"href":"https:\/\/www.travelbymexico.com\/blog\/wp-json\/wp\/v2\/comments?post=13006"}],"version-history":[{"count":5,"href":"https:\/\/www.travelbymexico.com\/blog\/wp-json\/wp\/v2\/posts\/13006\/revisions"}],"predecessor-version":[{"id":13044,"href":"https:\/\/www.travelbymexico.com\/blog\/wp-json\/wp\/v2\/posts\/13006\/revisions\/13044"}],"wp:featuredmedia":[{"embeddable":true,"href":"https:\/\/www.travelbymexico.com\/blog\/wp-json\/wp\/v2\/media\/13007"}],"wp:attachment":[{"href":"https:\/\/www.travelbymexico.com\/blog\/wp-json\/wp\/v2\/media?parent=13006"}],"wp:term":[{"taxonomy":"category","embeddable":true,"href":"https:\/\/www.travelbymexico.com\/blog\/wp-json\/wp\/v2\/categories?post=13006"},{"taxonomy":"post_tag","embeddable":true,"href":"https:\/\/www.travelbymexico.com\/blog\/wp-json\/wp\/v2\/tags?post=13006"}],"curies":[{"name":"wp","href":"https:\/\/api.w.org\/{rel}","templated":true}]}}