{"id":12967,"date":"2012-10-24T22:45:17","date_gmt":"2012-10-25T03:45:17","guid":{"rendered":"http:\/\/www.travelbymexico.com\/blog\/?p=12967"},"modified":"2012-10-24T23:22:26","modified_gmt":"2012-10-25T04:22:26","slug":"dia-de-muertos-2012-en-michoacan","status":"publish","type":"post","link":"https:\/\/www.travelbymexico.com\/blog\/12967-dia-de-muertos-2012-en-michoacan\/","title":{"rendered":"D\u00eda de Muertos 2012 en Michoac\u00e1n"},"content":{"rendered":"<h2><a title=\"Celebraci\u00f3n del D\u00eda de Muertos en M\u00e9xico\" href=\"http:\/\/www.travelbymexico.com\/blog\/4940-dia-de-muertos-en-mexico\" target=\"_blank\">D\u00eda de Muertos<\/a> 2012 en P\u00e1tzcuaro, Tzintzuntzan, Isla de Janitzio, Isla de Yunuen, Ihuatzio, Cuanajo, Huecorio, San Bartolo Pareo, Tzurumutaro, estado de Michoac\u00e1n.<\/h2>\n<p>Este a\u00f1o la celebraci\u00f3n de todos los santos y los fieles difuntos se celebrar\u00e1 en el pueblo m\u00e1gico de P\u00e1tzcuaro como ya es costumbre, con una noche llena de magia y colores donde el ritual a la muerte une los dos mundos en una celebraci\u00f3n conocida como la noche de los muertos.<\/p>\n<p>Se dice que el 2 de Noviembre las almas de los difuntos vuelven a la tierra esperando, probar sus platillos favoritos, visitar a sus familias y convivir con ellos. En esta fiesta, mestizos e ind\u00edgenas se unen para celebrar uno de los cultos m\u00e1s antiguos del M\u00e9xico prehisp\u00e1nico, mismo que despu\u00e9s de la colonia adquiri\u00f3 caracter\u00edsticas cat\u00f3licas, pero su esencia proviene de las culturas ancestrales de los pueblos mexicanos.<\/p>\n<p><span style=\"text-decoration: underline;\"><strong>Los poblados michoacanos que se destacan con la belleza y majestuosidad de esta fiesta son<\/strong><\/span>: P\u00e1tzcuaro, Tzintzuntzan, <a title=\"Reserva tu hotel en P\u00e1tzcuaro\" href=\"http:\/\/www.travelbymexico.com\/patzcuaro\/hoteles\/index.php\" target=\"_blank\">Janitzio<\/a>, Ihuatzio y Zirahu\u00e9n. Mismos que este a\u00f1o se visten de colores para la llegada de los difuntos a la tierra de los vivos.<\/p>\n<h3>Programa Festival Cultural \u201cLa Muerte tambi\u00e9n se divierte 2012\u201d<\/h3>\n<h3><span style=\"text-decoration: underline;\">Del 20 al 31 de octubre de 2012 en <a title=\"Reserva tu hotel en P\u00e1tzcuaro, Michoac\u00e1n, M\u00e9xico\" href=\"http:\/\/www.travelbymexico.com\/patzcuaro\/hoteles\/index.php\" target=\"_blank\">P\u00e1tzcuaro<\/a>\u00a0\u00a0<\/span><\/h3>\n<p><strong>Taller infantil \u201cLa Muerte tambi\u00e9n se\u00a0 divierte\u201d<\/strong><br \/>\nDel 25 de Octubre al 4 de Noviembre<br \/>\nMuseo de Artes e Industrias Populares de P\u00e1tzcuaro<\/p>\n<p><strong>Exposici\u00f3n y Venta de Calaveritas de Az\u00facar<\/strong><br \/>\nPortal Hidalgo (Plaza Vasco de Quiroga)<br \/>\n20 de Octubre al 2 de Noviembre\/ Todo el d\u00eda<\/p>\n<p><strong>Exposici\u00f3n fotogr\u00e1fica<\/strong> \u201cPaisajes, lugares y gente de mi tierra\u201d<br \/>\nAutor Fernando \u00c1vila Fot\u00f3grafo profesional<br \/>\nInauguraci\u00f3n viernes\u00a0 26 de octubre. 9:00 hrs<br \/>\nAltos del Teatro Emperador.<\/p>\n<p><strong>Presentaci\u00f3n del Ballet del CBTIS # 94<\/strong><br \/>\nDirector Prof. Justino Fern\u00e1ndez Hilario<br \/>\nTeatro Emperador 20:00 hrs\/ Viernes 26 de Octubre<\/p>\n<p><strong>Tianguis Artesanal<\/strong> en la Plaza Vasco de Quiroga<br \/>\nS\u00e1bado 27 Octubre al 2 de Noviembre\/ Todo el d\u00eda<\/p>\n<p>Presentaci\u00f3n de la <strong>Orquesta de Pulso y Arco Scherzo de San Juan de Dios<\/strong><br \/>\nS\u00e1bado 27 de octubre, 20:00 hrs.<br \/>\nBas\u00edlica de nuestra se\u00f1ora de la Salud<\/p>\n<p>Inauguraci\u00f3n de la <strong>8\u00aa<\/strong> <strong>Exposici\u00f3n Colectiva de Pendones con motivo de d\u00eda de muertos<\/strong><br \/>\nPasillos planta alta Centro Cultural Antiguo Colegio Jesuita<br \/>\nDomingo 28 de Octubre \/ 20:00 hrs.<\/p>\n<p><strong>Exposici\u00f3n de piezas de Pasta de Ca\u00f1a de Ma\u00edz de Roberto Cruz<\/strong><br \/>\nSala de tradiciones populares planta baja, Centro Cultural Antiguo Colegio Jesuita<br \/>\n28 de Octubre \/ 20:00 hrs.<\/p>\n<p><strong>Exposiciones del Centro Cultural Antiguo Colegio Jesuita \u00a0<\/strong><br \/>\nSala de Mascaras de M\u00e9xico \/ Sala de Jugueter\u00eda Popular \/Sala de Maque.<br \/>\nDomingo 28 de Octubre. Todo el d\u00eda.<\/p>\n<p><strong>Ofrenda de d\u00eda de Muertos<\/strong> &#8211; del 28 de Octubre al 6 de Noviembre<br \/>\nMuseo de Artes e Industrias Populares de P\u00e1tzcuaro<br \/>\nPatio Principal Vest\u00edbulo de acceso al Museo\/ Todo el d\u00eda.<\/p>\n<p><strong>Ballet P\u00e1tzcuaro en el Teatro Emperador Caltzontzin<\/strong><br \/>\nDir. Prof. Rumaldo Valenzuela Rom\u00e1n.<br \/>\nDomingo 28 de octubre20:00 hrs.<\/p>\n<p><strong>Presentaci\u00f3n del Grupo Adlibitum en el Templo de la Compa\u00f1\u00eda<\/strong><br \/>\nLunes 29 de Octubre. 20:00 hrs.<\/p>\n<p><strong>Exposici\u00f3n ofrenda de Muertos y Catrinas de Capula<\/strong><br \/>\nBiblioteca p\u00fablica Gertrudis Bocanegra<br \/>\nDel 30 de octubre al 5 de noviembre\u00a0 \/ 10:00\u00a0 a 18:00 hrs.<\/p>\n<p><strong>Danza contempor\u00e1nea Grupo Akiazotamos \u00a0<\/strong><br \/>\nMartes 30 de octubre. Teatro Emperador. 20:00 hrs.<\/p>\n<p><strong>Eventos Culturales en el muelle general del Lago de P\u00e1tzcuaro<\/strong><br \/>\n<strong>Eventos Culturales en el muelle las Garzas del Lago de P\u00e1tzcuaro<\/strong><br \/>\nMi\u00e9rcoles 31 de octubre\/ 12:00 hrs<\/p>\n<p><strong>9\u00ba Festival Cultural<\/strong> <strong> Pur\u00e9pecha<\/strong>:\u00a0 Danza, Cantos y Procesi\u00f3n<br \/>\nMuelle\u00a0 de San Pedrito<br \/>\nMi\u00e9rcoles 31 de Octubre\/ 19:00 hrs<\/p>\n<p><strong>Obra de Danza-Teatro infantil Grupo la Tempestad<\/strong><br \/>\nMi\u00e9rcoles 31 de octubre. Teatro Emperador. 20:00 hrs.<\/p>\n<p><strong>Exhibici\u00f3n de Pescadores con las redes de Mariposa<\/strong><br \/>\nMi\u00e9rcoles 31 de Octubre \/ Cooperaci\u00f3n Voluntaria.<br \/>\nMuelle de San Pedrito. 20:30 hrs.<\/p>\n<h3><span style=\"text-decoration: underline;\">Jueves 1\u00ba de Noviembre de 2012 en P\u00e1tzcuaro<\/span><\/h3>\n<p><strong>Eventos Culturales en el Muelle general del Lago de P\u00e1tzcuaro<\/strong> \/ 12:00 hrs<br \/>\n<strong>Eventos Culturales en el Muelle las Garzas del Lago de P\u00e1tzcuaro<\/strong> \/ 12:00 hrs<\/p>\n<p><strong>Caracterizaci\u00f3n de la Catrina en vivo<\/strong><br \/>\nLa casa del Naranjo, Plaza Vasco de Quiroga No. 29<br \/>\n7:00 a 10:00 hrs. \/Entrada libre.<\/p>\n<p><strong>Exhibici\u00f3n del Altar de Muertos<\/strong> Por alumnos de la Esc. Sec. Tec. No. 4<br \/>\nCoordinador Prof. Rumaldo Valenzuela Rom\u00e1n<br \/>\nTeatro Emperador Caltzontzin \/ 10:00 hrs.<\/p>\n<p><strong>Exhibici\u00f3n del Altar de Muertos<\/strong><br \/>\nCoordinado por el Instituto de Estudios Superiores Petatzecuaro Escuela de Psicolog\u00eda.<br \/>\nTeatro Emperador Caltzontzin \/ 10:00 hrs<\/p>\n<p><strong>Obra de Teatro Do\u00f1a Catrina \u201cLa vida es un instante\u201d<\/strong><br \/>\nTeatro Emperador\/ 19:00 hrs<\/p>\n<p><strong>Espect\u00e1culo de Danza A\u00e9rea Grupo V\u00e9rtigo<\/strong><br \/>\nPlazuela San Francisco \/ 20:00 hrs<\/p>\n<p><strong>Concierto R\u00c9QUIEM con la Orquesta Sinf\u00f3nica de Michoac\u00e1n<\/strong><br \/>\nBas\u00edlica de Nuestra Se\u00f1ora de la Salud \/ 21:00 hrs.<\/p>\n<h3><span style=\"text-decoration: underline;\">D\u00eda de Muertos 2, 3 y 4 de Noviembre de 2012 en P\u00e1tzcuaro\u00a0<\/span><\/h3>\n<p><strong>Eventos Culturales Muelle general del Lago de P\u00e1tzcuaro <\/strong><br \/>\n<strong>Eventos Culturales en Muelle las Garzas del Lago de P\u00e1tzcuaro<\/strong><br \/>\nViernes 2 de noviembre \/ 12:00 hrs.<\/p>\n<p><strong>Caracterizaci\u00f3n de la Catrina en vivo \u00a0<\/strong><br \/>\nLa casa del Naranjo, Plaza Vasco de Quiroga No. 29<br \/>\nViernes 2 de noviembre de 7:00 a 10:00 hrs.\u00a0 \/Entrada libre.<\/p>\n<p><strong>Colectivo Bailarines Invitados Danza Contempor\u00e1nea<\/strong><br \/>\nCalle Madrigal de las altas torres \/ 20:00 hrs.<\/p>\n<p><strong>Rojo Carm\u00edn Danza Contempor\u00e1nea<\/strong><br \/>\nAtrio del centro cultural antiguo colegio jesuita<br \/>\nS\u00e1bado 3 de Noviembre \/ 20:00 hrs.<\/p>\n<p><strong>Grupo Sarabanda en el Templo del sagrario<\/strong><br \/>\nDomingo 4 de Noviembre\/ 20:00 hrs.<\/p>\n<h3><span style=\"text-decoration: underline;\">D\u00eda de Muertos 2012 en la Isla de Janitzio<\/span><\/h3>\n<p><strong>Festival Cultural<\/strong> en el Teatro del Pueblo<br \/>\nMi\u00e9rcoles 31 de Octubre, Jueves 1 y Viernes 2 de Noviembre\/ 20:30 hrs.<\/p>\n<p><strong>Visita de Familiares y Amigos <\/strong>Mi\u00e9rcoles 31 de Octubre \/ 20:00 hrs.<br \/>\nCasas de los Difuntos Recientes (Que fallecieron durante este a\u00f1o)<\/p>\n<p><strong>Exhibici\u00f3n del Arte de las Mariposas<\/strong> frente al Embarcadero Principal<br \/>\nMi\u00e9rcoles 31 de Octubre al 4 de Noviembre Todo el d\u00eda<\/p>\n<p><strong>Velaci\u00f3n de Los Angelitos<\/strong> (Difuntos chicos o no casados)<br \/>\nPante\u00f3n de la Isla de Janitzio. Jueves 1 de Noviembre\/ 7:00 hrs.<\/p>\n<p><strong>Visitas Guiadas Casas de los Difuntos<\/strong> (que fallecieron durante este a\u00f1o)<br \/>\nJueves 1 de Noviembre\/ 12:00 hrs.<\/p>\n<p><!--nextpage--><\/p>\n<p><span style=\"text-decoration: underline;\"><strong>Continuar la lectura de<\/strong><\/span>: <strong>D\u00eda de Muertos 2012 en P\u00e1tzcuaro<\/strong><\/p>\n<p><strong>Primera Exhibici\u00f3n de Mariposeros<\/strong><br \/>\nFrente al Teatro del Pueblo y en el Embarcadero Principal<br \/>\nJueves 1 de Noviembre\/ 23:40 hrs.<\/p>\n<p><strong>Animecha Kejtes\u00eeakua (Velaci\u00f3n a los Difuntos)<\/strong><br \/>\nPante\u00f3n de la Isla con Ofrendas Tradicionales<br \/>\nJueves 1 de Noviembre\/ 11:00 hrs<\/p>\n<p><strong>Segunda Exhibici\u00f3n de Mariposeros.<\/strong><br \/>\nViernes 2 de Noviembre \/ 03:00 hrs. Frente al embarcadero principal.<\/p>\n<h3><span style=\"text-decoration: underline;\">D\u00eda de Muertos 2012 en Isla Yunuen:\u00a0\u00a0<\/span><\/h3>\n<p><strong>Presentaci\u00f3n de Danza, Pireris y Orquesta de la regi\u00f3n lacustre<\/strong><br \/>\nJueves 1 de Noviembre\/ 14:00 hrs. Cancha de la Isla.<\/p>\n<p><strong>Concurso de ofrendas Jueves 1 de Noviembre<\/strong><br \/>\nCasas de la Isla \/ Todo el d\u00eda.<\/p>\n<p><strong>Rosario para los Difuntos fallecidos durante este a\u00f1o<\/strong><br \/>\nCasas de los familiares. Jueves 1 de Noviembre \/ 20:00 hrs.<\/p>\n<p><strong>Velaci\u00f3n de los difuntos Pante\u00f3n de la Isla<\/strong><br \/>\nJueves 1 de Noviembre \/ desde las 23:00 hrs.<\/p>\n<h3>D\u00eda de Muertos en Isla Tecuena<\/h3>\n<p><strong>Velaci\u00f3n de d\u00eda en el Pante\u00f3n de la Comunidad<\/strong><br \/>\nMi\u00e9rcoles 31 de Octubre \/ 7:00 hrs.<\/p>\n<p><strong>Festival Cultural en la Cancha de la Isla<\/strong><br \/>\nJueves 1 de Noviembre \/ 17:00 hrs<\/p>\n<p><strong>Velaci\u00f3n de los difuntos en el Pante\u00f3n de la Isla<\/strong><br \/>\nJueves 1 de Noviembre\/ 11:00 hrs<\/p>\n<h3>D\u00eda de Muertos 2012 en San Bartolo Pareo:<\/h3>\n<p><strong>Ofrendas a los Fieles Difuntos en el Pante\u00f3n<\/strong> de la comunidad<br \/>\nJueves 1 de Noviembre \/ Todo el D\u00eda.<\/p>\n<h3><span style=\"text-decoration: underline;\">D\u00eda de Muertos 2012 en Huecorio:\u00a0<\/span><\/h3>\n<p><strong>Visita de Familiares y Amigos \u00a0<\/strong><br \/>\nCasas de los Difuntos Recientes (Que fallecieron durante este a\u00f1o)<br \/>\nMi\u00e9rcoles 31 de Octubre\/ 17:00 hrs.<\/p>\n<p><strong>Ofrenda a los Angelitos en Casas de la Comunidad \u00a0<\/strong><br \/>\nJueves 1 de Noviembre \/ A partir de las 17:00\u00a0 hrs<\/p>\n<p><strong>Colocaci\u00f3n e intercambio de ofrendas \u00a0<\/strong><br \/>\nViernes 2 de Noviembre \/ 17:00 hrs. Pante\u00f3n comunal.<\/p>\n<p><strong>Ofrenda Comunal y Misa a los Fieles Difuntos<\/strong><br \/>\nPante\u00f3n de la Comunidad. Viernes 2 de Noviembre \/ 19:00 hrs<\/p>\n<h3><span style=\"text-decoration: underline;\">D\u00eda de Muertos 2012 en Tzurumutaro:<\/span><\/h3>\n<p><strong>Visita al Museo Agrario<\/strong><br \/>\nDomingo 28 de Octubre al 4 de Noviembre\/ 10:00 a 18:00 hrs<\/p>\n<p><strong>Muestra Gastron\u00f3mica con cocineras<\/strong> de la misma Comunidad.<br \/>\nViernes 26, S\u00e1bado 27, Domingo 28 y lunes 29 de octubre\/ 13:00 hrs<\/p>\n<p><strong>Evento cultural celebraci\u00f3n de las animas<\/strong> Venta de gastronom\u00eda regional<br \/>\nJueves 1 de Noviembre. Plaza principal\u00a0 \/09:00 hrs<\/p>\n<p><strong>Venta de artesan\u00edas de la regi\u00f3n<\/strong><br \/>\nPlaza principal \/ Jueves 1 de Noviembre \/ 09:00 hrs<\/p>\n<p><strong>Recorrido por las Autoridades civiles y ejidales y la Se\u00f1orita Ireri \u00a0<\/strong><br \/>\nJueves 1 de Noviembre \/ 10:00 hrs<\/p>\n<p><strong>Ma\u00f1anitas y sones abaje\u00f1os en el Pante\u00f3n de la Comunidad<\/strong><br \/>\nJueves 1 de Noviembre \/ 11:00 hrs<\/p>\n<p><strong>Informaci\u00f3n a los medios de comunicaci\u00f3n en Pante\u00f3n de la comunidad<\/strong><br \/>\nJueves 1 de Noviembre \/ 11:00 y 18:00 hrs<\/p>\n<p><strong>Ofrenda a las \u00e1nimas en casas de la comunidad<\/strong><br \/>\nJueves 1 de Noviembre\/ 12:00 hrs<\/p>\n<p><strong>Evento cultural: Danzas tradicionales<\/strong><br \/>\nA un costado del Pante\u00f3n de la comunidad. Jueves 1 de Noviembre \/ 20:30 hrs.<\/p>\n<p><strong>Uarhukua (Juego de pelota prehisp\u00e1nica) Grupo Tarhiata<\/strong> e invitados<br \/>\nA un costado del Pante\u00f3n de la comunidad<br \/>\nJueves 1 de Noviembre \/ 22:30 hrs<\/p>\n<p><strong>Velaci\u00f3n a los Fieles Difuntos<\/strong> en el Pante\u00f3n<br \/>\nJueves 1 de Noviembre \/ 23:00 hrs <strong><\/strong><\/p>\n<p><strong>Muestra Gastron\u00f3mica con cocineras<\/strong> de la misma comunidad.<br \/>\nViernes 2 de Noviembre \/ 13:00 hrs<\/p>\n<h3><span style=\"text-decoration: underline;\">D\u00eda de Muertos 2012 en Cuanajo\u00a0<\/span><\/h3>\n<p><strong>Tianguis Artesanal<\/strong> en la Plaza Principal<br \/>\nDel domingo 28 de octubre al 4 de Noviembre \/ 9:00 a 20:00 hrs<\/p>\n<p><strong>Ofrendas a los Angelitos <\/strong>en casas de la comunidad<br \/>\nMi\u00e9rcoles 31 de Octubre \/ 20:00 hrs<\/p>\n<p><strong>Tradicional Muestra de Caballitos Adornados<\/strong> en casas de la comunidad<br \/>\nMi\u00e9rcoles 31 de Octubre al viernes\u00a0 2 de Noviembre \/ Todo el d\u00eda<\/p>\n<p><strong>Ofrendas a los Muertos<\/strong> en casas de la comunidad<br \/>\nJueves 1 de noviembre \/ 20:00 hrs<\/p>\n<p><strong>Misa de los Santos Difuntos en Pante\u00f3n<\/strong> de la Comunidad<br \/>\nViernes 2 de Noviembre \/ 12:00 hrs.<\/p>\n","protected":false},"excerpt":{"rendered":"<p>D\u00eda de Muertos 2012 en P\u00e1tzcuaro, Tzintzuntzan, Isla de Janitzio, Isla de Yunuen, Ihuatzio, Cuanajo, Huecorio, San Bartolo Pareo, Tzurumutaro,<\/p>\n","protected":false},"author":2,"featured_media":12968,"comment_status":"closed","ping_status":"closed","sticky":false,"template":"","format":"standard","meta":[],"categories":[14],"tags":[76,3765,2121,3758,410,2122,537,3759,3757,671,3756,3742,1835,3766,821,3764,2120,927,977,1072,3760,3762,1886,3755,3761,3767,3763],"_links":{"self":[{"href":"https:\/\/www.travelbymexico.com\/blog\/wp-json\/wp\/v2\/posts\/12967"}],"collection":[{"href":"https:\/\/www.travelbymexico.com\/blog\/wp-json\/wp\/v2\/posts"}],"about":[{"href":"https:\/\/www.travelbymexico.com\/blog\/wp-json\/wp\/v2\/types\/post"}],"author":[{"embeddable":true,"href":"https:\/\/www.travelbymexico.com\/blog\/wp-json\/wp\/v2\/users\/2"}],"replies":[{"embeddable":true,"href":"https:\/\/www.travelbymexico.com\/blog\/wp-json\/wp\/v2\/comments?post=12967"}],"version-history":[{"count":4,"href":"https:\/\/www.travelbymexico.com\/blog\/wp-json\/wp\/v2\/posts\/12967\/revisions"}],"predecessor-version":[{"id":12970,"href":"https:\/\/www.travelbymexico.com\/blog\/wp-json\/wp\/v2\/posts\/12967\/revisions\/12970"}],"wp:featuredmedia":[{"embeddable":true,"href":"https:\/\/www.travelbymexico.com\/blog\/wp-json\/wp\/v2\/media\/12968"}],"wp:attachment":[{"href":"https:\/\/www.travelbymexico.com\/blog\/wp-json\/wp\/v2\/media?parent=12967"}],"wp:term":[{"taxonomy":"category","embeddable":true,"href":"https:\/\/www.travelbymexico.com\/blog\/wp-json\/wp\/v2\/categories?post=12967"},{"taxonomy":"post_tag","embeddable":true,"href":"https:\/\/www.travelbymexico.com\/blog\/wp-json\/wp\/v2\/tags?post=12967"}],"curies":[{"name":"wp","href":"https:\/\/api.w.org\/{rel}","templated":true}]}}