{"id":12936,"date":"2012-10-19T22:07:46","date_gmt":"2012-10-20T03:07:46","guid":{"rendered":"http:\/\/www.travelbymexico.com\/blog\/?p=12936"},"modified":"2012-10-19T22:11:48","modified_gmt":"2012-10-20T03:11:48","slug":"arranco-la-xii-feria-internacional-del-libro-en-el-zocalo","status":"publish","type":"post","link":"https:\/\/www.travelbymexico.com\/blog\/12936-arranco-la-xii-feria-internacional-del-libro-en-el-zocalo\/","title":{"rendered":"Arranc\u00f3 la XII Feria Internacional del Libro en el Z\u00f3calo"},"content":{"rendered":"<h2>Hoy, en la ciudad de M\u00e9xico arranc\u00f3 la &#8220;XII Feria Internacional del Libro en el Z\u00f3calo&#8221;. Dentro de su extenso programa de actividades culturales y art\u00edsticas se llevar\u00e1n a cabo el &#8220;Tercer Coloquio Hispanoamericano de Periodismo Cultural 3CHPC&#8221; y\u00a0 la obra de Shakespeare, Hamlet por la Compa\u00f1\u00eda Nacional de Teatro y la Global Shakespeare Company.<\/h2>\n<p>El <em>Gobierno de la Ciudad de M\u00e9xico<\/em> y la <em>Secretar\u00eda de Cultura<\/em>, en colaboraci\u00f3n con la <em>C\u00e1mara Nacional de la Industria Editorial Mexicana<\/em> (CANIEM), te invitan <strong>del 19 al 28 de octubre de 2012<\/strong> a asistir a la <strong>XII Feria Internacional del Libro en el Z\u00f3calo<\/strong> (FILZ), un magna fiesta literaria ideada con la finalidad de fomentar la lectura entre los capitalinos, que este a\u00f1o tendr\u00e1 como pa\u00eds invitado a Guatemala.<\/p>\n<p><em>&#8220;Referente para los lectores y la industria del libro, el a\u00f1o pasado, la Feria Internacional del Libro en el Z\u00f3calo fue visitada por m\u00e1s de\u00a01 mill\u00f3n 120 mil personas.&#8221;<\/em><\/p>\n<h3><span style=\"text-decoration: underline;\">Actividades y eventos art\u00edsticos en los foros de la FILZ 2012:<\/span><\/h3>\n<p>Los foros de la FILZ 2012 presentar\u00e1n actividades diversas como conciertos, espect\u00e1culos de danza y teatro, presentaci\u00f3n de libros y revistas, conferencias, Ciclo de Cine, espect\u00e1culos infantiles, talleres, jornada de narrativa gr\u00e1fica, Narraci\u00f3n y cuentacuentos,<\/p>\n<p><span style=\"text-decoration: underline;\"><strong>Situados en el cuadro del Z\u00f3calo y sus inmediaciones, los foros de la FILZ 2012 son los siguientes:\u00a0<\/strong><\/span><\/p>\n<p>Teatro la Corrala del Mitote; Caf\u00e9 Literario Luis Cardoza y Arag\u00f3n; Foro Reguilete y Multidisciplinario; Foro Carlos Fuentes;<br \/>\nEscenario Macondo.<\/p>\n<p>Teatro Blanquito; Faro Z\u00f3calo, (Faro de Oriente); Museo del Estanquillo.<\/p>\n<h3><span style=\"text-decoration: underline;\">Stands &#8211; Editoriales y Escritores invitados:\u00a0\u00a0<\/span><\/h3>\n<p>La FILZ 2012 cuenta con m\u00e1s de 230 stands, 225 editoriales \u2013con m\u00e1s de 350 sellos\u2013, de las cuales 123 pertenecen a la CANIEM; 13 acad\u00e9micas, 75 independientes, 13 revistas independientes, y un pabell\u00f3n e-book.<\/p>\n<h3><span style=\"text-decoration: underline;\">Participar\u00e1n renombrados escritores:\u00a0<\/span><\/h3>\n<p>Como en cada una de sus ediciones, la FILZ contar\u00e1 con la participaci\u00f3n de prestigiosos escritores como Xavier Velasco, Elena Poniatowska, Fernanda Tapia, Antonio Orejudo, M\u00f3nica Lav\u00edn, Trino, Julio Sol\u00f3rzano,\u00a0 Alberto Chimal, Laura Mart\u00ednez Belli,\u00a0 Jorge Enrique Botero, Jos\u00e9 Reveles, Francisco Segovia e Ignacio Padilla, entre otros.<\/p>\n<h3>Entrega de premios:<\/h3>\n<p>El lunes 22 de octubre, a las 13:30 en el Foro Carlos Fuentes se realizar\u00e1n dos ceremonias de premiaci\u00f3n:<\/p>\n<p><strong>&#8211; Entrega del V Premio Iberoamericano de Novela Elena Poniatowska<\/strong><br \/>\n<strong>&#8211; Premios al M\u00e9rito Cultural de la Ciudad de M\u00e9xico Carlos Monsiv\u00e1is.<\/strong><\/p>\n<h3>Teatro: Hamlet de Shakespeare en la FILZ 2012<\/h3>\n<p>Los \u00faltimos cinco d\u00edas de la FILZ, en el foro La Corrala, la Compa\u00f1\u00eda Nacional de Teatro y la Global Shakespeare Company presentar\u00e1n su m\u00e1s reciente estreno:\u00a0 Hamlet, de William Sakespeare.<\/p>\n<h3>Tercer Coloquio Hispanoamericano de Periodismo Cultural, 3CHPC.<\/h3>\n<p>Entre otras actividades de la XII Feria Internacional del Libro en el Z\u00f3calo, se realizar\u00e1 del 24 al 27 de octubre el 3er Coloquio Hispanoamericano de Periodismo Cultural del Z\u00f3calo, proyecto de la Secretar\u00eda de Cultura y la Promotora Cultural Cubo Blanco.<\/p>\n<p><strong>&#8220;Radio cultural a debate&#8221;<\/strong>: tratar\u00e1 del papel de la radio en el desarrollo y difusi\u00f3n de la cultura en M\u00e9xico;<\/p>\n<p><strong>&#8220;Charla: Academia y Periodismo&#8221;<\/strong>: investigadores que desarrollaron la tem\u00e1tica del periodismo cultural en diversos trabajos pedag\u00f3gicos compartir\u00e1n con los asistentes el alcance de sus trabajos.<\/p>\n<p><strong>&#8220;Periodismo Cultural en la Rep\u00fablica&#8221;<\/strong>: reporteros y periodistas de Tijuana, Veracruz e Hidalgo, se expresar\u00e1n sobre la relevancia de descentralizar el periodismo cultural.<\/p>\n<p><strong><a title=\"Consulta el programa completo de la XII Feria Internacional del Libro en el Z\u00f3calo 2012\" href=\"http:\/\/www.feriadellibro.cultura.df.gob.mx\/index.php\/programacion-completa-por-dia\" target=\"_blank\">Consulta la programaci\u00f3n completa de la XII Feria Internacional del Libro en el Z\u00f3calo (2012)<br \/>\n<\/a><\/strong><br \/>\n<a title=\"Reserva un hotel en la ciudad de M\u00e9xico\" href=\"http:\/\/www.travelbymexico.com\/ciudaddemexico\/hoteles\" target=\"_blank\"><strong>Reserva tu hotel en la ciudad de M\u00e9xico<\/strong><br \/>\n<\/a><\/p>\n","protected":false},"excerpt":{"rendered":"<p>Hoy, en la ciudad de M\u00e9xico arranc\u00f3 la &#8220;XII Feria Internacional del Libro en el Z\u00f3calo&#8221;. Dentro de su extenso<\/p>\n","protected":false},"author":2,"featured_media":12937,"comment_status":"closed","ping_status":"closed","sticky":false,"template":"","format":"standard","meta":[],"categories":[9,912],"tags":[3714,1682,2975,296,318,3719,360,363,2536,3718,3716,3712,1622,3715,1674,3711,3713,851,3720,3319,2537,1163,3717,1296],"_links":{"self":[{"href":"https:\/\/www.travelbymexico.com\/blog\/wp-json\/wp\/v2\/posts\/12936"}],"collection":[{"href":"https:\/\/www.travelbymexico.com\/blog\/wp-json\/wp\/v2\/posts"}],"about":[{"href":"https:\/\/www.travelbymexico.com\/blog\/wp-json\/wp\/v2\/types\/post"}],"author":[{"embeddable":true,"href":"https:\/\/www.travelbymexico.com\/blog\/wp-json\/wp\/v2\/users\/2"}],"replies":[{"embeddable":true,"href":"https:\/\/www.travelbymexico.com\/blog\/wp-json\/wp\/v2\/comments?post=12936"}],"version-history":[{"count":3,"href":"https:\/\/www.travelbymexico.com\/blog\/wp-json\/wp\/v2\/posts\/12936\/revisions"}],"predecessor-version":[{"id":12939,"href":"https:\/\/www.travelbymexico.com\/blog\/wp-json\/wp\/v2\/posts\/12936\/revisions\/12939"}],"wp:featuredmedia":[{"embeddable":true,"href":"https:\/\/www.travelbymexico.com\/blog\/wp-json\/wp\/v2\/media\/12937"}],"wp:attachment":[{"href":"https:\/\/www.travelbymexico.com\/blog\/wp-json\/wp\/v2\/media?parent=12936"}],"wp:term":[{"taxonomy":"category","embeddable":true,"href":"https:\/\/www.travelbymexico.com\/blog\/wp-json\/wp\/v2\/categories?post=12936"},{"taxonomy":"post_tag","embeddable":true,"href":"https:\/\/www.travelbymexico.com\/blog\/wp-json\/wp\/v2\/tags?post=12936"}],"curies":[{"name":"wp","href":"https:\/\/api.w.org\/{rel}","templated":true}]}}