{"id":12884,"date":"2012-10-12T18:05:37","date_gmt":"2012-10-12T23:05:37","guid":{"rendered":"http:\/\/www.travelbymexico.com\/blog\/?p=12884"},"modified":"2012-10-27T22:29:38","modified_gmt":"2012-10-28T03:29:38","slug":"xxii-feria-internacional-del-libro-monterrey-2012","status":"publish","type":"post","link":"https:\/\/www.travelbymexico.com\/blog\/12884-xxii-feria-internacional-del-libro-monterrey-2012\/","title":{"rendered":"XXII Feria Internacional del Libro Monterrey 2012"},"content":{"rendered":"<h2>La XXII Edici\u00f3n de la Feria Internacional del Libro en Monterrey se llevar\u00e1 a cabo del 13 al 21 de Octubre en Cintermex y estar\u00e1 dedicada al escritor mexicano Carlos Fuentes. Esta feria es la m\u00e1s importante en el Norte del pa\u00eds ya que se ha convertido en sus m\u00e1s de veinte a\u00f1os de trayectoria en un \u00edcono de la ciudad de Monterrey as\u00ed como uno de los eventos m\u00e1s visitados.<\/h2>\n<h3><span style=\"text-decoration: underline;\">Coloquio Literario, talleres y otras actividades:<\/span><\/h3>\n<p>Entre las actividades que se realizan en la Feria Internacional del Libro Monterrey se lleva a cabo el <strong>Coloquio Literario<\/strong> en el cual se re\u00fanen a personalidades como escritores, periodistas, intelectuales y editores de distintas partes del mundo.<\/p>\n<p>Por su parte, las <strong>presentaciones de libros<\/strong> son el espacio ideal para que los lectores conozcan un poco m\u00e1s de los autores ya que en este espacio se abren sesiones de preguntas y respuestas creando un espacio de di\u00e1logo.<br \/>\nDentro de este evento <strong>m\u00e1s de 700 editoriales<\/strong> tienen presencia y entre ellas se pueden encontrar obras para todos los gustos y las edades.<\/p>\n<p>La Feria Internacional de Monterrey tiene dentro de sus objetivos el acercar el mundo de literatura a la regi\u00f3n norte del pa\u00eds por lo que trae en cada edici\u00f3n <strong>escritores de talle internacional y nacional como: Mario Vargas Llosa, Jos\u00e9 Emilio Pacheco\u00a0 y Alfonso Reyes,<\/strong> entre muchos m\u00e1s.<\/p>\n<p>En el marco de la feria se presentar\u00e1 la <strong>exposici\u00f3n fotogr\u00e1fic<\/strong>a &#8220;Aprender ense\u00f1ando: Una mirada a la educaci\u00f3n rural y urbana de Nuevo Le\u00f3n&#8221; del fot\u00f3grafo Porfirio Sosa quien busca con su trabajo retratar las realidades de los ni\u00f1os de Nuevo Le\u00f3n, buscando reflejar la educaci\u00f3n rural y urbana as\u00ed como sus contrastes a trav\u00e9s de la mirada de los ni\u00f1os.<\/p>\n<p>Otra de las actividades de esta feria son los <strong>Talleres Infantiles<\/strong> los cuales tienen como objetivo fomentar la lectura, acercar a los ni\u00f1os a otras culturas y al arte. Estos talleres no tienen costo alguno y no es necesario hacer un registro previo.<\/p>\n<p><span style=\"text-decoration: underline;\"><strong>Los talleres se llevar\u00e1n a cabo en el siguiente horario:<\/strong><\/span><\/p>\n<p>S\u00e1bados y Domingos de 10:00 \u2013 19:00 hrs. Lunes a Viernes de 17:00 \u2013 19:00 hrs.<\/p>\n<p><span style=\"text-decoration: underline;\"><strong>Los horarios de la XXII Feria del Libro Monterrey 2012 son: \u00a0<\/strong><\/span><\/p>\n<p>Jueves, Viernes, S\u00e1bados y Domingos de 10:00 \u2013 21:00 hrs.<br \/>\nLunes, Martes y Mi\u00e9rcoles de 11:00 \u2013 21:00 hrs.<\/p>\n<p>La entrada es gratuita para el p\u00fablico en general.<\/p>\n<h3>Programa de Actividades del la Feria Internacional del Libro en Monterrey, <span style=\"text-decoration: underline;\"><a title=\"Programa de todas las actividades de la XXII Feria Internacional del Libro Monterrey 2012\" href=\"http:\/\/biblioteca.mty.itesm.mx\/mty\/ferialibro\/search\/eventos.php?dia=13&amp;categoria=todo&amp;tipo=todo\" target=\"_blank\">aqu\u00ed<\/a><\/span>.<\/h3>\n<h3><a title=\"Reserva un hotel en la ciudad de Monterrey\" href=\"http:\/\/www.travelbymexico.com\/monterrey\/hoteles\" target=\"_blank\">Reserva un hotel en la ciudad de Monterrey <\/a><\/h3>\n<p>&nbsp;<\/p>\n","protected":false},"excerpt":{"rendered":"<p>La XXII Edici\u00f3n de la Feria Internacional del Libro en Monterrey se llevar\u00e1 a cabo del 13 al 21 de<\/p>\n","protected":false},"author":2,"featured_media":12885,"comment_status":"closed","ping_status":"closed","sticky":false,"template":"","format":"standard","meta":[],"categories":[9,36],"tags":[3668,2536,9811,1622,3667,2724,1722,834,3669,3163],"_links":{"self":[{"href":"https:\/\/www.travelbymexico.com\/blog\/wp-json\/wp\/v2\/posts\/12884"}],"collection":[{"href":"https:\/\/www.travelbymexico.com\/blog\/wp-json\/wp\/v2\/posts"}],"about":[{"href":"https:\/\/www.travelbymexico.com\/blog\/wp-json\/wp\/v2\/types\/post"}],"author":[{"embeddable":true,"href":"https:\/\/www.travelbymexico.com\/blog\/wp-json\/wp\/v2\/users\/2"}],"replies":[{"embeddable":true,"href":"https:\/\/www.travelbymexico.com\/blog\/wp-json\/wp\/v2\/comments?post=12884"}],"version-history":[{"count":4,"href":"https:\/\/www.travelbymexico.com\/blog\/wp-json\/wp\/v2\/posts\/12884\/revisions"}],"predecessor-version":[{"id":13010,"href":"https:\/\/www.travelbymexico.com\/blog\/wp-json\/wp\/v2\/posts\/12884\/revisions\/13010"}],"wp:featuredmedia":[{"embeddable":true,"href":"https:\/\/www.travelbymexico.com\/blog\/wp-json\/wp\/v2\/media\/12885"}],"wp:attachment":[{"href":"https:\/\/www.travelbymexico.com\/blog\/wp-json\/wp\/v2\/media?parent=12884"}],"wp:term":[{"taxonomy":"category","embeddable":true,"href":"https:\/\/www.travelbymexico.com\/blog\/wp-json\/wp\/v2\/categories?post=12884"},{"taxonomy":"post_tag","embeddable":true,"href":"https:\/\/www.travelbymexico.com\/blog\/wp-json\/wp\/v2\/tags?post=12884"}],"curies":[{"name":"wp","href":"https:\/\/api.w.org\/{rel}","templated":true}]}}