{"id":12799,"date":"2012-09-30T21:42:20","date_gmt":"2012-10-01T02:42:20","guid":{"rendered":"http:\/\/www.travelbymexico.com\/blog\/?p=12799"},"modified":"2012-11-01T21:29:25","modified_gmt":"2012-11-02T03:29:25","slug":"festival-internacional-tamaulipas-2012","status":"publish","type":"post","link":"https:\/\/www.travelbymexico.com\/blog\/12799-festival-internacional-tamaulipas-2012\/","title":{"rendered":"Festival Internacional Tamaulipas 2012"},"content":{"rendered":"<h2>Desde el pasado 27 de Septiembre, el Gobierno de Tamaulipas presenta\u00a0 simult\u00e1neamente en\u00a0 43 de sus municipios el &#8220;Festival Internacional Tamaulipas&#8221;, el cual tiene como lema este a\u00f1o &#8220;La Cultura nos une&#8221; y\u00a0 como invitado de honor\u00a0 a Chile. Las actividades de este festival organizado por el Instituto Tamaulipeco para la Cultura y las Artes (ITCUL), se dar\u00e1n por concluidas el pr\u00f3ximo 7 de Octubre de 2012.<\/h2>\n<p>Como parte del <strong>Festival Internacional Tamaulipas<\/strong>\u00a0 se presentan espect\u00e1culos de: m\u00fasica de concierto, danza cl\u00e1sica y folcl\u00f3rica, \u00f3pera, mimos, teatro y m\u00fasica popular provenientes <strong>de M\u00e9xico y de otros pa\u00edses<\/strong> como<strong> Chile (pa\u00eds invitado)<\/strong>, Rusia, Canad\u00e1, Togo, entre otros.<\/p>\n<p><span style=\"text-decoration: underline;\">Chile incorpora al festival su m\u00fasica folcl\u00f3rica y contempor\u00e1nea con artistas como<\/span>: Los Jaivas, El Cuarteto Latinoamericano, Mankasay y Piececitos. En el aspecto literario se tendr\u00e1 el honor de presentar al escritor chileno Roberto Ampuero.<\/p>\n<p><span style=\"text-decoration: underline;\">Los talentos mexicanos presentes en el festival son, entre muchos m\u00e1s<\/span>: Lila Downs, Astrid Hadad, Patita de Perro, M\u00fasica para los Ojos de la Compa\u00f1\u00eda Se\u00f1a y Verbo.<\/p>\n<p>A lo largo de los 43 municipios que participan de esta magna fiesta cultural, se presentar\u00e1n <strong>en espacios p\u00fablicos artistas tamaulipecos; asimismo se tienen programadas 47 exposiciones, presentaci\u00f3n de cuentacuentos, teatro callejero y espect\u00e1culos dirigidos a los ni\u00f1os.<\/strong><\/p>\n<h3>Municipios sedes del Festival Internacional de Tamaulipas 2012:<\/h3>\n<p>Abasolo, Aldama, Altamira, Antiguo Morelos, Burgos, Bustamante, Camargo, Ciudad Madero,\u00a0 Crucillas, El Mante, G\u00f3mez Far\u00edas, Gonz\u00e1lez, G\u00fcemes, Gustavo D\u00edaz Ord\u00e1z, Hidalgo, Jaume,\u00a0 Jim\u00e9nez, M\u00e9ndez, Mier, Miguel Alem\u00e1n, Miquihiana, Nuevo Guerrero, Nuevo Laredo, Nuevo Morelos, Nuevo Progreso, Ocampo, Padilla, Palmillas, Reynosa, R\u00edo Blanco, San Carlos, San Fernando, San Nicol\u00e1s, Soto La Marina, Tampico, Tula, Valle Hermoso, Victoria, Villa de Casas, Villagr\u00e1n, Xicot\u00e9ncatl.<\/p>\n<h3>Los artistas que participan en la edici\u00f3n 2012 del FIT son:<\/h3>\n<p><span style=\"text-decoration: underline;\"><strong>(Por categor\u00edas y orden alfab\u00e9tico:\u00a0<\/strong>M\u00fasica \/ Artes Esc\u00e9nicas \/ Para Ni\u00f1os y Ni\u00f1as \/ Literatura \/ Artes Visuales \/ Artistas Tamaulipecos)<\/span><\/p>\n<h3><span style=\"text-decoration: underline;\">M\u00daSICA:\u00a0<\/span><\/h3>\n<p>&#8211; Selectro-on presenta \u201cSold Out\u201d<br \/>\n&#8211; \u201cAlturas de Machu Picchu\u201d, Los Jaivas (Chile)<br \/>\n&#8211; \u201cCl\u00e1sicos con sabor a M\u00e9xico\u201d, Mariachi Los Potrillos<br \/>\n&#8211; \u201cDar y Compartir\u201d, Polo Rojas y Gerry Celada<br \/>\n&#8211; \u201cDJIDJOM, Alegr\u00eda para t\u00ed\u201d, Africay\u00e9<br \/>\n&#8211; \u201cEl Reinado del Requinto\u201d, Los Tres Reyes y Gilberto Puente<br \/>\n&#8211; \u201cEncanto\u201d, Leticia Altamirano y Alan Pigarr\u00f3n<br \/>\n&#8211; \u201cFiesta Huasteca y Bejuco\u201d, Blanca Pulido<br \/>\n&#8211; \u201cGuitarras M\u00e1gicas\u201d, Guitarras de Luna<br \/>\n&#8211; \u201cJarana en Movimiento\u201d, Sergio Mansur<br \/>\n&#8211; \u201cN otra Vida\u201d, Edgar Oceransky<br \/>\n&#8211; \u201cPara no olvidarlos\u201d Viola Trigo<br \/>\n&#8211; \u201cTania 50 a\u00f1os de Libertad\u201d, Tania Libertad (Per\u00fa\/M\u00e9xico)<br \/>\n&#8211; \u201cTierra Misteriosa\u201d, Astrid Hadad<br \/>\n&#8211; Blue Man Show<br \/>\n&#8211; Bomba Est\u00e9reo (Colombia)<br \/>\n&#8211; Carpa sin Carpa<br \/>\n&#8211; Cuarteto Latinoamericano (Chile\/M\u00e9xico)<br \/>\n&#8211; Desfile Mojigangas: \u201cGrandes Maestros de la Pintura Mexicana\u201d: Eduardo<br \/>\nGarza<br \/>\n&#8211; Deshaciendo m\u00fasica, reinventando desechos, Orquesta Basura<br \/>\n&#8211; Kampore<br \/>\n&#8211; Karla Delf\u00edn<br \/>\n&#8211; Lila Downs \u201cPecados y Milagros\u201d<br \/>\n&#8211; Locas Divinas<br \/>\n&#8211; Los Bunkers (Chile)<br \/>\n&#8211; Los Pikin\u2019s (Cuba\/M\u00e9xico)<br \/>\n&#8211; Manka Saya (Chile)<br \/>\n&#8211; Nidia Yanin<br \/>\n&#8211; Noche de Campeonato: Bostich + Fussible de Nortec Collective y Kinky<br \/>\n&#8211; Novus Vitae<br \/>\n&#8211; Oscar Ch\u00e1vez y Los Morales<br \/>\n&#8211; Patricia y sus Guerreros<br \/>\n&#8211; Ricardo Tamez<br \/>\n&#8211; Salev Setra<br \/>\n&#8211; Surtido Rico<br \/>\n&#8211; Victoria Andina<br \/>\n&#8211; \u201cDe Cuba son los Danzones, de Tamaulipas los Huapangos\u201d Ricardo Rodr\u00edguez<br \/>\ncon Quinteto de Gonzalo Romeu.<br \/>\n&#8211; \u201cDel lado de all\u00e1, del lado de ac\u00e1\u201d Cuyos<br \/>\n&#8211; \u201cDos pianos, dos mundos\u201d, Albertina Crescitelli y Mauricio Garza Salazar.<\/p>\n<p>CONTINUAR LEYENDO<\/p>\n<p><strong><!--nextpage--><\/strong><\/p>\n<p><strong><span style=\"text-decoration: underline;\">(&#8230;) Artistas que participan en la edici\u00f3n 2012 del Festival Internacional Tamaulipas 2012:<\/span><\/strong><\/p>\n<h3><span style=\"text-decoration: underline;\">ARTES ESC\u00c9NICAS:\u00a0\u00a0<\/span><\/h3>\n<p>&#8211; \u201cCreo\/Poes\u00eda al alto vac\u00edo\u201d, Aletheia Cuerpo Esc\u00e9nico de M\u00e9xico<br \/>\n&#8211; \u201cAl Son de los Abuelos\u201d, Percha Teatro<br \/>\n&#8211; \u201cAmaya Linaje\u201d, Compa\u00f1\u00eda de Danza Flamenca Las Amaya (Espa\u00f1a)<br \/>\n&#8211; \u201cBroadwayland\u201d, Onda Urbana<br \/>\n&#8211; \u201cCirco de Medell\u00edn\u201d, Marabunta Central de Artes Libres<br \/>\n&#8211; \u201cEl viaje de un hombre a un mundo de 3D\u201d, Speechless<br \/>\n&#8211; \u201cFunerales de un payaso\u201d, Cornisa20<br \/>\n&#8211; \u201cGran Gala de Ballet\u201d, Ballet de Montreal de Eddy Toussaint (Canad\u00e1)<br \/>\n&#8211; \u201cImag\u00f3n y los Cuentos del Vagabundo\u201d, Compa\u00f1\u00eda De Danza Ardent\u00eda<br \/>\n&#8211; \u201cJuguetes\u201d, Cornisa20<br \/>\n&#8211; \u201cLa Acera de Enfrente\u201d<br \/>\n&#8211; \u201cLa Feria\u201d, Compa\u00f1\u00eda ImproTOP<br \/>\n&#8211; \u201cLa Paz\u201d, Carro de Comedias \/ Teatro UNAM<br \/>\n&#8211; \u201cSue\u00f1o de una noche con Sabines\u201d<br \/>\n&#8211; \u201cUarhukua Cha\u00b4naKua\u201d, Juego de Pelota Pur\u00e9pecha<br \/>\n&#8211; \u201c\u00a1Me llamo Pablo!\u201d con Carlos Bracho<br \/>\n&#8211; Circo Estatal de Mosc\u00fa sobre hielo (Rusia)<br \/>\n&#8211; Estrellas del Ballet Mundial<br \/>\n&#8211; Itinerantibus<br \/>\n&#8211; Lud\u00f3patas<br \/>\n&#8211; \u201cAZUL\u2026como una ojera de mujer\u201d Trilog\u00eda de una pasi\u00f3n, Contempodanza<\/p>\n<h3><span style=\"text-decoration: underline;\">PARA NI\u00d1OS Y NI\u00d1AS:\u00a0\u00a0<\/span><\/h3>\n<p>&#8211; \u201cCuentos revueltos para ni\u00f1os perversos\u201d, Compa\u00f1\u00eda ImproTOP<br \/>\n&#8211; \u201cM\u00fasica para los ojos\u201d, Compa\u00f1\u00eda Se\u00f1a y Verbo<br \/>\n&#8211; \u201cPiececitos en concierto\u201d, Jaime Lanfranco Tr\u00edo (Chile)<br \/>\n&#8211; Con h\u00e9roes y princesas llega la OSUAT<br \/>\n&#8211; Patita de Perro \/ Rock<br \/>\n&#8211; Titireteando<\/p>\n<h3><span style=\"text-decoration: underline;\">LITERATURA\u00a0<\/span><\/h3>\n<p>&#8211; \u201cA cierta edad, lo que digas o calles ser\u00e1 usado en tu contra: La edad de la punzada\u201d, Xavier Velasco<br \/>\n&#8211; \u201cApetitos Literarios\u201d, M\u00f3nica Lav\u00edn, Ana Garc\u00eda Bergua y Claudia Hern\u00e1ndez de Valle Arizpe<br \/>\n&#8211; \u201cEl complot de los rom\u00e1nticos, a mujeres escritoras de Latinoam\u00e9rica\u201d, Carmen Boullosa<br \/>\n&#8211; Alejandro Rosales Lugo, Charla Literaria y Lectura de Obra<br \/>\n&#8211; Baudelio Camarillo, Charla Literaria y Lectura de Obra<br \/>\n&#8211; Carlos Acosta Guerrero, Charla Literaria y Lectura de Obra<br \/>\n&#8211; Charla Literaria de Juli\u00e1n Herbert<br \/>\n&#8211; Cynthia Rodr\u00edguez Leija, Charla Literaria y Lectura de Obra<br \/>\n&#8211; Juan Jes\u00fas Aguilar, Charla Literaria y Lectura de Obra<br \/>\n&#8211; Presentaci\u00f3n del libro \u201cCanci\u00f3n de tumba\u201d, Julian Herbert<br \/>\n&#8211; Presentaci\u00f3n del Libro \u201cCapitan J. Ricardo Barr\u00f3n P\u00e9rez\u201d<br \/>\n&#8211; Presentaci\u00f3n del libro \u201cEl \u00daltimo Tango de Salvador Allende\u201d de Roberto Ampuero (Chile), por M\u00f3nica Lav\u00edn y Orlando Ortiz<br \/>\n&#8211; Presentaci\u00f3n del Libro \u201cRevolucionario a la carta\u201d del Maestro Francisco Ramos Aguirre<br \/>\n&#8211; \u201cLa est\u00e9tica del rel\u00e1mpago\u201d, Felipe Garrido<\/p>\n<h3><span style=\"text-decoration: underline;\">ARTES VISUALES\u00a0<\/span><\/h3>\n<p>&#8211; \u201cDe la Cruz al Sur al Tr\u00f3pico de C\u00e1ncer\u201d, V\u00edctor Hugo Nu\u00f1ez<br \/>\n&#8211; \u201cIn Bettween\u201d, Mar\u00eda Ignacia Edwards<br \/>\n&#8211; Carlos Garc\u00eda \u201cNinfas\u201d<br \/>\n&#8211; Cinema Mi Barrio \u201cLos de abajo\u201d<br \/>\n&#8211; Clara Ninfa Lerma \u201cEmociones Furtivas\u201d<br \/>\n&#8211; Crisol de Sue\u00f1os de Acero y Bronce<br \/>\n&#8211; Ernesto Mu\u00f1oz Acosta<br \/>\n&#8211; FEMSA \u201cdesplazamiento de Arte Moderno\u201d<br \/>\n&#8211; Fotograf\u00eda del Petr\u00f3leo<br \/>\n&#8211; H\u00e9ctor Olivares \u201cpa\u00eds del silencio\u201d<br \/>\n&#8211; Hiram C\u00e9spedes<br \/>\n&#8211; Inauguraci\u00f3n de Exposici\u00f3n Pict\u00f3rica Rosa Mar\u00eda Mart\u00ednez Marc\u00edas<br \/>\n&#8211; Inauguraci\u00f3n de Exposici\u00f3n Pict\u00f3rica, Mtro. Flori\u00e1n L\u00f3pez<br \/>\n&#8211; Intercambio Artesanal<br \/>\n&#8211; Intervenci\u00f3n Ocho Colectivos Comunitarios<br \/>\n&#8211; Intinerantibus<br \/>\n&#8211; Jes\u00fas L\u00f3pez \u201centre el Cielo y otros Rincones<br \/>\n&#8211; Jos\u00e9 Antonio Naval\u00f3n \u201cHomenaje a Van Gogh\u201d<br \/>\n&#8211; Juan Soriano<br \/>\n&#8211; Los perfiles de la Apariencia y la Fe<br \/>\n&#8211; Madonnari<br \/>\n&#8211; Manel Pujol<br \/>\n&#8211; Mar\u00eda Elena Porres \u201cEntre Lagunas y Cielo\u201d<br \/>\n&#8211; Mildred L\u00f3pez \u201cMirada Relax\u2026 en estos tiempos dif\u00edciles\u201d<br \/>\n&#8211; No\u00e9 Vargas<br \/>\n&#8211; Ram\u00f3n Cano Manilla<br \/>\n&#8211; Un Paisaje de Visiones<br \/>\n&#8211; XOLOTL POLO \u201cRealismo M\u00e1gico\u201d<\/p>\n<h3>ARTISTAS TAMAULIPECOS:<\/h3>\n<p>&#8211; \u201cAlba Ver\u00f3nica con Mariach\u00ed\u201d, Una de las m\u00e1s apasionadas voces dE Tamaulipas canta para M\u00e9xico<br \/>\n&#8211; \u201cBallet Folkl\u00f3rico Xochicatzin\u201d de Manuel Enr\u00edquez<br \/>\n&#8211; \u201cCirco Itinerante\u201d De la compa\u00f1\u00eda Escenario Azul<br \/>\n&#8211; \u201cEl Llano en Llamas\u201d de Juan Rulfo, Compa\u00f1\u00eda de Teatro del Espacio Cultural Metropolitano<br \/>\n&#8211; \u201cHomenaje a Cuco S\u00e1nchez\u201d, Juan Rogelio y su Mariachi<br \/>\n&#8211; \u201cHomenaje al Piporro\u201d, Rodrigo N\u00e1jera con Banda Tamaulipeca<br \/>\n&#8211; \u201cJazz\u201d Ra\u00fal Herrera<br \/>\n&#8211; \u201cLas Orqu\u00eddeas\u201d Ballet Folkl\u00f3rico de Jubilados<br \/>\n&#8211; \u201cPlaza Rock\u201d Rovot \/ Gingerelle \/ Terraser\u00eda<br \/>\n&#8211; \u201cPlaza Rock\u201d Adikta \/ The Smosh \/ Valyum<br \/>\n&#8211; \u201cPlaza Rock\u201d Cielo-Infierno \/ Nemulov \/ Zimbioziz<br \/>\n&#8211; \u201cQue viva el huapango\u201d, Tradici\u00f3n Genuina y \u201cAlma, fiesta y tradici\u00f3n\u201d, Cielo Huasteco<br \/>\n&#8211; \u201cSin Hablar 2012\u2033, Los Reyes de Recuerdo de Jose Felix<br \/>\n&#8211; 180 Grados<br \/>\n&#8211; Academia de Danza Arve<br \/>\n&#8211; Alan Alanis<br \/>\n&#8211; Alcanzando una estrella, Juan Miguel<br \/>\n&#8211; Andr\u00e9s Gea<br \/>\n&#8211; \u00c1ngel Garc\u00eda: El \u00c1ngel de la Canci\u00f3n<br \/>\n&#8211; Archis de Control<br \/>\n&#8211; Ballet Folkl\u00f3rico COBAT<br \/>\n&#8211; Ballet Folkl\u00f3rico de la Sec. T\u00e9cnica 76<br \/>\n&#8211; Ballet Folkl\u00f3rico Municipal<br \/>\n&#8211; Ballet Mante<br \/>\n&#8211; Banda de M\u00fasica del Gobierno del Estado de Tamaulipas<br \/>\n&#8211; Banda de M\u00fasica Municipal<br \/>\n&#8211; Banda Estrella Real<br \/>\n&#8211; Banda La Konzentida<br \/>\n&#8211; Blanca Pulido<br \/>\n&#8211; Blanco Perfecto<br \/>\n&#8211; Casa del Arte presenta<br \/>\n&#8211; Charro Aventurero<br \/>\n&#8211; Concierto de Gala<br \/>\n&#8211; Conferencia del Maestro Juan Antonio Lugo<br \/>\n&#8211; Conjunto T\u00edpico Tamaulipeco<br \/>\n&#8211; Coro Tampico<br \/>\n&#8211; Cruz Valadez<br \/>\n&#8211; Cuenta Cuantas Danzas<br \/>\n&#8211; Cuentacuentos<br \/>\n&#8211; Daniela V\u00e1zquez<br \/>\n&#8211; Danzas 2<br \/>\n&#8211; Danzas 3<br \/>\n&#8211; Danz\u00f3n Municipal<br \/>\n&#8211; Delirio Norte\u00f1o<br \/>\n&#8211; Distorsi\u00f3n Moska<br \/>\n&#8211; El Extranjero<br \/>\n&#8211; El show de Raymundin<br \/>\n&#8211; El Tamaulipeco<br \/>\n&#8211; El Valle de los Mamuts, Arque\u00f3logo Francisco M\u00e9ndoza P\u00e9rez<br \/>\n&#8211; El Yeitotol<br \/>\n&#8211; Esther Tovar<br \/>\n&#8211; Eztudio Fox<br \/>\n&#8211; Festival de la casa de la cultura de Gonz\u00e1lez<br \/>\n&#8211; Fonte<br \/>\n&#8211; Gatica y sus amigos<br \/>\n&#8211; Grupo Densidad<br \/>\n&#8211; Grupo Estampa<br \/>\n&#8211; Grupo Folkl\u00f3rico Kauyumarie<br \/>\n&#8211; Grupo Pokar<br \/>\n&#8211; Grupo XXPREZZO<br \/>\n&#8211; Hada Ver\u00f3nica<br \/>\n&#8211; Historia de un suspiro<br \/>\n&#8211; Historia del \u00faltimo suspiro<br \/>\n&#8211; Internacional Orquesta Tampico de Claudio Rosas<br \/>\n&#8211; Juan \u201cEl Abaje\u00f1o\u201d<br \/>\n&#8211; Kenia Urbina &#8211; La Bruja y el Curandero<br \/>\n&#8211; La Voz de Terciopelo<br \/>\n&#8211; Magda Castillo<br \/>\n&#8211; Malas Palabras<br \/>\n&#8211; Ma\u00f1ana de arte en el museo &#8211; Mart\u00edn Sanchez<br \/>\n&#8211; Matamoros Sound Espectacular<br \/>\n&#8211; Movimiento Subterr\u00e1neo<br \/>\n&#8211; M\u00fasica Sin Fronteras<br \/>\n&#8211; Nelson Ter\u00e1n<br \/>\n&#8211; Opus IV<br \/>\n&#8211; Orquesta de C\u00e1mara Mar\u00eda Teresa Cortinas del Riego<br \/>\n&#8211; Orquesta de Casa del Arte \/ Canto &#8211; Pepe Cantabrias<br \/>\n&#8211; Poder Colombiano<br \/>\n&#8211; Programa Cultural del Internacional Club Rotario<br \/>\n&#8211; Radio Bot<br \/>\n&#8211; Recital de Piano: Mtro. Walter Maldonado Alvarado<br \/>\n&#8211; Rock 50\u2032s y 60\u2032s<br \/>\n&#8211; Rondalla Amigos para Siempre<br \/>\n&#8211; Soraima y sus Huastecos<br \/>\n&#8211; Tachiro<br \/>\n&#8211; Teclas Tamaulipecas<br \/>\n&#8211; Terceto de Guitarras de Tampico<br \/>\n&#8211; Tianguis Cultural<br \/>\n&#8211; To\u00f1o Tovar, \u201cEl Victorense\u201d<br \/>\n&#8211; Tradici\u00f3n Genuina y Cielo Huasteco<br \/>\n&#8211; Tr\u00edo Alba Huasteca y Tr\u00edo Huasteco Almaz\u00e1n<br \/>\n&#8211; Trio Herencia Huasteca<br \/>\n&#8211; Trova Son de la Loma<br \/>\n&#8211; Umano Ach\u00e9<br \/>\n&#8211; Venadillos del Norte<br \/>\n&#8211; Verbena Popular<br \/>\n&#8211; Viajeros Extranjeros en Tamaulipas de Jos\u00e9 Iturriaga de la Fuente<br \/>\n&#8211; Viva Tamaulipas<br \/>\n&#8211; Voz y Sentimiento<br \/>\n&#8211; Y por que no jugamos.<\/p>\n<h3><span style=\"text-decoration: underline;\">El Festival Internacional Tamaulipas en tu ciudad:<\/span><\/h3>\n<p>Sedes, eventos, artistas, horarios y costos en la p\u00e1gina oficial del FIT 2012: <span style=\"text-decoration: underline;\">http:\/\/fit.gob.mx<\/span><\/p>\n","protected":false},"excerpt":{"rendered":"<p>Desde el pasado 27 de Septiembre, el Gobierno de Tamaulipas presenta\u00a0 simult\u00e1neamente en\u00a0 43 de sus municipios el &#8220;Festival Internacional<\/p>\n","protected":false},"author":2,"featured_media":12800,"comment_status":"closed","ping_status":"closed","sticky":false,"template":"","format":"standard","meta":[],"categories":[37],"tags":[102,106,3605,203,299,360,9799,1640,582,1930,762,818,896,3606,2307,1053,1158,1163],"_links":{"self":[{"href":"https:\/\/www.travelbymexico.com\/blog\/wp-json\/wp\/v2\/posts\/12799"}],"collection":[{"href":"https:\/\/www.travelbymexico.com\/blog\/wp-json\/wp\/v2\/posts"}],"about":[{"href":"https:\/\/www.travelbymexico.com\/blog\/wp-json\/wp\/v2\/types\/post"}],"author":[{"embeddable":true,"href":"https:\/\/www.travelbymexico.com\/blog\/wp-json\/wp\/v2\/users\/2"}],"replies":[{"embeddable":true,"href":"https:\/\/www.travelbymexico.com\/blog\/wp-json\/wp\/v2\/comments?post=12799"}],"version-history":[{"count":5,"href":"https:\/\/www.travelbymexico.com\/blog\/wp-json\/wp\/v2\/posts\/12799\/revisions"}],"predecessor-version":[{"id":13067,"href":"https:\/\/www.travelbymexico.com\/blog\/wp-json\/wp\/v2\/posts\/12799\/revisions\/13067"}],"wp:featuredmedia":[{"embeddable":true,"href":"https:\/\/www.travelbymexico.com\/blog\/wp-json\/wp\/v2\/media\/12800"}],"wp:attachment":[{"href":"https:\/\/www.travelbymexico.com\/blog\/wp-json\/wp\/v2\/media?parent=12799"}],"wp:term":[{"taxonomy":"category","embeddable":true,"href":"https:\/\/www.travelbymexico.com\/blog\/wp-json\/wp\/v2\/categories?post=12799"},{"taxonomy":"post_tag","embeddable":true,"href":"https:\/\/www.travelbymexico.com\/blog\/wp-json\/wp\/v2\/tags?post=12799"}],"curies":[{"name":"wp","href":"https:\/\/api.w.org\/{rel}","templated":true}]}}