{"id":12778,"date":"2012-09-29T17:02:01","date_gmt":"2012-09-29T22:02:01","guid":{"rendered":"http:\/\/www.travelbymexico.com\/blog\/?p=12778"},"modified":"2012-10-01T21:57:48","modified_gmt":"2012-10-02T02:57:48","slug":"premiados-en-la-feria-del-libro-de-antropologia-2012","status":"publish","type":"post","link":"https:\/\/www.travelbymexico.com\/blog\/12778-premiados-en-la-feria-del-libro-de-antropologia-2012\/","title":{"rendered":"Premiados en la Feria del Libro de Antropolog\u00eda 2012"},"content":{"rendered":"<h2>El jueves pasado, la <a title=\"Feria del Libro de Antropolog\u00eda e Historia 2012 del 27 de septiembre al 7 de octubre de 2012\" href=\"http:\/\/www.travelbymexico.com\/blog\/12758-feria-del-libro-de-antropologia-e-historia-2012\" target=\"_blank\">24\u00aa edici\u00f3n anual de la Feria del Libro de Antropolog\u00eda e Historia<\/a> (FLAH) arranc\u00f3 sus actividades con la entrega del Premio &#8220;Antonio Garc\u00eda Cubas&#8221; a ediciones sociales en las categor\u00edas de obra de Divulgaci\u00f3n, Cient\u00edfica, Infantil y Juvenil, Facsimilar y de Arte.<\/h2>\n<h3>T\u00edtulos ganadores del Premio &#8220;Antonio Garc\u00eda Cubas&#8221; 2012<\/h3>\n<p>&#8211; &#8220;Quetzalc\u00f3atl y los mitos fundadores de Mesoam\u00e9rica&#8221;, de Enrique Florescano (Editorial Taurus);<\/p>\n<p>&#8211; &#8220;Poder naval y modernizaci\u00f3n del Estado: Pol\u00edtica de construcci\u00f3n naval espa\u00f1ola siglos XVI-XVIII&#8221; (UNAM-IIH \/ Iv\u00e1n Valdez\u2013Bubnov);<\/p>\n<p>&#8211; &#8220;Migrar&#8221;, de Jos\u00e9 Manuel Mateo (Ediciones Tecolote);<\/p>\n<p>&#8211; &#8220;De Humani Corporis Fabrica. Libri Septem&#8221; (Fomento Cultural Banamex) y Rodrigo Moya. Una mirada documental (UNAM-IIE)<\/p>\n<h3>Menciones honor\u00edficas:<\/h3>\n<p>El jurado del certamen otorg\u00f3 menciones honor\u00edficas a las casas editoras a cargo de las publicaciones:<\/p>\n<p>&#8220;Chocolate. Cultivo y cultura del M\u00e9xico Antiguo&#8221;;<br \/>\n&#8220;Hidalgo. Maestro, p\u00e1rroco e insurgente&#8221;;<br \/>\n&#8220;Navegar con libros. El comercio de libros entre Espa\u00f1a y Nueva Espa\u00f1a&#8221; (1750-1820);<br \/>\n&#8220;El mito del salvaje&#8221;;<br \/>\n&#8220;Bajo la sombra de la historia. Ensayos sobre el Islam y el Juda\u00edsmo Vol. I&#8221;;<br \/>\n&#8220;Xcuidihuini. Leyendas zapotecas&#8221;;<br \/>\n&#8220;Ventana a mi comunidad.&#8221;<\/p>\n<h3><span style=\"text-decoration: underline;\">Feria del Libro de Antropolog\u00eda e Historia 2012\u00a0<\/span><\/h3>\n<p><strong>Dedicada al libro en espan\u0303ol y lenguas indi\u0301genas<\/strong>, la <a title=\"Feria del Libro de Antropolog\u00eda e Historia, del 27 de septiembre al 7 de octubre de 2012\" href=\"http:\/\/www.travelbymexico.com\/blog\/12758-feria-del-libro-de-antropologia-e-historia-2012\" target=\"_blank\">24\u00aa Feria del Libro de Antropolog\u00eda e Historia<\/a> muestra la gran diversidad ling\u00fc\u00edstica que existe en nuestro pa\u00eds el cual con 68 lenguas ind\u00edgenas, con 364 variantes (pertenecientes a 11 familias), es uno de los 15 pa\u00edses a nivel mundial y entre los primeros tres en Latinoam\u00e9rica en variedad de idiomas.<\/p>\n<p>Encuentros acad\u00e9micos, presentaciones de libros, proyecci\u00f3n de cintas, un mitote po\u00e9tico, danza y m\u00fasica; encuentros acad\u00e9micos, conforman el calendario de actividades de la<span style=\"text-decoration: underline;\"><strong> XXIV edici\u00f3n de la Feria del Libra de Antropolog\u00eda e Historia<\/strong>; en el patio central del <a title=\"Museo Nacional de Antropolog\u00eda de la Ciudad de M\u00e9xico: rese\u00f1a, fotos y ubicaci\u00f3n\" href=\"http:\/\/www.travelbymexico.com\/ciudaddemexico\/atractivos\/index.php?nom=kdfemusantrop\" target=\"_blank\"><strong>Museo Nacional de Antropolog\u00eda<\/strong><\/a> del 27 de septiembre al 7 de octubre de 2012<\/span><\/p>\n<p><strong>&#8211; VIII Coloquio de African\u00edas<\/strong> se llevar\u00e1 a cabo el 28 de septiembre con mesas redondas, conferencias, presentaci\u00f3n de videos<\/p>\n<p>&#8211; <strong>Encuentro de poes\u00eda en lenguas ind\u00edgenas y en espa\u00f1ol<\/strong>, el 29 de septiembre, a las 12:00 horas, en el Auditorio &#8220;Jaime Torres Bodet&#8221; del Museo Nacional de Antropolog\u00eda.<\/p>\n<p>&#8211;<strong> Quinteto Silvestre Mart\u00ednez<\/strong>, de Oaxaca, el 29 de septiembre a las 15:00 horas, en el Patio Central del museo.<\/p>\n<p>&#8211; <strong>Mitote de poetas en lenguas ind\u00edgenas<\/strong>, el 30 de septiembre en el Patio Central del MNA, a las 13:00 horas.<\/p>\n<p><strong>&#8211; XVII Simposio Rom\u00e1n Pi\u00f1a Chan<\/strong> del 1 al 3 de octubre en el Auditorio Jaime Torres Bodet; especialistas extranjeros hablar\u00e1n de los sitios arqueol\u00f3gicos de Caral, Per\u00fa; El Dorado, Panam\u00e1, y la investigaci\u00f3n arqueol\u00f3gica en Venezuela.<\/p>\n<p><strong>&#8211; II Encuentro del libro intercultural y en lenguas ind\u00edgenas<\/strong>, que se realizar\u00e1 el 5 y 6 de octubre en los auditorios Tl\u00e1loc y \u00a0Fray Bernardino de Sahag\u00fan, a partir de las 9:00 horas.<\/p>\n<p><strong>&#8211; VIII Foro de M\u00fasica Tradiciona<\/strong>l estar\u00e1 dedicado a las Danzas de conquista, fandangos y cuadrillas, que se realizar\u00e1 del 4 al 6 de octubre, en los auditorios Jaime Torres Bodet y Tl\u00e1loc.<\/p>\n<h3><span style=\"text-decoration: underline;\">Pabell\u00f3n Internacional:\u00a0<\/span><\/h3>\n<p>En este pabell\u00f3n, el visitante podr\u00e1 adquirir vol\u00famenes de Argentina, Bolivia, Chile, Cuba, El Salvador, Espa\u00f1a, Guatemala, Honduras, Panam\u00e1, Per\u00fa, Uruguay y Venezuela.<\/p>\n<p><span style=\"text-decoration: underline;\"><strong>Consulta el programa completo de actividades de la <a title=\"Programa Feria del Libro de Antropolog\u00eda e Historia 2012 del 27 de septiembre al 7 de octubre de 2012\" href=\"http:\/\/www.travelbymexico.com\/blog\/12758-feria-del-libro-de-antropologia-e-historia-2012\/ \" target=\"_blank\">Feria del Libro de Antropolog\u00eda e Historia 2012<\/a><\/strong><\/span><\/p>\n<p>&nbsp;<\/p>\n","protected":false},"excerpt":{"rendered":"<p>El jueves pasado, la 24\u00aa edici\u00f3n anual de la Feria del Libro de Antropolog\u00eda e Historia (FLAH) arranc\u00f3 sus actividades<\/p>\n","protected":false},"author":2,"featured_media":12779,"comment_status":"closed","ping_status":"closed","sticky":false,"template":"","format":"standard","meta":[],"categories":[9,912],"tags":[3591,2000,318,363,398,2536,3577,1622,656,2490,3578,832,1715,3319,1053],"_links":{"self":[{"href":"https:\/\/www.travelbymexico.com\/blog\/wp-json\/wp\/v2\/posts\/12778"}],"collection":[{"href":"https:\/\/www.travelbymexico.com\/blog\/wp-json\/wp\/v2\/posts"}],"about":[{"href":"https:\/\/www.travelbymexico.com\/blog\/wp-json\/wp\/v2\/types\/post"}],"author":[{"embeddable":true,"href":"https:\/\/www.travelbymexico.com\/blog\/wp-json\/wp\/v2\/users\/2"}],"replies":[{"embeddable":true,"href":"https:\/\/www.travelbymexico.com\/blog\/wp-json\/wp\/v2\/comments?post=12778"}],"version-history":[{"count":5,"href":"https:\/\/www.travelbymexico.com\/blog\/wp-json\/wp\/v2\/posts\/12778\/revisions"}],"predecessor-version":[{"id":12781,"href":"https:\/\/www.travelbymexico.com\/blog\/wp-json\/wp\/v2\/posts\/12778\/revisions\/12781"}],"wp:featuredmedia":[{"embeddable":true,"href":"https:\/\/www.travelbymexico.com\/blog\/wp-json\/wp\/v2\/media\/12779"}],"wp:attachment":[{"href":"https:\/\/www.travelbymexico.com\/blog\/wp-json\/wp\/v2\/media?parent=12778"}],"wp:term":[{"taxonomy":"category","embeddable":true,"href":"https:\/\/www.travelbymexico.com\/blog\/wp-json\/wp\/v2\/categories?post=12778"},{"taxonomy":"post_tag","embeddable":true,"href":"https:\/\/www.travelbymexico.com\/blog\/wp-json\/wp\/v2\/tags?post=12778"}],"curies":[{"name":"wp","href":"https:\/\/api.w.org\/{rel}","templated":true}]}}