{"id":12732,"date":"2012-09-23T19:06:43","date_gmt":"2012-09-24T00:06:43","guid":{"rendered":"http:\/\/www.travelbymexico.com\/blog\/?p=12732"},"modified":"2012-09-23T19:13:27","modified_gmt":"2012-09-24T00:13:27","slug":"feria-mundial-de-turismo-cultural-2012","status":"publish","type":"post","link":"https:\/\/www.travelbymexico.com\/blog\/12732-feria-mundial-de-turismo-cultural-2012\/","title":{"rendered":"Feria Mundial de Turismo Cultural 2012"},"content":{"rendered":"<h2>La tercera edici\u00f3n de la Feria Mundial de Turismo Cultural se llevar\u00e1 a cabo en la Casa de la Cultura de Michoac\u00e1n, en la ciudad de Morelia, Michoac\u00e1n del 27 al 30 de Septiembre de 2012.<\/h2>\n<p>La <strong>Feria Mundial de Turismo Cultural de Morelia<\/strong> es la mayor representante del turismo cultural en M\u00e9xico, tiene como objetivo principal la difusi\u00f3n, promoci\u00f3n de la riqueza cultural, geogr\u00e1fica e hist\u00f3rica de cada uno de los destinos tur\u00edsticos en el pa\u00eds y de otras partes del mundo. En esta tercera edici\u00f3n la FMTC contar\u00e1 con la participaci\u00f3n de <strong>150 expositores nacionales e internacionales<\/strong>, a su vez se espera la presencia de compradores de origen nacional e internacional.<\/p>\n<p>Considerado\u00a0 lugar clave en la presentaci\u00f3n de <a title=\"Conoce las Diez Rutas Tur\u00edsticas de M\u00e9xico  \" href=\"http:\/\/www.travelbymexico.com\/blog\/5998-las-diez-rutas-turisticas-de-mexico\/ \" target=\"_blank\">rutas<\/a> y productos tur\u00edsticos, este magno evento est\u00e1 organizado por la Secretar\u00eda de Turismo Federal, el Consejo de Promoci\u00f3n tur\u00edstica de M\u00e9xico, el Consejo Nacional para la Cultura y las Artes, el Gobierno del Estado de Michoac\u00e1n y el H. Ayuntamiento de Morelia.<\/p>\n<p><span style=\"text-decoration: underline;\"><strong>Se llevar\u00e1 a cabo en la Casa de la Cultura de Michoac\u00e1n<\/strong><\/span>: Ex Convento de los Carmelitas Descalzos. Av. Morelos Norte No. 485 Centro Hist\u00f3rico, Morelia.<\/p>\n<h3>Expo artesanal y eventos art\u00edsticos:<\/h3>\n<p>La FMTC es tambi\u00e9n considerada como una plataforma de impulso al arte y las artesan\u00edas mexicanas gracias a su Expo Artesanal que re\u00fane a m\u00e1s de<strong> 120 artesanos de 70 ramas artesanales de M\u00e9xico y el mundo<\/strong> en una gran exhibici\u00f3n y expo venta.<\/p>\n<p>Asimismo, se llevar\u00e1n a cabo diversos <strong>eventos art\u00edsticos<\/strong> (<em>Horacio Franco; Presentaciones art\u00edsticas de Tailandia, Ecuador y Ucrania; Coro de Universidades; Orquesta Sinf\u00f3nica de Michoa\u00e1n; Grupos musicales, Ballet folkl\u00f3rico, entre otros.<\/em>)\u00a0 en el Teatro Ocampo, la Plaza de Armas y la Cerrada San Agust\u00edn (programa de eventos a continuaci\u00f3n).<\/p>\n<h3>\u00bfSab\u00edas que?<\/h3>\n<p>M\u00e9xico es actualmente la cuarta potencia en turismo cultural a nivel internacional; cuenta con 55 pueblos m\u00e1gicos, 40 mil sitios arqueol\u00f3gicos, 62 etnias, <a title=\"Las 18 Rutas Gastron\u00f3micas de M\u00e9xico\" href=\"http:\/\/www.travelbymexico.com\/blog\/11346-las-18-rutas-gastronomicas-de-mexico\/ \" target=\"_blank\">18 rutas gastron\u00f3micas<\/a>, as\u00ed como una amplia cantidad de ciudades colonias, pero sobre todo M\u00e9xico es la herencia de civilizaciones de importancia mundial como lo son los aztecas y los mayas.<\/p>\n<p>A su vez, M\u00e9xico cuenta con varios <a title=\"Patrimonios de la Humanidad en M\u00e9xico  \" href=\"http:\/\/www.travelbymexico.com\/blog\/5574-patrimonios-de-la-humanidad-en-mexico\/\" target=\"_blank\">bienes materiales e intangibles inscritos en los listados de Patrimonio de la Humanidad<\/a> por la UNESCO: Centro Hist\u00f3ricos de ciudades y zonas arqueol\u00f3gicas; Cocina Tradicional de M\u00e9xico, cultura comunitaria, ancestral, popular y viva&#8221; o <a title=\"El Mariachi ya es Patrimonio Cultural de la Humanidad \" href=\"http:\/\/www.travelbymexico.com\/blog\/10511-el-mariachi-ya-es-patrimonio-cultural-de-la-humanidad\" target=\"_blank\">El Mariachi, m\u00fasica de cuerdas, canto y trompeta<\/a>&#8220;.<\/p>\n<h3>FMTC 2012: Programa de eventos Acad\u00e9micos y Art\u00edsticos<\/h3>\n<h3>PROGRAMA ACAD\u00c9MICO\u00a0 <strong><\/strong><\/h3>\n<p><strong>VIERNES 28 DE SEPTIEMBRE DE 2012\u00a0<\/strong><\/p>\n<p><span style=\"text-decoration: underline;\">PRESENTACI\u00d3N PROGRAMA ACAD\u00c9MICO\/ INNOVACI\u00d3N Y DIVERSIDAD DEL TURISMO CULTURAL<\/span><br \/>\nTania Carrasco Vargas (Conaculta) &#8211; Lic. Ra\u00fal Montes Elizondo (SECTUR).<\/p>\n<p><strong>Mundo Maya\/ Los Mayas de Ayer y Hoy<\/strong>. 16:00 \u2013 16:10 horas. Moderadora\/ Tania Carrasco.<br \/>\nLos Mayas de ayer \/ 16:10- 16:30 hrs. Guillermo Bernal Romero, Centro de Estudios Mayas (UNAM).<br \/>\n<strong>Los Mayas de hoy\/ Transici\u00f3n<\/strong> \/ 16:30 \u2013 16:50 hrs. Mario Humberto Ruz, Director del Centro Peninsular en Humanidades y Ciencias Sociales.<br \/>\n<strong>Los Mayas de hoy\/ Mundo moderno<\/strong> \/ 16:50- 17:10 hrs. Daniela Maldonado Cano, Acad\u00e9mico\u00a0 Centro Peninsular en Humanidades y Ciencias Sociales.<br \/>\n<strong>Preguntas y Comentarios<\/strong> \/ 17:10 \u2013 17:20 hrs.<br \/>\n<strong>Receso<\/strong> \/ 17:15 \u2013 17:30 hrs.<\/p>\n<p><span style=\"text-decoration: underline;\">PANEL DIVERSIDAD DEL TURISMO CULTURAL<\/span><br \/>\nModerador\/ Carlos Alberto Hiriart Pardo<br \/>\n<strong>Turismo Cultural. Ruta del Rebozo<\/strong> \/ 17:35 \u2013 17:55 hrs. Stephanie Schneiderman, Cultural Jourbeys to M\u00e9xico &amp; Colombia.<br \/>\n<strong>Turismo Idiom\u00e1tico. Oportunidades en M\u00e9xico<\/strong> \/ 17:55 \u2013 18:15 hrs. Aldo Pineda, Investigador Facultad de Econom\u00eda (UNAM).<br \/>\n<strong>Turismo Acad\u00e9mico<\/strong> \/ 18:15 \u2013 18:35 hrs. Consuelo Cendejas Avil\u00e9s;\u00a0 Coordinadora Cultural, Secretar\u00eda de Difusi\u00f3n Cultural y Extensi\u00f3n Universitaria.<br \/>\n<strong>Conferencia Magistral<\/strong> \/ 18:35 \u2013 19:15 hrs. Anthony Bigio, Banco Mundial.<br \/>\n<strong>Preguntas y Comentarios<\/strong> \/ 19:15- 19:30 hrs.<\/p>\n<p>Actividades de programa art\u00edstico \/ Catedral de Morelia a las 21:00 hrs. V\u00edctor Urban, Organista.<\/p>\n<p><span style=\"text-decoration: underline;\"><strong>(&#8230;) CONTINUAR LEYENDO:<\/strong><\/span> PROGRAMA DE EVENTOS ART\u00cdSTICOS Y ACAD\u00c9MICOS DEL 27 al 30 de Septiembre<\/p>\n<p><!--nextpage--><\/p>\n<p><span style=\"text-decoration: underline;\"><strong>S\u00c1BADO 29 DE SEPTIEMBRE de 2012<\/strong><\/span><\/p>\n<p><span style=\"text-decoration: underline;\">PANEL DIVERSIDAD DEL TURISMO CULTURAL<\/span><br \/>\n<strong>Turismo\u00a0 Religioso<\/strong> \/ 16:00 \u2013 16:20 hrs. Monse\u00f1or Enrique Glennue Graue, Rector de la Bas\u00edlica de Sta. Mar\u00eda Gpe.<br \/>\n<strong>Turismo Religioso<\/strong> \/ 16:20 \u2013 16:40 hrs. Alicia Del Villar de Blanco, Consultora de Relaciones P\u00fablicas.<br \/>\n<strong>Turismo Gastron\u00f3mico<\/strong> \/ 16:40 \u2013 17:00 hrs. Chef Enrique Olvera.<br \/>\n<strong>Turismo Arqueol\u00f3gico<\/strong> \/ 17:00 \u2013 17:20 hrs. Luis Antonio Huitr\u00f3n Santoyo, Director de Operaci\u00f3n de Sitios (INAH).<br \/>\n<strong>Multidestino Cultural<\/strong>\/ opci\u00f3n anticrisis para M\u00e9xico \/ 17:20 \u2013 17:40 hrs.<br \/>\n<strong>Receso<\/strong> \/ 17:40 \u2013 17:55 hrs.<\/p>\n<p><span style=\"text-decoration: underline;\">INNOVACI\u00d3N EN EL TURISMO CULTURAL Y NUEVAS TECNOLOG\u00cdAS \u00a0<\/span><br \/>\nModerador\/ Luis Alfredo Durand Guti\u00e9rrez<\/p>\n<p><strong>Atlas Cultural de M\u00e9xico para Apps<\/strong> \/ 17:55 \u2013 18:15 hrs. Miguel Autrey, Director Creativo y de Estrategias en Editorial Ra\u00edces.<br \/>\n<strong>Turismo Cultural en M\u00e9xico<\/strong> \/ 18:15 \u2013 18:35 hrs. Jorge Castellanos, Director General de Con Equis.<br \/>\n<strong>Paseos de Turismo Cultural<\/strong> \/18:35 \u2013 18:55 hrs. Javier Chincoya Teutli, Director General Ten Top Travel.<br \/>\n<strong>Preguntas y Comentarios; Relator\u00eda y Conclusiones\u00a0<\/strong> \/ 19:00 \u2013 19:15 hrs.<\/p>\n<p>Actividades del Programa Art\u00edstico \/ Teatro Ocampo a las 20:00 hrs. <strong>Horacio Franco<\/strong>, Flautista.<\/p>\n<h3>PROGRAMA ART\u00cdSTICO\u00a0 (eventos para participantes y eventos para p\u00fablico en general)<\/h3>\n<p><span style=\"text-decoration: underline;\"><strong>JUEVES 27 DE SEPTIEMBRE de 2012<\/strong><\/span><\/p>\n<p><span style=\"text-decoration: underline;\">INAUGURACI\u00d3N \/ LUGAR \/ RECINTO INAUGURAL (Acceso solo participantes)\u00a0<\/span><\/p>\n<p><strong>Grupo &#8220;Santiago&#8221;<\/strong> \/ Instituto Queretano de Cultura. 19:00 hrs.<br \/>\n<strong>Pedro Kominik<\/strong> \/ Conaculta. 19:30 hrs.<br \/>\n<strong>Longina Seductora<\/strong> \/ Cuba. 20:00 hrs.<br \/>\n<strong>Roc\u00edo Vega y el Grupo Mezcal<\/strong>. Secretar\u00eda de Cultura Michoac\u00e1n. 20:30 hrs.<br \/>\n<strong>Juan Alzate e Invitados<\/strong> \/ Secretar\u00eda de Cultura Michoac\u00e1n. 21:00 hrs.<\/p>\n<p><span style=\"text-decoration: underline;\"><strong>VIERNES 28 DE SEPTIEMBRE (Para p\u00fablico en general)\u00a0<\/strong><\/span><\/p>\n<p><strong>LIBROBUS<\/strong> Conaculta &#8211; Plaza Valladolid \/ 10:00 hrs.<br \/>\nParticipaci\u00f3n de La <strong>Universidad Michoacana de San Nicol\u00e1s de Hidalgo<\/strong>\u00a0&#8211; Plaza de Armas. 10:00 hrs. 11:00 hrs. 12:00 hrs. 13:00 hrs. 15:00 hrs.<\/p>\n<p><strong>Narraciones Orales<\/strong> \/ Conaculta &#8211; Cerrada de San Agust\u00edn \/ 11:00 hrs. 14:00 hrs. 16\/00 hrs<br \/>\n<strong>Tr\u00edo Calamar<\/strong> \/ Estado de Hidalgo &#8211; Cerrada de San Agust\u00edn \/ 13:00 hrs.<br \/>\n<strong>Mallkus<\/strong>\/ Embajada de Ecuador &#8211; Plaza de Armas. 14:00 hrs.<br \/>\n<strong>Ancha &#8220;Gran Banda de Viento, M\u00fasica Mexicana&#8221;<\/strong> \/ Secretar\u00eda de cultura de Michoac\u00e1n &#8211; Plaza de Armas. 15:00 hrs.<\/p>\n<p><strong>Cuarteto de Cuerdas &#8220;Sonus&#8221;<\/strong>\/Instituto Queretano de Cultura &#8211; Plaza de Armas. 16:00 hrs.<br \/>\n<strong>Ballet Folkl\u00f3rico de Villa Madero<\/strong>, Michoac\u00e1n \/ Secretar\u00eda Cultura Michoac\u00e1n &#8211; Cerrada de San Agust\u00edn \/ 17:00 hrs.<br \/>\n<strong>La Milpa de M\u00e9xico<\/strong> (M\u00fasica Tradicional Mexicana) Conaculta &#8211; Plaza de Armas. 17:00 hrs.<br \/>\nPresentaci\u00f3n Art\u00edstica \/ <strong>Embajada de Tailandia<\/strong> en M\u00e9xico &#8211; Plaza de Armas. 18:00 hrs.<br \/>\n<strong>Ballet Folkl\u00f3rico Cuyucan<\/strong> &#8211; MARIACHI LA LOBA \/ Secretar\u00eda Cultura Michoac\u00e1n &#8211; Cerrada San Agust\u00edn \/ 18:00 hrs.<br \/>\n<strong>Cantarte<\/strong> \/ Estado de Colima &#8211; Plaza de Armas 19:00 hrs.<br \/>\n<strong>Ballet Folkl\u00f3rico de Hidalgo<\/strong> \u2013 SECUM \/ Secretar\u00eda Cultural Michoac\u00e1n &#8211; Cerrada San Agust\u00edn \/ 19:00 hrs.<br \/>\nPresentaci\u00f3n Art\u00edstica \/ <strong>Embajada de Ucrania<\/strong> &#8211; Plaza de Armas. 20:00 hrs.<br \/>\n<strong>Ballet Folkl\u00f3rico de Hidalgo<\/strong> \u2013 SECUM \/ Secretar\u00eda Cultural Michoac\u00e1n &#8211; Cerrada San Agust\u00edn \/ 20:00 hrs.<br \/>\n<strong>Concierto de La Orquesta Sonf\u00f3nica de Michoac\u00e1n<\/strong> \/ Secretar\u00eda Cultura Michoac\u00e1n &#8211; Teatro Ocampo \/ 20\/30 hrs.<br \/>\n<strong>Mtro. V\u00edctor Urban<\/strong> (Organista) Conaculta, Edo. de M\u00e9xico &#8211; Catedral de Morelia \/ 21:00 hrs.<\/p>\n<p><span style=\"text-decoration: underline;\"><strong>SABADO 29 DE SEPTIEMBRE de 2012\u00a0<\/strong><\/span><\/p>\n<p>LIBROBUS\/ Conaculta &#8211; Plaza Valladolid. 10:00 hrs.<br \/>\nLas Valentinas\/ Secretar\u00eda Cultural Michoac\u00e1n &#8211; Cerrada de San Agust\u00edn. 10:00 hrs.<br \/>\nGrupo Gab\u00e1n\/ Secretar\u00eda Cultura Michoac\u00e1n &#8211; Plaza de Armas. 10:00 hrs.<\/p>\n<p>Taller para Ni\u00f1os Vig\u00edas de la Cultura \/ Conaculta<br \/>\nCasa de la Cultura \/ 10:00 hrs. 11:00 hrs. 12:00 hrs. 15:00 hrs.<\/p>\n<p>Narraciones Orales\/ Secretar\u00eda Cultural Michoac\u00e1n<br \/>\nCerrada de San Agust\u00edn. 11:00 hrs. 13:00 hrs. 16:00 hrs. 17:00 hrs.<\/p>\n<p><strong>Abraham Salazar<\/strong> \/ Secretar\u00eda Cultural Michoac\u00e1n. Plaza de Armas. 11:00 hrs.<br \/>\n<strong>Danza Contempor\u00e1nea<\/strong> \/ Secretar\u00eda Cultural Michoac\u00e1n &#8211; Cerrada de San Agust\u00edn. 12:00 hrs.<br \/>\n<strong>Dueto Sarabanda<\/strong> \/ Secretar\u00eda Cultural Michoac\u00e1n &#8211; Plaza de Armas. 12:00 hrs.<br \/>\n<strong>Danza Contempor\u00e1nea<\/strong> \/ Secretar\u00eda Cultural Michoac\u00e1n &#8211; Plaza de Armas. 13:00 hrs.<br \/>\n<strong>Electrorap &#8220;Alfatrack&#8221;<\/strong> \/ Secretar\u00eda Cultural Michoac\u00e1n &#8211; Cerrada de San Agust\u00edn. 14:00 hrs.<br \/>\n<strong>Rock<\/strong>\/ Secretar\u00eda Cultural Michoac\u00e1n &#8211; Plaza de Armas. 13:00 hrs.<br \/>\n<strong>La Orquesta Basura<\/strong> \/ Conaculta &#8211; Plaza de Armas. 14:00 hrs.<br \/>\n<strong>Daniel D\u00edaz<\/strong> \/ Secretar\u00eda Cultural Michoac\u00e1n &#8211; Cerrada de San Agust\u00edn. 15:00 hrs.<br \/>\n<strong>Obra de Teatro &#8220;Naque&#8221;<\/strong> \/ Instituto Queretano de Cultura &#8211; Plaza de Armas. 16:00 hrs.<br \/>\n<strong>Taller para J\u00f3venes Vig\u00edas de la Cultura<\/strong> \/ Conaculta &#8211; Casa de la Cultura. 16:00 hrs.<br \/>\n<strong>Octeto Voca L<\/strong>\/ Conaculta &#8211; Teatro Samuel Ramos de la Universidad Michoacana. 17:00 hrs.<br \/>\n<strong>Grupo Erandi<\/strong> \/ Secretar\u00eda Cultura Michoac\u00e1n. Cerrada de San Agust\u00edn. 17:00 hrs.<br \/>\nPresentaci\u00f3n Art\u00edstica \/ <strong>Embajada de Indonesia<\/strong>\/ Plaza de Armas. 17:00 hrs.<br \/>\n<strong>Cuarteto Ad-Libitum<\/strong> \/ Secretar\u00eda Cultura Michoac\u00e1n &#8211; Cerrada de San Agust\u00edn. 18:00 hrs.<br \/>\n<strong>Juan Alzate<\/strong> \/ Secretar\u00eda Cultura Michoac\u00e1n &#8211; Plaza de Armas. 18:00 hrs.<br \/>\n<strong>Ballet Folkl\u00f3rico Cuyucan<\/strong> \/ Secretar\u00eda Cultura Michoac\u00e1n &#8211; Cerrada de San Agust\u00edn. 19:00 hrs.<br \/>\n<strong>Desfile Tributo A La Muerte<\/strong> \/ Secretar\u00eda de Turismo\u00a0 Michoac\u00e1n &#8211; Plaza de Armas. 20:00 hrs.<br \/>\n<strong>Horacio Franco<\/strong> \/ Conaculta &#8211; Teatro Ocampo. 20:00 hrs.<\/p>\n<p><strong>DOMINGO 30 DE SEPTIEMBRE (Acceso General)<\/strong><\/p>\n<p>LIBROBUS \/ Conaculta &#8211; Plaza Villadolid. 20:30 hrs.<\/p>\n<h3>Enlaces de Inter\u00e9s:<\/h3>\n<p><a title=\"Conoce los Atractivos de la ciudad de Morelia, Michoac\u00e1n\" href=\"http:\/\/www.travelbymexico.com\/morelia\/atractivos\" target=\"_blank\">Conoce los Atractivos Tur\u00edsticos de la Ciudad de Morelia <\/a><\/p>\n<p><a title=\"Conoce las Diez Rutas Tur\u00edsticas de M\u00e9xico\" href=\"http:\/\/www.travelbymexico.com\/blog\/5998-las-diez-rutas-turisticas-de-mexico\/ \" target=\"_blank\">Las Diez Rutas Tur\u00edsticas de M\u00e9xico<\/a><\/p>\n<p><a title=\"La Macro Ruta Maya: Donde la leyenda cobra vida\" href=\"http:\/\/www.travelbymexico.com\/blog\/11419-la-macro-ruta-maya-donde-la-leyenda-cobra-vida\/  \" target=\"_blank\">La Macro Ruta Maya: donde la leyenda cobra vida<\/a><\/p>\n<p><a title=\"Patrimonios de la Humanidad en M\u00e9xico\" href=\"http:\/\/travelbymexico.com\/blog\/5574-patrimonios-de-la-humanidad-en-mexico \" target=\"_blank\">Patrimonios de la Humanidad en M\u00e9xico, Listas UNESCO<\/a><\/p>\n<p><a title=\"Tres tradiciones mexicanas m\u00e1s en las listas de la UNESCO\" href=\"http:\/\/travelbymexico.com\/blog\/5218-tres-tradiciones-mexicanas-mas-en-la-lista-de-la-unesco \" target=\"_blank\">Tres tradiciones mexicanas m\u00e1s en la lista de la UNESCO<\/a><\/p>\n<p><a title=\"Las 18 Rutas Gastron\u00f3micas de M\u00e9xico\" href=\"http:\/\/www.travelbymexico.com\/blog\/11346-las-18-rutas-gastronomicas-de-mexico\/\" target=\"_blank\">Las 18 Rutas Gastron\u00f3micas de M\u00e9xico<br \/>\n<\/a><\/p>\n","protected":false},"excerpt":{"rendered":"<p>La tercera edici\u00f3n de la Feria Mundial de Turismo Cultural se llevar\u00e1 a cabo en la Casa de la Cultura<\/p>\n","protected":false},"author":2,"featured_media":12733,"comment_status":"closed","ping_status":"closed","sticky":false,"template":"","format":"standard","meta":[],"categories":[36,912],"tags":[3569,103,357,360,363,3454,529,2762,821,842,2563,927,1019,1053,3568,1312,1134,3570,3567,1236,1237],"_links":{"self":[{"href":"https:\/\/www.travelbymexico.com\/blog\/wp-json\/wp\/v2\/posts\/12732"}],"collection":[{"href":"https:\/\/www.travelbymexico.com\/blog\/wp-json\/wp\/v2\/posts"}],"about":[{"href":"https:\/\/www.travelbymexico.com\/blog\/wp-json\/wp\/v2\/types\/post"}],"author":[{"embeddable":true,"href":"https:\/\/www.travelbymexico.com\/blog\/wp-json\/wp\/v2\/users\/2"}],"replies":[{"embeddable":true,"href":"https:\/\/www.travelbymexico.com\/blog\/wp-json\/wp\/v2\/comments?post=12732"}],"version-history":[{"count":4,"href":"https:\/\/www.travelbymexico.com\/blog\/wp-json\/wp\/v2\/posts\/12732\/revisions"}],"predecessor-version":[{"id":12735,"href":"https:\/\/www.travelbymexico.com\/blog\/wp-json\/wp\/v2\/posts\/12732\/revisions\/12735"}],"wp:featuredmedia":[{"embeddable":true,"href":"https:\/\/www.travelbymexico.com\/blog\/wp-json\/wp\/v2\/media\/12733"}],"wp:attachment":[{"href":"https:\/\/www.travelbymexico.com\/blog\/wp-json\/wp\/v2\/media?parent=12732"}],"wp:term":[{"taxonomy":"category","embeddable":true,"href":"https:\/\/www.travelbymexico.com\/blog\/wp-json\/wp\/v2\/categories?post=12732"},{"taxonomy":"post_tag","embeddable":true,"href":"https:\/\/www.travelbymexico.com\/blog\/wp-json\/wp\/v2\/tags?post=12732"}],"curies":[{"name":"wp","href":"https:\/\/api.w.org\/{rel}","templated":true}]}}