{"id":12669,"date":"2012-09-11T13:05:06","date_gmt":"2012-09-11T18:05:06","guid":{"rendered":"http:\/\/www.travelbymexico.com\/blog\/?p=12669"},"modified":"2012-09-11T13:08:16","modified_gmt":"2012-09-11T18:08:16","slug":"la-emperatriz-carlota-llega-al-cecut","status":"publish","type":"post","link":"https:\/\/www.travelbymexico.com\/blog\/12669-la-emperatriz-carlota-llega-al-cecut\/","title":{"rendered":"La Emperatriz Carlota llega al CECUT"},"content":{"rendered":"<h2>El Centro Cultural de la ciudad de Tijuana (CECUT) celebra sus tres d\u00e9cadas con una magna producci\u00f3n: &#8220;La Emperatriz de la Mentira&#8221;, \u00f3pera multimedia que se estrenar\u00e1 el pr\u00f3ximo 21 de Septiembre.<\/h2>\n<p>Como parte del festejo de su 30\u00b0 Aniversario el Centro Cultural de Tijuana est\u00e1 preparando una magna producci\u00f3n esc\u00e9nica: &#8220;<strong>La Emperatriz de la mentira<\/strong>&#8220;, una \u00f3pera contempor\u00e1nea multimedia cuya puesta en escena se basa en \u201cNoticias del Imperio\u201d, novela de <strong>Fernando del Paso<\/strong> en la cual la pasi\u00f3n, la locura y la mentira se unen creando esta magn\u00edfica pieza teatral en la que se narran tres etapas de la vida\u00a0 de <strong>Carlota de Habsburgo,\u00a0<\/strong> quien fuera una vez <strong>Emperatriz de M\u00e9xico<\/strong>.<\/p>\n<p>Los recursos multimedia, el acompa\u00f1amiento de la Orquesta de Baja California y por supuesto las voces de las sorpranos <strong>Karla Mu\u00f1oz Arias<\/strong> y <strong>Ver\u00f3nica Lelo De Larrea<\/strong> y la mezzosoprano <strong>Luz Bermejo<\/strong> -quienes interpretar\u00e1n a Carlato de ni\u00f1a, adolescente y adulta, respectivamente-, proponen un espect\u00e1culo estremecedor.<\/p>\n<p>La m\u00fasica que se utilizar\u00e1 es la versi\u00f3n original del compositor ruso <strong>Dimitri Dudin<\/strong>, el libreto corre a cargo del dramaturgo <strong>\u00c1ngel Norzagara<\/strong> y la direcci\u00f3n recae en manos de <strong>Eduardo Garc\u00eda Barrios<\/strong>.<\/p>\n<p><em>Este espect\u00e1culo se compone de nueve escenas a trav\u00e9s de las cuales se muestra la vida de esta soberana qu\u00e9 despu\u00e9s de un imperio fallido y de la p\u00e9rdida de su amado esposo <strong>Maximiliano de Habsurgo<\/strong> se convierte en prisionera de los recuerdos. La duraci\u00f3n aproximada es de una hora treinta minutos.<\/em><\/p>\n<p><a class=\"galeria izquierda\" title=\"La Emperatriz de la mentira Estreno mundial el 21 de septiembre de 2012 en el CECUT\" href=\"http:\/\/www.travelbymexico.com\/blog\/imgBase\/2012\/09\/La-Emperatriz-de-la-mentira-Estreno-mundial-en-el-CECUT.jpg\"><img loading=\"lazy\" title=\"La Emperatriz de la mentira Estreno mundial el 21 de septiembre de 2012 en el CECUT\" src=\"http:\/\/www.travelbymexico.com\/blog\/imgBase\/2012\/09\/La-Emperatriz-de-la-mentira-Estreno-mundial-en-el-CECUT-150x150.jpg\" alt=\"\" width=\"150\" height=\"150\" \/><\/a><\/p>\n<h3>Se presentar\u00e1n tres funciones de la Emperatriz de la Mentira:<\/h3>\n<p><span style=\"text-decoration: underline;\"><strong>En la Sala de espect\u00e1culos del Centro Cultural Tijuana<\/strong><\/span><strong><\/strong><strong> <\/strong><\/p>\n<p>Viernes 21 de Septiembre de 2012 \u2013 8:00 p.m.<br \/>\nS\u00e1bado 22 de Septiembre de 2012 \u2013 7:00 p.m.<br \/>\nDomingo 23 de Septiembre de 2012 \u2013 6:00 p.m.<\/p>\n<p><strong>Boletos:<\/strong> (en venta en la taquilla del CECUT) $800 pesos, $600 pesos y $400 pesos.<br \/>\nReservaciones: (664) 687 9636, 687 9637.<\/p>\n<p><strong>Direcci\u00f3n del Centro Cultural Tijuana<\/strong><br \/>\nPaseo de los H\u00e9roes NO.9350, Zona Urbana R\u00edo Tijuana, Tijuana, B. C. M\u00e9xico. Tel. (664) 687 9680 y 81.<\/p>\n<p><em><span style=\"text-decoration: underline;\"><strong>Por:<\/strong><\/span> Karla Lisandra Cisneros Cort\u00e9s<\/em><\/p>\n<p><strong><a title=\"Reserva un hotel en la ciudad de Tijuana\" href=\"http:\/\/www.travelbymexico.com\/tijuana\/hoteles\" target=\"_blank\">Reserva un hotel en la Ciudad de Tijuana <\/a><\/strong><\/p>\n","protected":false},"excerpt":{"rendered":"<p>El Centro Cultural de la ciudad de Tijuana (CECUT) celebra sus tres d\u00e9cadas con una magna producci\u00f3n: &#8220;La Emperatriz de<\/p>\n","protected":false},"author":2,"featured_media":12670,"comment_status":"closed","ping_status":"closed","sticky":false,"template":"","format":"standard","meta":[],"categories":[36],"tags":[3496,3501,268,3500,3505,444,3497,2935,3506,3498,3502,3504,3499,926,1204,3503],"_links":{"self":[{"href":"https:\/\/www.travelbymexico.com\/blog\/wp-json\/wp\/v2\/posts\/12669"}],"collection":[{"href":"https:\/\/www.travelbymexico.com\/blog\/wp-json\/wp\/v2\/posts"}],"about":[{"href":"https:\/\/www.travelbymexico.com\/blog\/wp-json\/wp\/v2\/types\/post"}],"author":[{"embeddable":true,"href":"https:\/\/www.travelbymexico.com\/blog\/wp-json\/wp\/v2\/users\/2"}],"replies":[{"embeddable":true,"href":"https:\/\/www.travelbymexico.com\/blog\/wp-json\/wp\/v2\/comments?post=12669"}],"version-history":[{"count":7,"href":"https:\/\/www.travelbymexico.com\/blog\/wp-json\/wp\/v2\/posts\/12669\/revisions"}],"predecessor-version":[{"id":12678,"href":"https:\/\/www.travelbymexico.com\/blog\/wp-json\/wp\/v2\/posts\/12669\/revisions\/12678"}],"wp:featuredmedia":[{"embeddable":true,"href":"https:\/\/www.travelbymexico.com\/blog\/wp-json\/wp\/v2\/media\/12670"}],"wp:attachment":[{"href":"https:\/\/www.travelbymexico.com\/blog\/wp-json\/wp\/v2\/media?parent=12669"}],"wp:term":[{"taxonomy":"category","embeddable":true,"href":"https:\/\/www.travelbymexico.com\/blog\/wp-json\/wp\/v2\/categories?post=12669"},{"taxonomy":"post_tag","embeddable":true,"href":"https:\/\/www.travelbymexico.com\/blog\/wp-json\/wp\/v2\/tags?post=12669"}],"curies":[{"name":"wp","href":"https:\/\/api.w.org\/{rel}","templated":true}]}}