{"id":12615,"date":"2012-09-04T22:46:24","date_gmt":"2012-09-05T03:46:24","guid":{"rendered":"http:\/\/www.travelbymexico.com\/blog\/?p=12615"},"modified":"2012-09-04T22:46:24","modified_gmt":"2012-09-05T03:46:24","slug":"elisa-carrillo-encarnara-a-la-bella-gitana-esmeralda","status":"publish","type":"post","link":"https:\/\/www.travelbymexico.com\/blog\/12615-elisa-carrillo-encarnara-a-la-bella-gitana-esmeralda\/","title":{"rendered":"Elisa Carrillo encarnar\u00e1 a la bella gitana Esmeralda"},"content":{"rendered":"<h2>Prima ballerina del Ballet de la \u00d3pera de Berl\u00edn, la mexicana Elisa Carrillo regresa a M\u00e9xico con &#8220;La Esmeralda&#8221;, la bella gitana de la novela de V\u00edctor Hugo &#8220;Nuestra Se\u00f1ora de Par\u00eds&#8221;.<\/h2>\n<p>Los pr\u00f3ximos 20 y 23 de Septiembre el <strong>Palacio de Bellas Artes<\/strong> se vestir\u00e1 de gala para recibir en su Sala Principal a la bailarina mexicana <strong>Elisa Carrillo<\/strong>, quien despu\u00e9s de una larga y exitosa gira de cinco a\u00f1os por Asia y Europa con el ballet de la <strong>\u00d3pera de Berl\u00edn<\/strong>, regresa a M\u00e9xico con &#8220;La Esmeralda&#8221;, ballet inspirado del libreto de Jules Perrot y Victor Hugo, con coreograf\u00eda de Yuri Burlaka y Vasily Medvedev, basada en la versi\u00f3n de Marius Petipa.<\/p>\n<p>Durante la dos funciones previstas en el Palacio de Bellas Artes, los primeros bailarines de la \u00d3pera de Berl\u00edn: <strong>Elsa Carrillo (Esmeralda) y su esposo Mikhail Kaniskin (capit\u00e1n Phoebus)<\/strong> estar\u00e1n acompa\u00f1ados por alumnos de la <strong>Compa\u00f1\u00eda Nacional de Danza<\/strong> y por la <strong>Orquesta del Teatro de Bellas Artes<\/strong> que estar\u00e1 dirigida por el director hu\u00e9sped Mikhail Granovsky. Esta magna representaci\u00f3n llega a M\u00e9xico con la promesa de ser un espect\u00e1culo de alto nivel.<\/p>\n<p><em>&#8220;La Esmeralda&#8221; se compone de tres actos y cinco escenas basados en la novela original \u201cNuestra Se\u00f1ora de Par\u00eds\u201d de V\u00edctor Hugo, la cual se desenvuelve en el Par\u00eds de finales del siglo XV y cuenta la historia de la bella gitana Esmeralda quien se ve perseguida por el amor enfermizo del archidi\u00e1cono Claude Frollo, quien obliga a su ayudante Quasimodo a secuestrarla.<\/em><\/p>\n<h3>&#8220;La Esmeralda&#8221; en el Palacio de Bellas Artes:<\/h3>\n<p>La cita es en el <strong>Palacio de Bellas Artes<\/strong>, Sala Principal. <em>Av. Hidalgo No.1, Col. Centro, Delegaci\u00f3n Cuauht\u00e9moc,\u00a0 M\u00e9xico,\u00a0 D.F.<\/em><\/p>\n<p>La funci\u00f3n del <strong>Jueves 20 de Septiembre de 2012<\/strong> se tiene programada para las 20:00 hrs.<\/p>\n<p>Por su parte, el <strong>Domingo 23 de Septiembre de 2012<\/strong> la funci\u00f3n comienza a las 17:00 hrs.<\/p>\n<p><strong>Precios de los boletos<\/strong>: $500, $430, $350, $260 y $150 pesos. Descuentos: 50% INAPLEN, Grupos Art\u00edsticos del INBA con credencial vigente, y &#8220;Gente de la Danza&#8221; 75% Trabajadores del INBA y Maestros de la Cultura.<\/p>\n<p><strong>Coreograf\u00eda<\/strong>: Yuri Burlaka \/ Vasily Medvedev, basada en la versi\u00f3n de M. Petipa.<br \/>\n<strong>M\u00fasica<\/strong>: Cesare Pugni, con arreglos de Alexander Troitsky<\/p>\n<p><strong>Orquesta del Teatro de Bellas Artes<\/strong> &#8211; <strong>Mikhail Granovsky<\/strong>, Director hu\u00e9sped.<br \/>\n<strong>Escuela Nacional de Danza Cl\u00e1sica y Contempor\u00e1nea<\/strong>, Directora Sylvie Reynaud.<\/p>\n<p><strong>Libreto<\/strong>: Jules Perrot \/ Victor Hugo<br \/>\n<strong>Escenograf\u00eda<\/strong>: Aliona Pikalova, basada en modelos hist\u00f3ricos<br \/>\n<strong>Vestuario<\/strong>: Elena Zaitseva, basada en modelos hist\u00f3ricos. <strong>Iluminaci\u00f3n<\/strong>: Rafael Mendoza<\/p>\n<h3>La Esmeralda en el Festival Cervantino 2012<\/h3>\n<p>Cabe mencionar que en el marco del <strong>40 Festival Internacional Cervantino<\/strong>, por celebrarse del 3 al 21 de octubre del presente a\u00f1o en las ciudades de <a title=\"Reserva tu hotel en la ciudad de Guanajuato\" href=\"http:\/\/www.travelbymexico.com\/guanajuato\/hoteles\" target=\"_blank\">Guanajuato<\/a>, <a title=\"Reserva tu hotel en la ciudad de Le\u00f3n, Estado de Guanajuato, M\u00e9xico\" href=\"http:\/\/www.travelbymexico.com\/leon_cd\/hoteles\" target=\"_blank\">Le\u00f3n<\/a> y <a title=\"Reserva tu hotel en la ciudad de San Miguel de Allende, Estado de Guanajuato\" href=\"http:\/\/www.travelbymexico.com\/sanmigueldeallende\/hoteles\" target=\"_blank\">San Miguel de Allende<\/a>, &#8220;<strong>La Esmeralda&#8221; se presentar\u00e1 el 9 de octubre de 2012 a las 20:00 horas en el Auditorio del Estado en Guanajuato<\/strong>. (Direcci\u00f3n: Pueblito de Rocha s\/n. Col. Marfil, Guanajuato, GTO. C.P. 36050).<\/p>\n<h3>Enlaces de inter\u00e9s:<\/h3>\n<p><strong><a title=\"El bailarin mexicana Isaac Hern\u00e1ndez presenta la Gala Despertares\" href=\"http:\/\/www.travelbymexico.com\/blog\/12348-gala-despertares-en-el-auditorio-nacional\/\" target=\"_blank\">Gala Despertares con Isaac Hern\u00e1ndez en el Auditorio Nacional <\/a><\/strong><\/p>\n<p><strong><a title=\"Conciertos, Ferias, Fiestas, Festivales, Espect\u00e1culos. Blog de Travelbymexico.com \" href=\"http:\/\/www.travelbymexico.com\/blog\/fiestas-y-celebraciones\/\" target=\"_blank\">Ver m\u00e1s eventos art\u00edsticos, culturales y deportivos en todo M\u00e9xico <\/a><\/strong><\/p>\n","protected":false},"excerpt":{"rendered":"<p>Prima ballerina del Ballet de la \u00d3pera de Berl\u00edn, la mexicana Elisa Carrillo regresa a M\u00e9xico con &#8220;La Esmeralda&#8221;, la<\/p>\n","protected":false},"author":2,"featured_media":12616,"comment_status":"closed","ping_status":"closed","sticky":false,"template":"","format":"standard","meta":[],"categories":[36],"tags":[3432,2140,3151,2198,400,3429,3425,3428,3427,3433,3430,3426,926,1529,931,945,1053,3431,3055],"_links":{"self":[{"href":"https:\/\/www.travelbymexico.com\/blog\/wp-json\/wp\/v2\/posts\/12615"}],"collection":[{"href":"https:\/\/www.travelbymexico.com\/blog\/wp-json\/wp\/v2\/posts"}],"about":[{"href":"https:\/\/www.travelbymexico.com\/blog\/wp-json\/wp\/v2\/types\/post"}],"author":[{"embeddable":true,"href":"https:\/\/www.travelbymexico.com\/blog\/wp-json\/wp\/v2\/users\/2"}],"replies":[{"embeddable":true,"href":"https:\/\/www.travelbymexico.com\/blog\/wp-json\/wp\/v2\/comments?post=12615"}],"version-history":[{"count":1,"href":"https:\/\/www.travelbymexico.com\/blog\/wp-json\/wp\/v2\/posts\/12615\/revisions"}],"predecessor-version":[{"id":12617,"href":"https:\/\/www.travelbymexico.com\/blog\/wp-json\/wp\/v2\/posts\/12615\/revisions\/12617"}],"wp:featuredmedia":[{"embeddable":true,"href":"https:\/\/www.travelbymexico.com\/blog\/wp-json\/wp\/v2\/media\/12616"}],"wp:attachment":[{"href":"https:\/\/www.travelbymexico.com\/blog\/wp-json\/wp\/v2\/media?parent=12615"}],"wp:term":[{"taxonomy":"category","embeddable":true,"href":"https:\/\/www.travelbymexico.com\/blog\/wp-json\/wp\/v2\/categories?post=12615"},{"taxonomy":"post_tag","embeddable":true,"href":"https:\/\/www.travelbymexico.com\/blog\/wp-json\/wp\/v2\/tags?post=12615"}],"curies":[{"name":"wp","href":"https:\/\/api.w.org\/{rel}","templated":true}]}}