{"id":12582,"date":"2012-08-30T23:23:12","date_gmt":"2012-08-31T04:23:12","guid":{"rendered":"http:\/\/www.travelbymexico.com\/blog\/?p=12582"},"modified":"2012-08-30T23:31:18","modified_gmt":"2012-08-31T04:31:18","slug":"mexico-y-eua-firman-programa-ambiental-frontera-2020","status":"publish","type":"post","link":"https:\/\/www.travelbymexico.com\/blog\/12582-mexico-y-eua-firman-programa-ambiental-frontera-2020\/","title":{"rendered":"M\u00e9xico y EUA firman Programa Ambiental Frontera 2020"},"content":{"rendered":"<h2>A comienzos del presente mes, gobiernos federales, estatales y locales de M\u00e9xico y Estados Unidos firmaron en Tijuana el &#8220;Programa Frontera 2020&#8221;, un programa ambiental binacional en beneficio de los habitantes de la zona fronteriza de ambos pa\u00edses.<\/h2>\n<p>El pasado 8 de agosto de 2012, en <a title=\"Reserva un hotel en la ciudad de Tijuana, Baja California. Mexico\" href=\"http:\/\/www.travelbymexico.com\/tijuana\" target=\"_blank\">Tijuana<\/a>, Baja California, el titular de la <strong>SEMARNAT<\/strong> (Secretar\u00eda de Medio Ambiente y Recursos Naturales), <strong>Juan Rafael Elvira Quesada<\/strong>, y la Administradora de la <strong>EPA <\/strong>(<em>Agencia de Protecci\u00f3n Ambiental de Estados Unidos<\/em>&#8211;<em>United States Environmental Protection Agency<\/em>, <strong>Lisa P. Jackson<\/strong>, firmaron el &#8220;<strong>Programa Frontera 2020<\/strong>&#8221; para dar continuidad a la <strong>cooperaci\u00f3n ambiental<\/strong> entre <strong>M\u00e9xico y Estados Unidos<\/strong> en beneficio de los habitantes de la zona fronteriza de ambos pa\u00edses.<\/p>\n<p>Este programa da continuidad al programa de cooperaci\u00f3n ambiental &#8220;Programa Frontera 2012&#8221; firmado en abril 2003 por las mismas agencias ambientales, los 10 Estados Fronterizos y 26 Gobiernos de Pueblos Nativos de Estados Unidos quienes acordaron renovar su compromiso colectivo para <strong>proteger y mejorar el ambiente y la salud p\u00fablica a lo largo de la regi\u00f3n fronteriza<\/strong> la cual se extiende a lo largo de 3,100 km, de manera consistente con los principios del desarrollo sustentable.<\/p>\n<h3>Las metas del Programa Frontera 2020:<\/h3>\n<p>M\u00e9xico y Estados Unidos seguir\u00e1n trabajando de manera conjunta para el cumplimento de las seis estrategias fundamentales previstas en el Programa Frontera 2020:<\/p>\n<p>Meta 1: <strong>Reducir la contaminacio\u0301n del aire<\/strong>.<br \/>\nMeta 2: <strong>Mejorar el acceso a Agua Limpia y Segura.<\/strong><br \/>\nMeta 3: <strong>Promover el manejo integral de materiales y residuos, y sitios limpios<\/strong>.<br \/>\nMeta 4: <strong>Mejorar la preparacio\u0301n conjunta de respuesta ambiental<\/strong>.<br \/>\nMeta 5: <strong>Fortalecer el cumplimiento de la ley y la promocio\u0301n de una gestio\u0301n ambiental responsable<\/strong>.<\/p>\n<p><span style=\"text-decoration: underline;\"><em>&#8220;En 2000, la poblacio\u0301n estimada de toda la regio\u0301n fronteriza (M\u00e9xico-Estados Unidos) era de 11.8 millones; para el a\u00f1o 2020 las proyecciones indican que se espera que la poblacio\u0301n aumente hasta alcanzar aproximadamente 19.4 millones.&#8221;<\/em><\/span><\/p>\n<h3>Participar\u00e1 la PROFEPA en el &#8220;Programa Fronteriza 2020&#8221;<\/h3>\n<p>La <strong>Procuradur\u00eda Federal de Protecci\u00f3n al Ambiente<\/strong> (PROFEPA) participar\u00e1 decididamente en dos de las metas del &#8220;Programa Fronteriza 2020&#8221;:<\/p>\n<p>&#8211; estableciendo medidas de cooperaci\u00f3n para la preparaci\u00f3n y respuesta a incidentes de sustancias peligrosas y petr\u00f3leo;<\/p>\n<p>&#8211; fortaleciendo el cumplimiento de la ley y la promoci\u00f3n de una gesti\u00f3n ambiental responsable, por lo que la PROFEBA deber\u00e1 vigilar el movimiento transfronterizo de los residuos, especialmente de los conocidos como peligrosos.<\/p>\n<h3>Resultados del Programa Frontera 2012:<\/h3>\n<p><span style=\"text-decoration: underline;\">A lo largo de diez a\u00f1os los resultados del Programa Frontera 2012\u00a0 fueron los siguientes:<\/span>\u00a0<em><strong><\/strong><\/em><\/p>\n<p><span style=\"text-decoration: underline;\"><em><strong><a title=\"Firman M\u00e9xico y EUA Programa Frontera 2020. Sitio Web Presidencia de la Rep\u00fablica Mexicana\" href=\"http:\/\/www.presidencia.gob.mx\/2012\/08\/firman-mexico-y-eua-programa-ambiental-frontera-2020\" target=\"_blank\">Fuente: Presidencia de la Rep\u00fablica Mexicana<\/a><\/strong><\/em><\/span><\/p>\n<p>&#8211;<em><strong>Remoci\u00f3n de m\u00e1s de 6.8 millones de llantas de desecho<\/strong>, incluyendo la limpieza de los tiraderos conocidos como Centinela e INNOR ubicados en Mexicali, Baja California (considerados como los m\u00e1s grandes de la regi\u00f3n fronteriza).\u00a0 <\/em><\/p>\n<p><em>&#8211;<strong>Limpieza del Centro de Acopio de Llantas<\/strong> de Desecho de Ciudad Ju\u00e1rez, Chihuahua. <\/em><\/p>\n<p><em>-Disposici\u00f3n adecuada de <strong>673 mil 300 toneladas de desechos s\u00f3lidos<\/strong> <strong>urbanos<\/strong>, as\u00ed como<strong> 570 toneladas de residuos electr\u00f3nicos<\/strong>. <\/em><\/p>\n<p><em>&#8211;<strong>Establecimiento de una red binacional para el monitoreo de la calidad del aire<\/strong> en las regiones de Tijuana-San Diego, Mexicali-Imperial Valley y Ciudad Ju\u00e1rez-El Paso. <\/em><\/p>\n<p><em>&#8211;<strong>Implementaci\u00f3n de programas de capacitaci\u00f3n para agricultores y sus familias<\/strong>, principalmente en comunidades marginadas, en temas como el manejo adecuado de plaguicidas, productos de limpieza y otras sustancias peligrosas, en sus zonas de trabajo y sus hogares. <\/em><\/p>\n<p><em>En <strong>gesti\u00f3n de residuos y prevenci\u00f3n de contaminaci\u00f3n de residuos s\u00f3lidos, peligrosos y sustancias t\u00f3xicas<\/strong> en la regi\u00f3n fronteriza, <strong>a la fecha se cuenta con 19 instalaciones en Estados Unidos y 15 instalaciones en M\u00e9xico<\/strong> que permiten el manejo adecuado de estos desechos.\u00a0<\/em><\/p>\n<h3>Otros datos relevantes:<\/h3>\n<p><span style=\"text-decoration: underline;\"><strong>1983<\/strong><\/span>: M\u00e9xico y los Estados Unidos firman el <strong>Convenio sobre Cooperaci\u00f3n para la Protecci\u00f3n y Mejoramiento del Medio Ambiente en la Zona Fronteriza<\/strong>, tambi\u00e9n conocido como <strong>Convenio de La Paz<\/strong>, con la finalidad de prevenir y controlar la contaminaci\u00f3n, as\u00ed como proveer, entre otros aspectos, el marco para el desarrollo de un sistema de notificaci\u00f3n para situaciones de emergencia entre ambas naciones.<\/p>\n<p><span style=\"text-decoration: underline;\"><strong>1992<\/strong><\/span> (febrero): M\u00e9xico y Estados Unidos dieron a conocer el <strong>PIAF<\/strong> (Programa Integral Ambiental Fronterizo).<\/p>\n<p>Fue publicitado como un plan construido bajo la idea de que el crecimiento econ\u00f3mico de largo plazo no es posible sin la protecci\u00f3n ambiental, y que la protecci\u00f3n ambiental no es posible sin el crecimiento econ\u00f3mico.<\/p>\n<p><span style=\"text-decoration: underline;\"><strong>2003<\/strong><\/span> (abril): Firma del &#8220;Programa Frontera 2012&#8221;<br \/>\n<span style=\"text-decoration: underline;\"><strong>2012<\/strong><\/span> (agosto): Firma del &#8220;Programa Frontera 2020&#8221;.<\/p>\n<h3>Art\u00edculos de inter\u00e9s:<\/h3>\n<p><strong><a title=\"Gobierno Federal mexicano canjear\u00e1 48 millones de focos incandescentes por fluorescentes\" href=\"http:\/\/www.travelbymexico.com\/blog\/8929-gobierno-federal-mexicano-canjeara-48-millones-de-focos-incandescentes-por-fluorescente \" target=\"_blank\">Gobierno Federal mexicano canjear\u00e1 48 millones de focos incandescentes por fluorescentes <\/a><\/strong><\/p>\n<p><strong><a title=\"\u00bfQuieres ser Delegado Juvenil ONU? \" href=\"http:\/\/www.travelbymexico.com\/blog\/12303-quieres-ser-delegado-juvenil-onu\" target=\"_blank\">\u00bfQuieres ser Delegado Juvenil ONU?<\/a> <\/strong><\/p>\n<p><strong><a title=\"M\u00e9xico y Francia renuevan convenio de colaboraci\u00f3n cient\u00edfica  \" href=\"http:\/\/www.travelbymexico.com\/blog\/11876-mexico-y-francia-renuevan-convenio-de-colaboracion-cientifica\" target=\"_blank\">M\u00e9xico y Francia renuevan convenio de colaboraci\u00f3n cient\u00edfica<\/a> \u00a0<\/strong><\/p>\n","protected":false},"excerpt":{"rendered":"<p>A comienzos del presente mes, gobiernos federales, estatales y locales de M\u00e9xico y Estados Unidos firmaron en Tijuana el &#8220;Programa<\/p>\n","protected":false},"author":2,"featured_media":12583,"comment_status":"closed","ping_status":"closed","sticky":false,"template":"","format":"standard","meta":[],"categories":[912],"tags":[2186,3369,3371,3372,3378,3141,3373,3379,3374,3370,478,3375,3368,3145,3376,1340,818,3377,3380,3381,1943,1051,1942,1764,1341],"_links":{"self":[{"href":"https:\/\/www.travelbymexico.com\/blog\/wp-json\/wp\/v2\/posts\/12582"}],"collection":[{"href":"https:\/\/www.travelbymexico.com\/blog\/wp-json\/wp\/v2\/posts"}],"about":[{"href":"https:\/\/www.travelbymexico.com\/blog\/wp-json\/wp\/v2\/types\/post"}],"author":[{"embeddable":true,"href":"https:\/\/www.travelbymexico.com\/blog\/wp-json\/wp\/v2\/users\/2"}],"replies":[{"embeddable":true,"href":"https:\/\/www.travelbymexico.com\/blog\/wp-json\/wp\/v2\/comments?post=12582"}],"version-history":[{"count":6,"href":"https:\/\/www.travelbymexico.com\/blog\/wp-json\/wp\/v2\/posts\/12582\/revisions"}],"predecessor-version":[{"id":12585,"href":"https:\/\/www.travelbymexico.com\/blog\/wp-json\/wp\/v2\/posts\/12582\/revisions\/12585"}],"wp:featuredmedia":[{"embeddable":true,"href":"https:\/\/www.travelbymexico.com\/blog\/wp-json\/wp\/v2\/media\/12583"}],"wp:attachment":[{"href":"https:\/\/www.travelbymexico.com\/blog\/wp-json\/wp\/v2\/media?parent=12582"}],"wp:term":[{"taxonomy":"category","embeddable":true,"href":"https:\/\/www.travelbymexico.com\/blog\/wp-json\/wp\/v2\/categories?post=12582"},{"taxonomy":"post_tag","embeddable":true,"href":"https:\/\/www.travelbymexico.com\/blog\/wp-json\/wp\/v2\/tags?post=12582"}],"curies":[{"name":"wp","href":"https:\/\/api.w.org\/{rel}","templated":true}]}}