{"id":12477,"date":"2012-08-18T11:07:30","date_gmt":"2012-08-18T16:07:30","guid":{"rendered":"http:\/\/www.travelbymexico.com\/blog\/?p=12477"},"modified":"2012-08-18T14:19:49","modified_gmt":"2012-08-18T19:19:49","slug":"a-165-anos-de-la-batalla-de-churubusco","status":"publish","type":"post","link":"https:\/\/www.travelbymexico.com\/blog\/12477-a-165-anos-de-la-batalla-de-churubusco\/","title":{"rendered":"A 165 a\u00f1os de la Batalla de Churubusco"},"content":{"rendered":"<h2>Como cada a\u00f1o, el Museo Nacional de las Intervenciones invita al p\u00fablico en general a la conmemoraci\u00f3n de un aniversario m\u00e1s de la Batalla de Churubusco.<\/h2>\n<p>El <em>Instituto Nacional de Antropolog\u00eda e Historia<\/em> (INAH) y el <em>Consejo Nacional para la Cultura y las Artes<\/em> (CONACULTA) a trav\u00e9s del <strong><a title=\"Rese\u00f1a sobre el Museo Nacional de las Intervenciones\" href=\"http:\/\/www.travelbymexico.com\/blog\/12331-el-museo-nacional-de-las-intervenciones\" target=\"_blank\"><em>Museo Nacional de las Intervenciones<\/em><\/a><\/strong> (MNI), tienen el honor de invitarte a la conmemoraci\u00f3n del 165 aniversario de la Batalla de Churubusco que se llevar\u00e1 a cabo el domingo 20 de agosto de 2012 en las instalaciones del MNI con un programa de actividades culturales gratuitas para toda la familia.<\/p>\n<h3>Batalla de Churubusco:<\/h3>\n<p>El <strong>20 de agosto de 1847<\/strong> se libr\u00f3 la hist\u00f3rica <strong>Batalla de Churubusco<\/strong> en las afueras de la Ciudad de M\u00e9xico. Este enfrentamiento fue uno de los tantos que se libraron durante la <strong>Guerra de Intervenci\u00f3n Estadounidense<\/strong> en M\u00e9xico, conflicto armado que tuvo lugar entre 1846 y 1848.<\/p>\n<p>Horas despu\u00e9s de perder la <em><strong>Batalla de Padierna<\/strong><\/em> -tambi\u00e9n llamada Batalla de Contreras-, las tropas mexicanas se replegaron al entonces &#8220;Convento de Santa Mar\u00eda de Churubusco&#8221; (hoy Museo Nacional de las Intervenciones) lideradas por el <em><strong>General Pedro Mar\u00eda Anaya<\/strong><\/em>, quien resisti\u00f3 al asedio de fuerzas superiores en n\u00famero y s\u00f3lo se rindi\u00f3 cuando se terminaron las municiones.<\/p>\n<p>Cabe se\u00f1alar que<strong> al lado de las fuerzas mexicanas combati\u00f3 el <em>Batall\u00f3n de San Patricio<\/em><\/strong>, unidad militar compuesta de varios cientos de inmigrantes europeos principalmente de origen irland\u00e9s y alem\u00e1n, que hab\u00edan desertado del ej\u00e9rcito Estadounidense.<\/p>\n<p>Un a\u00f1o despu\u00e9s de esa contienda se realiz\u00f3 la primera ceremonia c\u00edvica para recordar esta batalla hist\u00f3rica y desde entonces se realizan actividades culturales para conmemorarla.<\/p>\n<h3>Conmemoraci\u00f3n del 165 aniversario de la Batalla de Churubusco<br \/>\nPrograma de eventos del <span style=\"text-decoration: underline;\">Domingo 19 de agosto de 2012<\/span><\/h3>\n<p><span style=\"text-decoration: underline;\"><strong><strong>\u00a011:00 hrs<\/strong> &#8211; Ceremonia C\u00edvica del 165 Aniversario de la Batalla de Churubusco<\/strong><\/span><\/p>\n<p><strong><\/strong>Banda de Guerra y Banda de Gaitas del Batall\u00f3n de San Patricio<br \/>\n<em>Explanada del Museo de las Intervenciones.<\/em><\/p>\n<p><span style=\"text-decoration: underline;\"><strong>12:00 hrs. &#8211; Inauguraci\u00f3n de la exposici\u00f3n &#8220;A 165 a\u00f1os&#8221;.<\/strong><\/span><br \/>\n<em>Barda Perimetral<\/em><\/p>\n<p><strong>Visitas guiadas con personajes de la historia<\/strong><br \/>\n<em>Portal de Peregrinos<\/em><\/p>\n<p><span style=\"text-decoration: underline;\"><strong>14:00 hrs. &#8211; Conferencia de V\u00edctor Hugo Flores<\/strong><\/span> : &#8220;La batalla de Churubusco: hora por hora&#8221;<br \/>\n<em>Sal\u00f3n Gast\u00f3n Garc\u00eda Cant\u00fa, 14:00hrs.<\/em><\/p>\n<p><span style=\"text-decoration: underline;\"><strong>15:00 hrs. &#8211; Concierto de sones huastecos \u201cPerfiles Huastecos\u201d<\/strong><\/span><br \/>\n<em>Portal de Peregrinos.<\/em><\/p>\n<p><span style=\"text-decoration: underline;\"><strong>16:00 hrs. Proyecci\u00f3n de la pel\u00edcula &#8220;One man\u00b4s hero&#8221; (H\u00e9roes sin patria)<\/strong><\/span><br \/>\nLa historia de John O\u00b4Reilly. Director: Lance Hool. (1999)<br \/>\n<em>Sal\u00f3n Gast\u00f3n Garc\u00eda Cant\u00fa.\u00a0 <\/em><\/p>\n<h3>Enlace de inter\u00e9s:<\/h3>\n<p><strong><a title=\"Rese\u00f1a, fotograf\u00edas y direcci\u00f3n del Museo Nacional de las Intervenciones\" href=\"http:\/\/www.travelbymexico.com\/blog\/12331-el-museo-nacional-de-las-intervenciones\" target=\"_blank\">Museo Nacional de las Intervenciones \u00a0<\/a><\/strong><\/p>\n","protected":false},"excerpt":{"rendered":"<p>Como cada a\u00f1o, el Museo Nacional de las Intervenciones invita al p\u00fablico en general a la conmemoraci\u00f3n de un aniversario<\/p>\n","protected":false},"author":2,"featured_media":12478,"comment_status":"closed","ping_status":"closed","sticky":false,"template":"","format":"standard","meta":[],"categories":[9,912],"tags":[3292,3291,3295,3174,3293,3175,357,3289,478,3296,1936,656,2542,851,3297,3294],"_links":{"self":[{"href":"https:\/\/www.travelbymexico.com\/blog\/wp-json\/wp\/v2\/posts\/12477"}],"collection":[{"href":"https:\/\/www.travelbymexico.com\/blog\/wp-json\/wp\/v2\/posts"}],"about":[{"href":"https:\/\/www.travelbymexico.com\/blog\/wp-json\/wp\/v2\/types\/post"}],"author":[{"embeddable":true,"href":"https:\/\/www.travelbymexico.com\/blog\/wp-json\/wp\/v2\/users\/2"}],"replies":[{"embeddable":true,"href":"https:\/\/www.travelbymexico.com\/blog\/wp-json\/wp\/v2\/comments?post=12477"}],"version-history":[{"count":8,"href":"https:\/\/www.travelbymexico.com\/blog\/wp-json\/wp\/v2\/posts\/12477\/revisions"}],"predecessor-version":[{"id":12483,"href":"https:\/\/www.travelbymexico.com\/blog\/wp-json\/wp\/v2\/posts\/12477\/revisions\/12483"}],"wp:featuredmedia":[{"embeddable":true,"href":"https:\/\/www.travelbymexico.com\/blog\/wp-json\/wp\/v2\/media\/12478"}],"wp:attachment":[{"href":"https:\/\/www.travelbymexico.com\/blog\/wp-json\/wp\/v2\/media?parent=12477"}],"wp:term":[{"taxonomy":"category","embeddable":true,"href":"https:\/\/www.travelbymexico.com\/blog\/wp-json\/wp\/v2\/categories?post=12477"},{"taxonomy":"post_tag","embeddable":true,"href":"https:\/\/www.travelbymexico.com\/blog\/wp-json\/wp\/v2\/tags?post=12477"}],"curies":[{"name":"wp","href":"https:\/\/api.w.org\/{rel}","templated":true}]}}