{"id":12446,"date":"2012-08-14T20:59:59","date_gmt":"2012-08-15T01:59:59","guid":{"rendered":"http:\/\/www.travelbymexico.com\/blog\/?p=12446"},"modified":"2012-08-14T21:03:33","modified_gmt":"2012-08-15T02:03:33","slug":"remodelacion-de-la-alameda-central-en-el-d-f","status":"publish","type":"post","link":"https:\/\/www.travelbymexico.com\/blog\/12446-remodelacion-de-la-alameda-central-en-el-d-f\/","title":{"rendered":"Remodelaci\u00f3n de la Alameda Central en el D.F."},"content":{"rendered":"<h2>Desde el 5 de marzo de 2012, el INAH supervisa los trabajos del rescate integral de la Alameda Central, el\u00a0 parque p\u00fablico m\u00e1s antiguo de la Ciudad de M\u00e9xico.<\/h2>\n<p>El Instituto Nacional de Antropolog\u00eda e Historia (INAH) se encarga de supervisar las obras que giran en torno al Parque Alameda Central ubicado frente al <a title=\"Palacio de Bellas Artes: breve rese\u00f1a, fotograf\u00edas y mapa de ubicaci\u00f3n\" href=\"http:\/\/www.travelbymexico.com\/ciudaddemexico\/atractivos\/index.php?nom=kdfebellasartes\" target=\"_blank\">Palacio de Bellas Artes<\/a> entre las avenidas Hidalgo y Ju\u00e1rez. Durante las actividades de restauraci\u00f3n de este antiguo paseo de la <a title=\"Atractivos tur\u00edsticos en la Ciudad de M\u00e9xico\" href=\"http:\/\/www.travelbymexico.com\/ciudaddemexico\" target=\"_blank\">Ciudad de M\u00e9xico<\/a>, se han encontrado <strong>restos de lo que fueran canales prehisp\u00e1nicos, restos de cer\u00e1mica colonial, vestigios de pisos y cimientos de fuentes<\/strong>. Mismos que cuentan la historia y las modificaciones que ha tenido dicho paseo a trav\u00e9s del tiempo.<\/p>\n<p>En manos del <strong>arque\u00f3logo Alfonso Araiza Guti\u00e9rrez<\/strong>, ha quedado la inspecci\u00f3n de esta obra desde el pasado mes de Junio, gracias a su colaboraci\u00f3n se ha puesto en marcha un proyecto para proteger los sitios de los descubrimientos arqueol\u00f3gicos.<\/p>\n<p>Con el proyecto de remozamiento\u00a0 de la Alameda del Centro Hist\u00f3rico de la ciudad de M\u00e9xico, <strong>el INAH suma 111 proyectos de resguardo del patrimonio arqueol\u00f3gico<\/strong> en diferentes puntos de la Ciudad de M\u00e9xico en lo que va de este 2012.<\/p>\n<p><a class=\"galeria izquierda\" title=\"Vista de la Alameda desde un globo. O\u0301leo sobre tela de Jose\u0301 Mari\u0301a Velasco 1855. \u00a9 INAH\" href=\"http:\/\/www.travelbymexico.com\/blog\/imgBase\/2012\/08\/Vista-de-la-Alameda-desde-un-globo.-O\u0301leo-sobre-tela-de-Jose\u0301-Mari\u0301a-Velasco-1855.-\u00a9-INAH.jpg\"><img loading=\"lazy\" title=\"Vista de la Alameda desde un globo. O\u0301leo sobre tela de Jose\u0301 Mari\u0301a Velasco 1855. \u00a9 INAH\" src=\"http:\/\/www.travelbymexico.com\/blog\/imgBase\/2012\/08\/Vista-de-la-Alameda-desde-un-globo.-O\u0301leo-sobre-tela-de-Jose\u0301-Mari\u0301a-Velasco-1855.-\u00a9-INAH-150x150.jpg\" alt=\"\" width=\"150\" height=\"150\" \/><\/a><\/p>\n<h3>Hallazgos de vestigios prehisp\u00e1nicos y coloniales<\/h3>\n<p>En la parte oriente de la Alameda, se hallaron <strong>restos de canales prehisp\u00e1nicos<\/strong> que datan de 1351-1521 d.C. , un basurero prehisp\u00e1nico y, cercano a la Fuente de Venus, un piso de barro de 12 cm de grosor.<\/p>\n<p>Araiza explica en su investigaci\u00f3n que durante los tiempos prehisp\u00e1nicos el sitio donde se ubica la Alameda Central correspond\u00eda al<em> Calpulli de Moyotla<\/em>, uno de los cuatro barrios en los que estuvo dividida la antigua ciudad de M\u00e9xico-Tenochtitlan.<\/p>\n<p>Dentro de las piezas coloniales descubiertas hasta ahora se encuentran: pedazos de cer\u00e1mica may\u00f3lica y vidriada que datan de los siglos XVI-XIX.<\/p>\n<h3>Buscan los antiguos l\u00edmites de la Alameda Central<\/h3>\n<p>Otra de las actividades que planea llevar a cabo Araiza una vez que el proyecto sea presentado ante el <strong>Consejo de Arqueolog\u00eda del INAH<\/strong>, es comenzar la <strong>b\u00fasqueda de los\u00a0 l\u00edmites que comprendi\u00f3 la Alameda desde su construcci\u00f3n en 1592 hasta 1770<\/strong>. As\u00ed como tambi\u00e9n buscar los vestigios arquitect\u00f3nicos de lo que una vez fueron los tres accesos; Sur, Este y Oeste de la Alameda.<\/p>\n<p>El objetivo de este proyecto es seg\u00fan el arque\u00f3logo Araiza, la recuperaci\u00f3n de informaci\u00f3n hist\u00f3rica de este conmemorativo espacio de la ciudad, como tambi\u00e9n la posibilidad de conocer su pasado prehisp\u00e1nico, Virreinal y as\u00ed como su paso por el siglo XIX; ya que no se cuenta con ning\u00fan dato de excavaciones previas en la Alameda.<\/p>\n<p><strong><a title=\"Mapa interactivo de la ciudad de M\u00e9xico\" href=\"http:\/\/www.travelbymexico.com\/ciudaddemexico\/mapa\/index.php\" target=\"_blank\">Ver el mapa interactivo de la Ciudad de M\u00e9xico<\/a> (Google)<\/strong><\/p>\n<p><strong><a title=\"Categor\u00eda Arqueolog\u00eda en el Blog de Travel by M\u00e9xico\" href=\"http:\/\/www.travelbymexico.com\/blog\/arqueologia\/\" target=\"_blank\">Leer m\u00e1s art\u00edculados relacionados con la Arqueolog\u00eda en M\u00e9xico <\/a><\/strong><\/p>\n","protected":false},"excerpt":{"rendered":"<p>Desde el 5 de marzo de 2012, el INAH supervisa los trabajos del rescate integral de la Alameda Central, el\u00a0<\/p>\n","protected":false},"author":2,"featured_media":12447,"comment_status":"closed","ping_status":"closed","sticky":false,"template":"","format":"standard","meta":[],"categories":[4],"tags":[63,118,200,318,1383,656,817,1376,946,1512],"_links":{"self":[{"href":"https:\/\/www.travelbymexico.com\/blog\/wp-json\/wp\/v2\/posts\/12446"}],"collection":[{"href":"https:\/\/www.travelbymexico.com\/blog\/wp-json\/wp\/v2\/posts"}],"about":[{"href":"https:\/\/www.travelbymexico.com\/blog\/wp-json\/wp\/v2\/types\/post"}],"author":[{"embeddable":true,"href":"https:\/\/www.travelbymexico.com\/blog\/wp-json\/wp\/v2\/users\/2"}],"replies":[{"embeddable":true,"href":"https:\/\/www.travelbymexico.com\/blog\/wp-json\/wp\/v2\/comments?post=12446"}],"version-history":[{"count":3,"href":"https:\/\/www.travelbymexico.com\/blog\/wp-json\/wp\/v2\/posts\/12446\/revisions"}],"predecessor-version":[{"id":12450,"href":"https:\/\/www.travelbymexico.com\/blog\/wp-json\/wp\/v2\/posts\/12446\/revisions\/12450"}],"wp:featuredmedia":[{"embeddable":true,"href":"https:\/\/www.travelbymexico.com\/blog\/wp-json\/wp\/v2\/media\/12447"}],"wp:attachment":[{"href":"https:\/\/www.travelbymexico.com\/blog\/wp-json\/wp\/v2\/media?parent=12446"}],"wp:term":[{"taxonomy":"category","embeddable":true,"href":"https:\/\/www.travelbymexico.com\/blog\/wp-json\/wp\/v2\/categories?post=12446"},{"taxonomy":"post_tag","embeddable":true,"href":"https:\/\/www.travelbymexico.com\/blog\/wp-json\/wp\/v2\/tags?post=12446"}],"curies":[{"name":"wp","href":"https:\/\/api.w.org\/{rel}","templated":true}]}}