{"id":12414,"date":"2012-08-08T23:05:57","date_gmt":"2012-08-09T04:05:57","guid":{"rendered":"http:\/\/www.travelbymexico.com\/blog\/?p=12414"},"modified":"2012-08-08T23:05:57","modified_gmt":"2012-08-09T04:05:57","slug":"11a-semana-de-cine-aleman-en-mexico","status":"publish","type":"post","link":"https:\/\/www.travelbymexico.com\/blog\/12414-11a-semana-de-cine-aleman-en-mexico\/","title":{"rendered":"11\u00aa Semana de Cine Alem\u00e1n en M\u00e9xico"},"content":{"rendered":"<h2>Por onceavo a\u00f1o consecutivo, cines de la ciudad de M\u00e9xico se alistan para la &#8220;Semana de Cine Alem\u00e1n&#8221;, evento que presenta lo mejor de la cinematograf\u00eda germana contempor\u00e1nea; este a\u00f1o, la selecci\u00f3n oficial\u00a0 estar\u00e1 integrada por once largometrajes (tres documentales y ocho filmes de ficci\u00f3n). Adem\u00e1s, se llevar\u00e1 a cabo\u00a0 una retrospectiva dedicada a la obra del director alem\u00e1n Andreas Dresen quien presentar\u00e1 algunas de sus pel\u00edculas ante el p\u00fablico mexicano.<\/h2>\n<p>Conaculta Cine, a trav\u00e9s de la <strong>Cineteca Nacional<\/strong> y el <strong>Goethe-Institut Mexiko<\/strong>, con el apoyo del <strong>Patronato de la Industria Alemana para la Cultura A.C<\/strong>. y por primera vez en colaboraci\u00f3n con<strong> Cin\u00e9polis<\/strong>, presentan la <em><strong>11\u00aa Semana de Cine Alem\u00e1n<\/strong><\/em> por realizarse del viernes 10 al jueves 23 de agosto de 2012 <strong>en tres cines<\/strong> de la ciudad de M\u00e9xico: Cin\u00e9polis Diana, Cin\u00e9polis Perisur y Cin\u00e9polis Universidad.<\/p>\n<h3>&#8220;11\u00aa Semana de Cine Alem\u00e1n&#8221; en otras ciudades de M\u00e9xico<\/h3>\n<p>Al finalizar la &#8220;11\u00aa semana de Cine Alem\u00e1n&#8221; en la ciudad de M\u00e9xico, parte de la selecci\u00f3n cinematogr\u00e1fica viajar\u00e1 a catorce ciudades del interior de la Rep\u00fablica, entre las que se encuentran <a title=\"Gu\u00eda de Hoteles en la ciudad de Cuernavaca\" href=\"http:\/\/www.travelbymexico.com\/cuernavaca\/hoteles\" target=\"_blank\">Cuernavaca<\/a>, Cin\u00e9polis de Metepec y Morelia, <a title=\"Reserva un hotel en la ciudad de Durango\" href=\"http:\/\/www.travelbymexico.com\/durango\" target=\"_blank\">Durango<\/a>, <a title=\"Reserva tu hotel en la ciuda de Guadalajara\" href=\"http:\/\/www.travelbymexico.com\/guadalajara\/hoteles\" target=\"_blank\">Guadalajara<\/a>, <a title=\"Reserva tu hotel en la ciuda de Monterrey\" href=\"http:\/\/www.travelbymexico.com\/monterrey\/hoteles\" target=\"_blank\">Monterrey<\/a>, <a title=\"Reserva tu hotel en la ciuda de Oaxaca\" href=\"http:\/\/www.travelbymexico.com\/oaxaca\/hoteles\" target=\"_blank\">Oaxaca<\/a>, <a title=\"Reserva tu hotel en la ciuda de Puebla\" href=\"http:\/\/www.travelbymexico.com\/puebla\/hoteles\" target=\"_blank\">Puebla<\/a>, <a title=\"Reserva tu hotel en la ciuda de San Luis Potos\u00ed\" href=\"http:\/\/www.travelbymexico.com\/sanluispotosi\/hoteles\" target=\"_blank\">San Luis Potos\u00ed,<\/a>\u00a0 <a title=\"Reserva tu hotel en la ciuda de Tijuana\" href=\"http:\/\/www.travelbymexico.com\/tijuana\" target=\"_blank\">Tijuana<\/a>, <a title=\"Reserva tu hotel en la ciuda de Tuxtla Guti\u00e9rrez\" href=\"http:\/\/www.travelbymexico.com\/tuxtlagutierrez\/hoteles\" target=\"_blank\">Tuxtla Guti\u00e9rrez<\/a> y <a title=\"Reserva tu hotel en la ciuda de Zacatecas\" href=\"http:\/\/www.travelbymexico.com\/zacatecas\/hoteles\" target=\"_blank\">Zacatecas<\/a>.<\/p>\n<h3>Cinetaca Nacional adquiere derechos<\/h3>\n<p>Cabe se\u00f1alar que en un esfuerzo por fortalecer los circuitos de cine independiente, la Cineteca Nacional adquiri\u00f3 los derechos de los t\u00edtulos &#8220;Alto en el camino&#8221;, &#8220;B\u00e1rbara&#8221;, &#8220;T\u00f3tem&#8221; y &#8220;Gerard Richter. Pintor&#8221;, para su futura distribuci\u00f3n y exhibici\u00f3n.<\/p>\n<h3>Directores Invitados a la 11\u00aa Semana de Cine Alem\u00e1n en la ciudad de M\u00e9xico:<\/h3>\n<p><strong>Andreas Dresen<\/strong> (se le dedicar\u00e1 una retrospectiva), <strong>Hans-Christian Schmid<\/strong>, <strong>Marten Persiel<\/strong>.<\/p>\n<h3>Retrospectiva Andreas Dresen<\/h3>\n<p>A Media Escalera\u201d (Halbe Treppe)<br \/>\nAlto en el camino (Halt auf freier Strecke)<br \/>\nEn las nubes (Wolke Neun)<br \/>\nHenryk desde la \u00faltima fila (Herr Wichmann aus der dritten Reihe)<br \/>\nLa Polic\u00eda (Die Polizistin)<br \/>\nPa\u00eds silencioso (Stilles Land)<br \/>\nSeres nocturnos (Nachtgestalten)<br \/>\nVerano en Berl\u00edn (Sommer vorm Balkon)<br \/>\nWhisky con Vodka (Whisky mit Wodka)<\/p>\n<h3><span style=\"text-decoration: underline;\">Selecci\u00f3n Oficial<\/span> de la 11\u00aa Semana de Cine Alem\u00e1n<\/h3>\n<p><strong><em>&#8220;Alto en el camino&#8221; (Halt auf Freier Strecke)<\/em><\/strong><br \/>\nDirector: Andreas Dresen, Alemania 2011, 110 min., Digital<\/p>\n<p><strong><em>&#8220;B\u00e1rbara&#8221;<\/em><\/strong><br \/>\nDirector: Christian Petzold, Alemania 2012, 108 min., Digital<\/p>\n<p><strong><em>&#8220;Berl\u00edn, sinfon\u00eda de una gran ciudad&#8221;<\/em><\/strong> &#8211; <span style=\"text-decoration: underline;\">El 8 de agosto de 2012 en el Teatro de la Ciudad<\/span>.<br \/>\nDirector: Walther Ruttman, Alemania 1927, 65 min.,<br \/>\nPel\u00edcula muda con acompa\u00f1aniemto de banda sonora\u00a0 por parte de Alex Otaola y su Ensemble el Kr\u00e4ut Ensamble.<\/p>\n<p><em><strong>&#8220;Cima&#8221; (Peak)<\/strong><\/em><br \/>\nDocumental del director: Hannes Lang, Alemania, Italia 2011, 89 min., 35 mm<\/p>\n<p><strong><em>El Ladr\u00f3n (Der R\u00e4uber)<\/em><\/strong><br \/>\nDirector: Benjamin Heisenberg, Alemania 2010, 98 min., 35 mm<\/p>\n<p><em><strong>El r\u00edo sol\u00eda ser hombre (The River used to be a man)<\/strong><\/em><br \/>\nDirector: Jan Zabeil, Alemania 2011, Drama, 83 min., Digital<\/p>\n<p><em><strong>Esto no es California (This ain&#8217;t California)<\/strong><\/em><br \/>\nDirector: Marten Persiel, Alemania 2012, Documental, 90 min., Digital<\/p>\n<p><em><strong>&#8220;Gerhard Richter Painting&#8221;<\/strong><\/em> (Gerhard Richter, pintor)<br \/>\nDirector: Corinna Belz, Alemania 2011, Documental sobre el pintor Gerhard Richter, 101 min., Digital<\/p>\n<p><em><strong>La invisible (Die Unsichtbare)<\/strong><\/em><br \/>\nDirector: Christian Schwochow, Alemania 2011, 113 min., 35 mm<\/p>\n<p><strong><em>Lo que queda (Was bleibt)<\/em><\/strong><br \/>\nDirector: Hans-Christian Schmid, Alemania 2012, 85 min., 35 mm<\/p>\n<p><em><strong>T\u00f3tem (Totem)<\/strong><\/em><br \/>\nDirector: Jessica Krummacher, Alemania 2012, 86 min., Digital.<\/p>\n<p><span style=\"text-decoration: underline;\"><strong>Consulta las pel\u00edculas por fecha de proyecci\u00f3n, <a title=\"Pel\u00edculas por fechas de proyecci\u00f3n. Institut Goethe Mexiko\" href=\"http:\/\/www.goethe.de\/ins\/mx\/lp\/prj\/cin\/p12\/pd12\/es9640788.htm \" target=\"_blank\">aqu\u00ed<\/a>.<\/strong><\/span><\/p>\n<h3>Los tres cines participantes en la ciudad de M\u00e9xico:<\/h3>\n<p><strong>Cin\u00e9polis Diana<\/strong>: Av. Paseo de la Reforma No. 423, Col. Cuauht\u00e9moc, Del Cuauht\u00e9moc.<br \/>\nAcceso en transporte p\u00fablico: Metro: Sevilla, Chapultep\u00e9c. Parabus Reforma.<\/p>\n<p><strong>Cin\u00e9polis Universidad<\/strong>: Av. Universidad No. 1000, Col. Santa Cruz Atoyac, Deleg. Benito Ju\u00e1rez. Centro Comercial &#8220;Pabellon del Valle&#8221;. Acceso en transporte p\u00fablico: Metro\/Metrobus: Zapata.<\/p>\n<p><strong>Cin\u00e9polis Perisur<\/strong>: Anillo Perif\u00e9rico Sur No. 4690, entre Zacatepetl y Av. Insurgentes, Centro Comercial &#8220;Perisur&#8221;, Del. Coyoac\u00e1n.<br \/>\nAcceso en transporte p\u00fablico: Metrobus: Perisur.<\/p>\n<p><strong><a title=\"Consulta el mapa interactivo de la ciudad de M\u00e9xico\" href=\"http:\/\/www.travelbymexico.com\/ciudaddemexico\/mapa\/\" target=\"_blank\">Consulta el mapa interactivo de la Ciudad de M\u00e9xico <\/a><\/strong><\/p>\n<p>&nbsp;<\/p>\n","protected":false},"excerpt":{"rendered":"<p>Por onceavo a\u00f1o consecutivo, cines de la ciudad de M\u00e9xico se alistan para la &#8220;Semana de Cine Alem\u00e1n&#8221;, evento que<\/p>\n","protected":false},"author":2,"featured_media":12415,"comment_status":"closed","ping_status":"closed","sticky":false,"template":"","format":"standard","meta":[],"categories":[9,912],"tags":[3243,3249,3244,1351,1406,307,1349,318,2955,3247,3248,3250,3245,3246],"_links":{"self":[{"href":"https:\/\/www.travelbymexico.com\/blog\/wp-json\/wp\/v2\/posts\/12414"}],"collection":[{"href":"https:\/\/www.travelbymexico.com\/blog\/wp-json\/wp\/v2\/posts"}],"about":[{"href":"https:\/\/www.travelbymexico.com\/blog\/wp-json\/wp\/v2\/types\/post"}],"author":[{"embeddable":true,"href":"https:\/\/www.travelbymexico.com\/blog\/wp-json\/wp\/v2\/users\/2"}],"replies":[{"embeddable":true,"href":"https:\/\/www.travelbymexico.com\/blog\/wp-json\/wp\/v2\/comments?post=12414"}],"version-history":[{"count":2,"href":"https:\/\/www.travelbymexico.com\/blog\/wp-json\/wp\/v2\/posts\/12414\/revisions"}],"predecessor-version":[{"id":12417,"href":"https:\/\/www.travelbymexico.com\/blog\/wp-json\/wp\/v2\/posts\/12414\/revisions\/12417"}],"wp:featuredmedia":[{"embeddable":true,"href":"https:\/\/www.travelbymexico.com\/blog\/wp-json\/wp\/v2\/media\/12415"}],"wp:attachment":[{"href":"https:\/\/www.travelbymexico.com\/blog\/wp-json\/wp\/v2\/media?parent=12414"}],"wp:term":[{"taxonomy":"category","embeddable":true,"href":"https:\/\/www.travelbymexico.com\/blog\/wp-json\/wp\/v2\/categories?post=12414"},{"taxonomy":"post_tag","embeddable":true,"href":"https:\/\/www.travelbymexico.com\/blog\/wp-json\/wp\/v2\/tags?post=12414"}],"curies":[{"name":"wp","href":"https:\/\/api.w.org\/{rel}","templated":true}]}}