{"id":12308,"date":"2012-07-18T00:10:06","date_gmt":"2012-07-18T05:10:06","guid":{"rendered":"http:\/\/www.travelbymexico.com\/blog\/?p=12308"},"modified":"2012-07-18T00:10:06","modified_gmt":"2012-07-18T05:10:06","slug":"festival-de-santiago-2012-en-queretaro","status":"publish","type":"post","link":"https:\/\/www.travelbymexico.com\/blog\/12308-festival-de-santiago-2012-en-queretaro\/","title":{"rendered":"Festival de Santiago 2012 en Quer\u00e9taro"},"content":{"rendered":"<h2>Hasta el 1 de agosto de 2012, los parques, plazas y recintos culturales del Centro Hist\u00f3rico de la ciudad de <a title=\"Atractivos tur\u00edsticos de la ciudad de Quer\u00e9taro\" href=\"http:\/\/www.travelbymexico.com\/queretaro\/atractivos\/index.php\" target=\"_blank\">Quer\u00e9taro<\/a> ser\u00e1n los escenarios del Festival Santiago 2012 que este a\u00f1o celebra el 481 Aniversario de la Fundaci\u00f3n de Santiago de Quer\u00e9taro.<\/h2>\n<p>28 d\u00edas de regocijo con m\u00e1s de 3500 artistas en escena y m\u00e1s de 220 eventos y actividades culturales para todos los gustos y edades conforman la espl\u00e9ndida programaci\u00f3n del <strong>Festival Santiago 2012<\/strong> que se llevar\u00e1 a cabo <strong>hasta el 1\u00ba de agosto de 2012 en la cuidad de Quer\u00e9taro<\/strong>. &#8220;<em>Espect\u00e1culos folcl\u00f3ricos, feria del libro, obras de teatro, conciertos, exposiciones, talleres infantiles, cursos de verano, declamaci\u00f3n de poemas, exposici\u00f3n fotogr\u00e1fica, exposici\u00f3n pict\u00f3rica, presentaciones de libros, conferencias y foros de cine, y eventos tradicionales, entre otras actividades.<\/em>&#8221;<\/p>\n<p><span style=\"text-decoration: underline;\"><strong>Sedes de los eventos del Festival Santiago 2012<\/strong><\/span>: Plazas del Centro Hist\u00f3rico, Estaci\u00f3n Espacio de Encuentro, las siete Casas de Cultura y las nueve Bibliotecas P\u00fablicas Municipales, Cineteatro Rosal\u00edo Solano, Teatro Alameda, Galer\u00eda Municipal Rosario S\u00e1nchez de Lozada y el Museo La Magia del Pasado en el Cerro de las Campanas.<\/p>\n<h3>Programa de eventos destacados del Festival Santiago 2012<\/h3>\n<p>Del 12 de julio al 12 de agosto de 2012: <span style=\"text-decoration: underline;\"><strong>Las mentiras de la luz<\/strong><\/span><br \/>\nExposici\u00f3n realizada por alumnos y maestros de la Facultad de Bellas Artes de la Universidad Aut\u00f3noma de Quer\u00e9taro y del <em>Centro de Arte y Cultura<\/em>. Lugar: en la Sala de Espera de La Estaci\u00f3n.<\/p>\n<p>El 16 y 19 de julio de 2012: <span style=\"text-decoration: underline;\"><strong>Quer\u00e9taro, Ciudad de 100 poemas<\/strong><\/span><br \/>\nEn el marco de este evento organizado en conjunto con la Fundaci\u00f3n DRT se colocar\u00e1n 100 mamparas y 10,000 mapas distribuidos por la ciudad con poemas de 100 escritores.<\/p>\n<p>Del 19 al 22 de julio de 2012: <strong><span style=\"text-decoration: underline;\">Feria del Libro<\/span><\/strong> en el Jard\u00edn Zenea<\/p>\n<p>20 de julio de 2012: <strong>Exposici\u00f3n Fotogr\u00e1fica &#8220;Biodiversidad Mexicana&#8221;<\/strong><br \/>\n<em>La riqueza natural de la Sierra Gorda queretana y de varios lugares del pa\u00eds.<\/em><br \/>\nInauguraci\u00f3n en la Explanada de la Alameda Hidalgo &#8211; 19:00 hrs.<br \/>\nMuestra organizada por el Instituto de Cultura del Municipio, en colaboraci\u00f3n con la Comisi\u00f3n Nacional para el Conocimiento y Uso de la Biodiversidad, el Grupo Ecol\u00f3gico Sierra Gorda I.A.P., National Geographic y Mosaico Natura.<\/p>\n<p>Del 20 de julio al 1 de agosto: <span style=\"text-decoration: underline;\"><strong>32\u00b0 Foro Internacional de la Cineteca<\/strong><\/span><br \/>\nSe proyectar\u00e1n 13 pel\u00edculas de Grecia, Francia, Dinamarca, Brasil, Espa\u00f1a y M\u00e9xico entre otros pa\u00edses.<br \/>\nLugar: Cineteatro Rosal\u00edo Solano.<\/p>\n<p>S\u00e1bado 21 de julio de 2012: <span style=\"text-decoration: underline;\"><strong>Susana Harp<\/strong><\/span> con su espect\u00e1culo el pa\u00eds de las maravillas en el Teatro Alameda.<\/p>\n<p>Domingo 22 de julio de 2012:<span style=\"text-decoration: underline;\"><strong>Francisco C\u00e9spedes<\/strong><\/span><br \/>\nMagno concierto en la Explanada de la &#8220;Estaci\u00f3n espacio de encuentro&#8221; &#8211; 20:00 horas.<\/p>\n<p>Domingo 22 de julio de 2012: <strong>Coro Municipal y Camerata Santiago de Quer\u00e9taro, Ballet Folkl\u00f3rico del Municipio de Quer\u00e9taro y Banda Sinf\u00f3nica Juvenil<\/strong>.<\/p>\n<p>Fecha: 21 \u00bfo? 22 de julio de 2012 a las 16:00 horas.<br \/>\n<span style=\"text-decoration: underline;\"><strong>Magno Ensamble del 5to. Encuentro Nacional de Bandas Sinf\u00f3nicas \u00a0<\/strong><\/span><br \/>\nCerca de 500 artistas se presentar\u00e1n en el \u00c1gora de La Estaci\u00f3n y en el Jard\u00edn Guerrero.<br \/>\nBandas provenientes de Morelos, Zacatecas y San Luis Potos\u00ed, adem\u00e1s de la Banda Sinf\u00f3nica Juvenil Santiago de Quer\u00e9taro.<\/p>\n<p><span style=\"text-decoration: underline;\"><strong>Hermanos Palmar<\/strong><\/span>: 23 de julio de 2012 en el Jard\u00edn Zenea y 24 de julio de 2012 en el Teatro Alameda a partir de las 19:00 horas. Grupo de artistas de Venezuela dedicados al rescate y difusi\u00f3n de la m\u00fasica y danzas tradicionales de su pa\u00eds.<\/p>\n<p><span style=\"text-decoration: underline;\"><strong>Talleres infantiles<\/strong><\/span>: del 21 de julio al 29 de julio de 2012 en el Jard\u00edn Zenea.<\/p>\n<p>Taller de &#8220;<strong>Los juguetes y el juego tradicional mexicano<\/strong>&#8221; los d\u00edas 28 y 29 en el Jard\u00edn Guerrero.<br \/>\nDe 11:00 a 14:00 horas, y de 17:00 a 19:00 horas.<\/p>\n<p><span style=\"text-decoration: underline;\"><strong>Ciclo de conferencias impartido por Edgardo Moreno P\u00e9rez:<\/strong><\/span><br \/>\nAbordar\u00e1 temas sociales e hist\u00f3ricos de la ciudad, como &#8220;El Ferrocarril Nacional en La Otra Banda: historia y memoria&#8221;, &#8220;Barrios del Centro Hist\u00f3rico de Santiago de Quer\u00e9taro\u201d; y &#8220;Quer\u00e9taro y el Estado de Hidalgo: dos pueblos otom\u00edes separados por el tiempo y la distancia\u201d a cargo del maestro Raymundo Isidro, las cuales se impartir\u00e1n en el Foro La Chimenea de La Estaci\u00f3n.<\/p>\n<p><span style=\"text-decoration: underline;\"><strong>Otros conciertos:<\/strong><\/span><br \/>\n27 de julio de 2012: <span style=\"text-decoration: underline;\"><strong>Sinapsis Art\u00edstica<\/strong><\/span> en el Teatro Alameda<br \/>\n28 de julio de 2012: <strong><span style=\"text-decoration: underline;\">The Instrumental Ska Band<\/span><\/strong> en el jard\u00edn Zenea<br \/>\nHorario\u00bf? <span style=\"text-decoration: underline;\"><strong>Encuentro de Bandas de Rock<\/strong><\/span> en la explanada de la Delegaci\u00f3n Felipe Carrillo Puerto.<br \/>\n29 de julio de 2012: <span style=\"text-decoration: underline;\"><strong>Cuarteto Sonus<\/strong><\/span> presentar\u00e1 su disco M\u00e9xico entre notas. Lugar: \u00bf?<\/p>\n<p><span style=\"text-decoration: underline;\"><strong>Para mayor informes<\/strong><\/span>: Instituto de Cultura del Municipio de Quer\u00e9taro, calle de Ju\u00e1rez 9 Norte Edificio Zenea. Centro Hist\u00f3rico. Quer\u00e9taro.<\/p>\n<h3><a title=\"Reserva Tu Hotel en la ciudad de Quer\u00e9taro\" href=\"http:\/\/www.travelbymexico.com\/queretaro\/hoteles\/index.php\" target=\"_blank\">Reserva tu hotel en la ciudad de Quer\u00e9taro <\/a><\/h3>\n<p>&nbsp;<\/p>\n","protected":false},"excerpt":{"rendered":"<p>Hasta el 1 de agosto de 2012, los parques, plazas y recintos culturales del Centro Hist\u00f3rico de la ciudad de<\/p>\n","protected":false},"author":2,"featured_media":12309,"comment_status":"closed","ping_status":"closed","sticky":false,"template":"","format":"standard","meta":[],"categories":[37],"tags":[2020,360,508,1622,537,3162,818,3161,1991,1053,1075,3160,1587,3163],"_links":{"self":[{"href":"https:\/\/www.travelbymexico.com\/blog\/wp-json\/wp\/v2\/posts\/12308"}],"collection":[{"href":"https:\/\/www.travelbymexico.com\/blog\/wp-json\/wp\/v2\/posts"}],"about":[{"href":"https:\/\/www.travelbymexico.com\/blog\/wp-json\/wp\/v2\/types\/post"}],"author":[{"embeddable":true,"href":"https:\/\/www.travelbymexico.com\/blog\/wp-json\/wp\/v2\/users\/2"}],"replies":[{"embeddable":true,"href":"https:\/\/www.travelbymexico.com\/blog\/wp-json\/wp\/v2\/comments?post=12308"}],"version-history":[{"count":1,"href":"https:\/\/www.travelbymexico.com\/blog\/wp-json\/wp\/v2\/posts\/12308\/revisions"}],"predecessor-version":[{"id":12310,"href":"https:\/\/www.travelbymexico.com\/blog\/wp-json\/wp\/v2\/posts\/12308\/revisions\/12310"}],"wp:featuredmedia":[{"embeddable":true,"href":"https:\/\/www.travelbymexico.com\/blog\/wp-json\/wp\/v2\/media\/12309"}],"wp:attachment":[{"href":"https:\/\/www.travelbymexico.com\/blog\/wp-json\/wp\/v2\/media?parent=12308"}],"wp:term":[{"taxonomy":"category","embeddable":true,"href":"https:\/\/www.travelbymexico.com\/blog\/wp-json\/wp\/v2\/categories?post=12308"},{"taxonomy":"post_tag","embeddable":true,"href":"https:\/\/www.travelbymexico.com\/blog\/wp-json\/wp\/v2\/tags?post=12308"}],"curies":[{"name":"wp","href":"https:\/\/api.w.org\/{rel}","templated":true}]}}