{"id":12293,"date":"2012-07-16T22:20:46","date_gmt":"2012-07-17T03:20:46","guid":{"rendered":"http:\/\/www.travelbymexico.com\/blog\/?p=12293"},"modified":"2012-07-16T22:29:41","modified_gmt":"2012-07-17T03:29:41","slug":"mexico-participa-en-el-dialogo-de-petersberg-2012-en-materia-de-cambio-climatico","status":"publish","type":"post","link":"https:\/\/www.travelbymexico.com\/blog\/12293-mexico-participa-en-el-dialogo-de-petersberg-2012-en-materia-de-cambio-climatico\/","title":{"rendered":"M\u00e9xico participa en el Di\u00e1logo de Petersberg 2012 en materia de cambio clim\u00e1tico"},"content":{"rendered":"<h2>Hoy, inici\u00f3 el III Di\u00e1logo Clim\u00e1tico de Petersberg (Petersberg Klimadialog III), en Berl\u00edn &#8211; Alemania. Este foro re\u00fane a\u00a0 pa\u00edses l\u00edderes en el tema de cambio clim\u00e1tico, tiene como objetivo\u00a0 generar consensos rumbo a la XVIII Conferencia de las Partes (COP18) de la Convenci\u00f3n Marco de las Naciones Unidas sobre el Cambio Clim\u00e1tico (United Nations Framework Convention on Climate Change) que se llevar\u00e1 a cabo el jueves 6 de diciembre de 2012 en la ciudad de Doha, Catar.<\/h2>\n<p>Desde hoy 16 de julio de 2012, M\u00e9xico participa al &#8220;Di\u00e1logo Clim\u00e1tico de Petersberg&#8221;, foro organizado por Alemania en Berl\u00edn, en colaboraci\u00f3n con la Presidencia entrante de las Conferencias de Cambio Clim\u00e1tico de la ONU (Catar), que re\u00fane a ministros de <strong>35 pa\u00edses l\u00edderes en el tema de cambio clim\u00e1tico<\/strong>. Este di\u00e1logo a nivel ministerial es de vital importancia ya que brinda un espacio para el intercambio abierto e informal sobre los distintos temas de las negociaciones de cambio clim\u00e1tico para que progresen las negociaciones internacionales.<\/p>\n<h3><span style=\"text-decoration: underline;\">La delegaci\u00f3n mexicana en el foro &#8220;III Di\u00e1logo Cl\u00edmatico de Petersberg 2012&#8221;\u00a0<\/span><\/h3>\n<p><span style=\"text-decoration: underline;\">Por tercera ocasi\u00f3n y de manera activa, M\u00e9xico participa\u00a0 en el Di\u00e1logo de Petersberg sobre cambio clim\u00e1tico.<\/span><\/p>\n<p>La delegaci\u00f3n mexicana est\u00e1 encabezada por el <a title=\"Funciones de las Secretar\u00edas de Gobernaci\u00f3n en M\u00e9xico\" href=\"http:\/\/www.travelbymexico.com\/blog\/10022-funciones-de-las-secretarias-de-gobernacion-en-mexico\" target=\"_blank\">Secretario de Medio Ambiente y Recursos Naturales<\/a>, <strong>Juan Rafael Elvira Quesada<\/strong>, y est\u00e1 integrada adem\u00e1s por el <strong>Embajador Juan Manuel G\u00f3mez Robledo<\/strong>, Subsecretario para Asuntos Multilaterales y Derechos Humanos de la Secretaria de Relaciones Exteriores, as\u00ed como por el Doctor Francisco Barn\u00e9s Castro, Presidente del Instituto Nacional de Ecolog\u00eda.<\/p>\n<p><span style=\"text-decoration: underline;\"><strong>Llamado de la delegaci\u00f3n Mexicana<\/strong><\/span><\/p>\n<p>La delegaci\u00f3n de M\u00e9xico exhort\u00f3 a fortalecer la acci\u00f3n conjunta que evite que el aumento en la temperatura del planeta rebase los dos grados cent\u00edgrados, al tiempo que llam\u00f3 a todos los Estados a concluir lo antes posible, un nuevo acuerdo jur\u00eddicamente vinculante que deber\u00e1 entrar en vigor a partir de 2020.<\/p>\n<h3><span style=\"text-decoration: underline;\">Angela Merkel: M\u00e9xico, un ejemplo a seguir\u00a0<\/span><\/h3>\n<p>Durante el III Di\u00e1logo de Petersberg sobre cambio clim\u00e1tico, la Canciller Federal alemana, Angela Merkel, hizo un llamado a los pa\u00edses a trabajar de manera urgente y tangible en la mitigaci\u00f3n y adaptaci\u00f3n al cambio clim\u00e1tico, tanto en la negociaci\u00f3n multilateral como a trav\u00e9s de iniciativas nacionales y <strong>se\u00f1al\u00f3 a M\u00e9xico como ejemplo, al ser pionero en la adopci\u00f3n y puesta en marcha de una legislaci\u00f3n nacional en la materia<\/strong>.<em> <\/em><\/p>\n<p><em>&#8220;Desde que los cient\u00edficos advirtieron que el cambio clim\u00e1tico representa una amenaza para las posibilidades de desarrollo de la humanidad, las pol\u00edticas gubernamentales de M\u00e9xico comenzaron a impulsar el tr\u00e1nsito hacia una econom\u00eda verde.<\/em> &#8221;<\/p>\n<p>&#8220;Refrendando este compromiso frente a otras naciones, M\u00e9xico ha participado activamente en diversos foros multilaterales: ratific\u00f3 en 1993 la Convenci\u00f3n Marco de las Naciones Unidas para el Cambio Clim\u00e1tico como pa\u00eds No Anexo I; en 1998 firm\u00f3 el Protocolo de Kioto y en el 2000 lo ratific\u00f3.&#8221; <em>Fuente: www.cambioclimatico.gob.mx<\/em><\/p>\n<p>Asimismo, la Canciller urgi\u00f3 a los pa\u00edses tanto desarrollados como en desarrollo a elevar su nivel de ambici\u00f3n y a comprometerse decididamente en el proceso de negociaci\u00f3n hacia un nuevo instrumento jur\u00eddico vinculante que de continuidad al Protocolo de Kyoto, sobre la base de los <strong>Acuerdos de <a title=\"Reserva tu hotel en la ciudad de Canc\u00fan, Quintana Roo, M\u00e9xico\" href=\"http:\/\/www.travelbymexico.com\/cancun\/hoteles\/index.php\" target=\"_blank\">Canc\u00fan<\/a><\/strong> adoptados en 2010 bajo la Presidencia mexicana y de Durban en 2011 bajo la Presidencia sudafricana de las Conferencias de Cambio Clim\u00e1tico.<\/p>\n<h3>Art\u00edculos de inter\u00e9s:<\/h3>\n<p><strong><a title=\"Protecci\u00f3n y conservaci\u00f3n de las tortugas marinas en M\u00e9xico\" href=\"http:\/\/www.travelbymexico.com\/blog\/9823-proteccion-y-conservacion-de-tortugas-marinas-en-mexico\" target=\"_blank\">Protecci\u00f3n y Conservaci\u00f3n de Tortugas Marinas en M\u00e9xico<\/a><\/strong><\/p>\n<p><a title=\"M\u00e9xico, un pa\u00eds que lucha por preservar su biodiversidad\" href=\"http:\/\/www.travelbymexico.com\/blog\/10028-mexico-un-pais-que-lucha-por-preservar-su-biodiversidad\" target=\"_blank\"><strong>M\u00e9xico, un pa\u00eds que lucha por preservar su biodiversidad<\/strong><br \/>\n<\/a><\/p>\n","protected":false},"excerpt":{"rendered":"<p>Hoy, inici\u00f3 el III Di\u00e1logo Clim\u00e1tico de Petersberg (Petersberg Klimadialog III), en Berl\u00edn &#8211; Alemania. Este foro re\u00fane a\u00a0 pa\u00edses<\/p>\n","protected":false},"author":2,"featured_media":12294,"comment_status":"closed","ping_status":"closed","sticky":false,"template":"","format":"standard","meta":[],"categories":[912],"tags":[3144,3151,3149,3141,3152,3146,1339,1390,3150,3145,1340,818,3142,3147,2006,3148],"_links":{"self":[{"href":"https:\/\/www.travelbymexico.com\/blog\/wp-json\/wp\/v2\/posts\/12293"}],"collection":[{"href":"https:\/\/www.travelbymexico.com\/blog\/wp-json\/wp\/v2\/posts"}],"about":[{"href":"https:\/\/www.travelbymexico.com\/blog\/wp-json\/wp\/v2\/types\/post"}],"author":[{"embeddable":true,"href":"https:\/\/www.travelbymexico.com\/blog\/wp-json\/wp\/v2\/users\/2"}],"replies":[{"embeddable":true,"href":"https:\/\/www.travelbymexico.com\/blog\/wp-json\/wp\/v2\/comments?post=12293"}],"version-history":[{"count":4,"href":"https:\/\/www.travelbymexico.com\/blog\/wp-json\/wp\/v2\/posts\/12293\/revisions"}],"predecessor-version":[{"id":12296,"href":"https:\/\/www.travelbymexico.com\/blog\/wp-json\/wp\/v2\/posts\/12293\/revisions\/12296"}],"wp:featuredmedia":[{"embeddable":true,"href":"https:\/\/www.travelbymexico.com\/blog\/wp-json\/wp\/v2\/media\/12294"}],"wp:attachment":[{"href":"https:\/\/www.travelbymexico.com\/blog\/wp-json\/wp\/v2\/media?parent=12293"}],"wp:term":[{"taxonomy":"category","embeddable":true,"href":"https:\/\/www.travelbymexico.com\/blog\/wp-json\/wp\/v2\/categories?post=12293"},{"taxonomy":"post_tag","embeddable":true,"href":"https:\/\/www.travelbymexico.com\/blog\/wp-json\/wp\/v2\/tags?post=12293"}],"curies":[{"name":"wp","href":"https:\/\/api.w.org\/{rel}","templated":true}]}}