{"id":12288,"date":"2012-07-16T16:42:48","date_gmt":"2012-07-16T21:42:48","guid":{"rendered":"http:\/\/www.travelbymexico.com\/blog\/?p=12288"},"modified":"2012-07-16T19:35:40","modified_gmt":"2012-07-17T00:35:40","slug":"el-centro-cultural-del-bosque-celebra-su-50-aniversario","status":"publish","type":"post","link":"https:\/\/www.travelbymexico.com\/blog\/12288-el-centro-cultural-del-bosque-celebra-su-50-aniversario\/","title":{"rendered":"El Centro Cultural del Bosque celebra su 50 Aniversario"},"content":{"rendered":"<h2>Con un programa especial multidisciplinario, con propuestas que se extienden a todos sus espacios, el Centro Cultural del Bosque (CCB) celebrar\u00e1 dentro de unos d\u00edas, medio siglo dedicado a la producci\u00f3n, ense\u00f1anza, difusi\u00f3n y reflexi\u00f3n de las artes esc\u00e9nicas en M\u00e9xico.<\/h2>\n<p>Del 26 al 29 de julio de 2012, el <strong>Centro Cultural del Bosque<\/strong> (CCB) celebrar\u00e1 su <strong>50\u00ba aniversario<\/strong> con un rico programa de eventos relacionados con las artes esc\u00e9nicas y visuales en las que participar\u00e1n importantes artistas y compa\u00f1\u00edas nacionales e internacionales.<\/p>\n<h3>Programa de eventos &#8211; 50 aniversario Centro Cultural del Bosque<\/h3>\n<p><em>Intervenci\u00f3n de graffiteros; presentaciones del Ballet Nacional de Uruguay, Irish Modern Dance Theatre (IMDT), Cuarteto Aurora (solistas de la Orquesta de Ca\u0301mara de Bellas Artes del INBA); Obras de Teatro; Espect\u00e1culos de danza contempor\u00e1nea y folkl\u00f3rica, Arte sonoro; M\u00fasica Electroac\u00fastica, Exposici\u00f3n fotogr\u00e1fica, conformar\u00e1n el rico programa especial del CCB.<\/em><\/p>\n<h3>Jueves 26 de julio de 2012\u00a0 a las 13:00 horas<\/h3>\n<p><span style=\"text-decoration: underline;\"><strong>Inauguraci\u00f3n del CCB-Contempor\u00e1neo: Intervenciones de artes visuales, arte sonoro, graffiti y este\u0301ncil<\/strong><\/span>. (Las intervenciones permanecera\u0301n hasta el 30 de agosto de 2012)<\/p>\n<p><strong>Artistas participantes<\/strong>: Enrique Jez\u030cik, Astrovandalistas, Manuel Rocha Iturbide, Iva\u0301n Abreu, Dhear, Colectivo La Piztola, Colectivo Chachacha (Raymundo Rocha y Dayron Lo\u0301pez).<br \/>\n<strong>Lugar<\/strong>: Areas libres del CCB.<\/p>\n<h3>Viernes 27 de julio de 2012<\/h3>\n<p><span style=\"text-decoration: underline;\"><strong>Inauguraci\u00f3n del CCB-Fotogr\u00e1fico<\/strong><\/span> (17:30 horas): Exposicio\u0301n de ma\u0301s de 50 de fotografi\u0301as de obras de teatro y danza presentadas en los teatros del CCB en los u\u0301ltimos 30 an\u0303os. Fotograf\u00edas realizadas por destacados foto\u0301grafos especializados en artes esce\u0301nicas.<br \/>\n<strong>Lugar<\/strong>: Galeri\u0301as abiertas de la Secretari\u0301a de Cultura del D.F. Av. Paseo de la Reforma, entre la Glorieta de la Palma y Av. Insurgentes. Esta exposici\u00f3n permanecer\u00e1 hasta el 2 de septiembre de 2012.<\/p>\n<p><span style=\"text-decoration: underline;\"><strong>19:00 horas &#8211; Mu\u0301sica contempor\u00e1nea<\/strong>: <strong>Cuarteto Aurora<\/strong><\/span><\/p>\n<p>Integrado por solistas de la<em> Orquesta de Ca\u0301mara de Bellas Artes del INBA<\/em>.<br \/>\nPrograma musical: obras de los compositores mexicanos Horacio Uribe y Jose\u0301 Rolo\u0301n.<br \/>\n<strong>Lugar<\/strong>: Sala CCB. Cupo limitado<\/p>\n<p><span style=\"text-decoration: underline;\"><strong>20:00 horas &#8211; Danza Ballet Nacional Sodre de Uruguay<\/strong><\/span><\/p>\n<p>Dirigido por el Coreo\u0301grafo Julio Bocca.<br \/>\n<strong>Programa<\/strong>: Doble corchea, Adagietto, Pas de trois El corsario, Without words, Tango y candombe. Presentado por la Coordinacio\u0301n Nacional de Danza.<br \/>\n<strong>Lugar<\/strong>: Teatro de la Danza. Cupo limitado. RSVP. Acceso con invitacio\u0301n.<\/p>\n<h3>Sa\u0301bado 28 de julio de 2012 &#8211; Varias disciplinas<\/h3>\n<p><span style=\"text-decoration: underline;\"><strong>20:00 horas &#8211; Danza contempora\u0301nea, arte sonoro, mu\u0301sica electroacu\u0301stica y rock.<\/strong><\/span><br \/>\n<strong>Lugar<\/strong>: Plaza A\u0301ngel Salas. Cupo limitado. <span style=\"text-decoration: underline;\">Acceso mayores de edad con identificacio\u0301n (sin bultos, alimentos, ni bebidas).<\/span><\/p>\n<p><strong>Artistas participantes<\/strong>: Irish Modern Dance Theatre (IMDT), Generacio\u0301n Esponta\u0301nea, Colectivo Fractual, Francisco Eme y Moise\u0301s Regla, Zerumen, Beso Negro.<\/p>\n<h3>Domingo 29 de julio de 2012<\/h3>\n<p><strong>12:00 horas &#8211; Fusi\u00f3n de danza y mu\u0301sica<\/strong>. <em><span style=\"text-decoration: underline;\">Para toda la familia, dedicada a los empleados del CCB y el INBA<\/span>.<\/em><\/p>\n<p>Grupo Representativo de la <strong>Escuela Nacional de Danza Folklo\u0301rica del INBA<\/strong> y el <strong>Grupo Internacional de Son Veracruzano<\/strong>: Mono Blanco. <strong>Lugar<\/strong>: Escenario temporal CCB 50, Plaza A\u0301ngel Salas.<\/p>\n<p><span style=\"text-decoration: underline;\"><strong>CCB-EN ESCENA &#8211; presentaciones gratuitas de danza, teatro y m\u00fasica\u00a0<\/strong><\/span><\/p>\n<p>Gracias al apoyo de la Coordinacio\u0301n Nacional de Teatro, las puestas en escena de teatro, danza y m\u00fasica de este domingo\u00a0 se presentara\u0301n gratuitamente:<\/p>\n<p><span style=\"text-decoration: underline;\"><strong>En el Teatro Julio Castillo:<\/strong><\/span><\/p>\n<p><strong>&#8220;Martina y los hombres pa\u0301jaro&#8221;<\/strong> &#8211; 12:30 horas<br \/>\nDe Mo\u0301nica Hoth, Dirigida por Miguel A\u0301ngel Gutie\u0301rrez.<\/p>\n<p><strong>&#8220;Temporal<\/strong>&#8221; &#8211; 18:00 horas. Para\u0301frasis y dir. Flavio Gonza\u0301lez Mello.<\/p>\n<p><span style=\"text-decoration: underline;\"><strong>En la Sala Xavier Villaurrutia<\/strong><\/span><\/p>\n<p><strong>&#8220;El grillo<\/strong>&#8220;- 13:00 horas. De Suzanne Labeau. Dir. Sandra Rosales<\/p>\n<p><strong>&#8220;Ub\u00fa Rey&#8221;<\/strong> &#8211; 18:00 horas. De Alfred Jarry Dir. Ihonatan Ruiz 18:00 horas<\/p>\n<p><span style=\"text-decoration: underline;\"><strong>En el Teatro El Galeo\u0301n<\/strong><\/span><\/p>\n<p><strong>&#8220;A la deriva Joc&#8221;<\/strong> &#8211; 13:00 horas. Adaptacio\u0301n y dir. Jacqueline Serafi\u0301n<\/p>\n<p><strong>&#8220;Oscuro&#8221;<\/strong> &#8211; 18:00 horas. De Edgar Chi\u0301as Dir. Marco Vieyra 18:00 horas<\/p>\n<p><span style=\"text-decoration: underline;\"><strong>En el Teatro Orientacio\u0301n<\/strong><\/span><\/p>\n<p><span style=\"text-decoration: underline;\"><strong>&#8220;el DO le dijo al RE&#8221;, 2o festival de mu\u0301sica para nin\u0303os.<\/strong><\/span><\/p>\n<p><strong>\u00bfPor que\u0301 la flauta se volvio\u0301 ma\u0301gica<\/strong>? &#8211; 12:00 horas<br \/>\nMiguel A\u0301ngel Villanueva. INBA a trave\u0301s de la CNMO &#8211; IMSS<\/p>\n<p><strong>Ciclo de Clown Fiu Fiu<\/strong> &#8211; 18:00 horas. Dir. Nubia Alfonso.<\/p>\n<h3>Direcci\u00f3n del Centro Cultural del Bosque:<\/h3>\n<p>Paseo de la Reforma y Campo Marte. Colonia Chapultepec Polanco, Delegaci\u00f3n Miguel Hidalgo.<br \/>\nCiudad de M\u00e9xico, C.P. 11560.<\/p>\n<p><strong><a title=\"Reserva tu hotel en la ciudad de M\u00e9xico\" href=\"http:\/\/travelbymexico.com\/ciudaddemexico\/hoteles\" target=\"_blank\">Reserva tu hotel en la ciudad de M\u00e9xico. <\/a><\/strong><\/p>\n<p>&nbsp;<\/p>\n","protected":false},"excerpt":{"rendered":"<p>Con un programa especial multidisciplinario, con propuestas que se extienden a todos sus espacios, el Centro Cultural del Bosque (CCB)<\/p>\n","protected":false},"author":2,"featured_media":12289,"comment_status":"closed","ping_status":"closed","sticky":false,"template":"","format":"standard","meta":[],"categories":[9],"tags":[2770,1379,2323,318,400,466,1719,3139,896,3140,1053,1163],"_links":{"self":[{"href":"https:\/\/www.travelbymexico.com\/blog\/wp-json\/wp\/v2\/posts\/12288"}],"collection":[{"href":"https:\/\/www.travelbymexico.com\/blog\/wp-json\/wp\/v2\/posts"}],"about":[{"href":"https:\/\/www.travelbymexico.com\/blog\/wp-json\/wp\/v2\/types\/post"}],"author":[{"embeddable":true,"href":"https:\/\/www.travelbymexico.com\/blog\/wp-json\/wp\/v2\/users\/2"}],"replies":[{"embeddable":true,"href":"https:\/\/www.travelbymexico.com\/blog\/wp-json\/wp\/v2\/comments?post=12288"}],"version-history":[{"count":3,"href":"https:\/\/www.travelbymexico.com\/blog\/wp-json\/wp\/v2\/posts\/12288\/revisions"}],"predecessor-version":[{"id":12291,"href":"https:\/\/www.travelbymexico.com\/blog\/wp-json\/wp\/v2\/posts\/12288\/revisions\/12291"}],"wp:featuredmedia":[{"embeddable":true,"href":"https:\/\/www.travelbymexico.com\/blog\/wp-json\/wp\/v2\/media\/12289"}],"wp:attachment":[{"href":"https:\/\/www.travelbymexico.com\/blog\/wp-json\/wp\/v2\/media?parent=12288"}],"wp:term":[{"taxonomy":"category","embeddable":true,"href":"https:\/\/www.travelbymexico.com\/blog\/wp-json\/wp\/v2\/categories?post=12288"},{"taxonomy":"post_tag","embeddable":true,"href":"https:\/\/www.travelbymexico.com\/blog\/wp-json\/wp\/v2\/tags?post=12288"}],"curies":[{"name":"wp","href":"https:\/\/api.w.org\/{rel}","templated":true}]}}