{"id":12274,"date":"2012-07-13T23:32:20","date_gmt":"2012-07-14T04:32:20","guid":{"rendered":"http:\/\/www.travelbymexico.com\/blog\/?p=12274"},"modified":"2012-11-30T19:18:30","modified_gmt":"2012-12-01T01:18:30","slug":"principios-basicos-de-conteo-del-calendario-maya","status":"publish","type":"post","link":"https:\/\/www.travelbymexico.com\/blog\/12274-principios-basicos-de-conteo-del-calendario-maya\/","title":{"rendered":"Principios b\u00e1sicos de conteo del Calendario Maya"},"content":{"rendered":"<h2>En el marco de la conferencia &#8220;Tres milenios escrutando el cielo, morada de dioses&#8221; que se llev\u00f3 a cabo en febrero del 2012 en el Parque Explora de Medell\u00edn, Colombia; el mexicano <span style=\"text-decoration: underline;\">Orlando J. Casares Contreras<\/span>, Licenciado en Ciencias Antropol\u00f3gicas con especialidad en Arqueolog\u00eda y difusor cultural del Museo Regional Palacio Cant\u00f3n de <a title=\"Reserva tu hotel en la ciudad de M\u00e9rida, Yucat\u00e1n. M\u00e9xico\" href=\"http:\/\/www.travelbymexico.com\/merida\/hoteles\" target=\"_blank\">M\u00e9rida<\/a>, abord\u00f3 diversos temas relacionados con la <span style=\"text-decoration: underline;\">Civilizaci\u00f3n Maya<\/span> y expuso de manera clara y concisa los <span style=\"text-decoration: underline;\">principios b\u00e1sicos de conteo maya<\/span>.<\/h2>\n<p>A continuaci\u00f3n, compartimos con ustedes una breve introducci\u00f3n a la Numeraci\u00f3n Maya, que enriquecimos con la valiosa informaci\u00f3n que Orlando Casares Contreras difundi\u00f3 sobre las tres cuentas del calendario maya.<\/p>\n<h3>El calendario maya: producto cultural de la astronom\u00eda<\/h3>\n<p>Los Mayas fueron eminentes astr\u00f3nomos, arquitectos y matem\u00e1ticos. Su concepci\u00f3n del tiempo es el resultado de siglos de pacientes observaciones del cielo en las que describieron <strong>los ciclos del Sol, de la Luna y del <a title=\"Transmisi\u00f3n en vivo del paso de Venus, martes 5 de junio de 2012  \" href=\"http:\/\/www.travelbymexico.com\/blog\/11996-transmision-en-vivo-del-paso-de-venus-martes-5-de-junio-de-2012\" target=\"_blank\">planeta Venus<\/a><\/strong>.<\/p>\n<p>El calendario era una de las herramientas m\u00e1s importantes de los mayas ya que lo usaban para regir los tiempos de sus quehaceres agr\u00edcolas, comunitarios y religiosos. Para los mayas el tiempo era tan importante que, cualquier evento que se registrara con el aval de sus dioses se repetir\u00eda nuevamente en otro ciclo; <strong>su visi\u00f3n del tiempo era una visi\u00f3n c\u00edclica<\/strong>.<\/p>\n<h3>El calendario maya es uno de los m\u00e1s precisos de todo Mesoam\u00e9rica<\/h3>\n<p>Tiene sus or\u00edgenes en culturas anteriores (hasta la fecha no fueron identificadas) que crearon un sistema de <strong>calendario dual<\/strong>: uno de 365 d\u00edas (calendario solar) y el otro de 260 d\u00edas (calendario ritual).<\/p>\n<p><em><span style=\"text-decoration: underline;\">Los mayas tomaron este sistema, lo perfeccionaron y lo desarrollaron de una manera que no se volvi\u00f3 a ver en el Continente Americano, <strong>poni\u00e9ndole una fecha de inicio<\/strong><\/span><\/em>.<\/p>\n<h3>La Cuenta Larga o serie inicial:<\/h3>\n<p>La Cuenta Larga de los mayas designa al sistema de c\u00f3mputo de d\u00edas transcurridos desde una fecha origen.<\/p>\n<p>Seg\u00fan los epigrafistas, los mayas establecieron la fecha de inicio de su cuenta (0.0.0.0.0) el d\u00eda 4 Ajau y 8 Cumk\u00fa, que en nuestro calendario <strong>corresponde a la fecha del 13 de agosto de 3,114 a. C.<\/strong> y como cada 13 ciclos (13 ciclos de Bakt\u00fan que son unos 5,125 a\u00f1os), vuelve a iniciar el calendario, la fecha de inicio del nuevo ciclo corresponde al 22 de diciembre del 2012, que coincide con un evento astron\u00f3mico.<\/p>\n<h3>Puntos, barras y &#8220;cero&#8221; en la numeraci\u00f3n maya:<\/h3>\n<p>La civilizaci\u00f3n maya fue la primera de Am\u00e9rica en idear el concepto del cero, alrededor del a\u00f1o 36 a. C.<\/p>\n<p><strong>Los mayas ten\u00edan tres maneras de representar a sus numerales:<\/strong><\/p>\n<p>&#8211; un sistema num\u00e9rico de puntos y barras que constaba de tres s\u00edmbolos b\u00e1sicos: <strong>el punto<\/strong>, cuyo valor es 1; <strong>la raya<\/strong>, cuyo valor es 5; y <strong>el caracol<\/strong> (algunos autores lo describen como concha o semilla), cuyo valor es 0.<\/p>\n<p>&#8211; <strong>una numeraci\u00f3n cefalomorfa<\/strong> &#8220;variantes de cabeza&#8221;;<br \/>\n&#8211; <strong>una numeraci\u00f3n antropomorfa<\/strong>, mediante figuras completas.<\/p>\n<p><a class=\"galeria derecha\" title=\"Sistema de numeraci\u00f3n Maya con puntos y barras. \" href=\"http:\/\/www.travelbymexico.com\/blog\/imgBase\/2012\/07\/Sistema-nume\u0301rico-Maya-de-puntos-y-barras.jpg\"><img loading=\"lazy\" title=\"Sistema de numeraci\u00f3n Maya con puntos y barras. \" src=\"http:\/\/www.travelbymexico.com\/blog\/imgBase\/2012\/07\/Sistema-nume\u0301rico-Maya-de-puntos-y-barras-150x150.jpg\" alt=\"\" width=\"150\" height=\"150\" \/><\/a><\/p>\n<h3>La veintena maya:<\/h3>\n<p>Los mayas contaban en veintenas pero este sistema funcionaba de manera muy peculiar porque <strong>comenzaban en contar desde el cero<\/strong>.<\/p>\n<p>En t\u00e9rminos de puntos y barras, la unidad era representada con un punto; despu\u00e9s de cuatro unidades utilizaban a la barra horizontal que simbolizaba 5 (el 6 era entonces representado por un punto + una barra), y as\u00ed sucesivamente hasta llegar al 19 (3 barras + 4 puntos). Cuando llegaban al 20 es porque estaba volviendo inicial este conteo desde cero.<br \/>\n<strong>El cero no solo representa el fin de un conteo sino el principio de otro<\/strong>.<\/p>\n<h3>Calendarios Civil y Sagrado<\/h3>\n<p>El m\u00e9todo de conteo maya consist\u00eda en una suma de m\u00faltiples calendarios, los principales eran uno de 365 d\u00edas o civil llamado &#8220;<strong><em>Haab<\/em><\/strong>&#8221; y otro de 260 d\u00edas o sagrado que se le llamaba &#8220;<strong><em>Tzolkin<\/em><\/strong>&#8220;; funcionaban al mismo tiempo y juntos conformaron la cuenta larga y la cuenta corta.<br \/>\nAmbos calendarios tienen un punto de partida que se\u00f1ala cada Era.<\/p>\n<p><span style=\"text-decoration: underline;\"><strong>Tzolkin: El Calendario Sagrado de 260 d\u00edas<\/strong><\/span><\/p>\n<p>El ciclo sagrado llamado Tzolkin o Tzolk&#8217;in es una combinaci\u00f3n de 20 meses con 13 d\u00edas cada uno, o veinte trecenas (20&#215;13=260).<br \/>\nEs decir, para que transcurra un a\u00f1o sagrado, cada numeral debe combinarse con todos los d\u00edas del calendario sagrado.<\/p>\n<p><em>El tzolk&#8217;in es un calendario tridimensional porque est\u00e1 basado en el Sol (los sellos), la Luna (los tonos) y la estrella Sirio, por lo que es m\u00e1s exacto que el calendario gregoriano<\/em>. (Fuente:Wikipedia).<\/p>\n<p><span style=\"text-decoration: underline;\"><strong>Haab: El Calendario Civil de 365 d\u00edas<br \/>\n<\/strong><\/span><\/p>\n<p>Equivalente al a\u00f1o solar que usamos, el <em>&#8220;Haab<\/em>&#8221; est\u00e1 compuesto por 18 meses (llamados <em>Winal<\/em>) de 20 d\u00edas (=360 d\u00edas o Tun) y 5 d\u00edas adicionales aciagos, dormidos o nefastos, llamados <em>Wayhaab\u2019<\/em>, o <em>Awas Q\u2019ij<\/em>.<\/p>\n<p>Como coincidencia num\u00e9rica, los expertos se dieron cuenta que si sumamos estos 5 d\u00edas durante el transcurso de los 52 a\u00f1os del siglo maya, obtenemos un total de 260 d\u00edas, que nos remiten al total de d\u00edas del Calendario Sagrado.<\/p>\n<p>Aparte de las cuentas solares, a su vez ten\u00edan cuentas lunares de 29 d\u00edas y ciclos de 819 d\u00edas (seg\u00fan recientes estudios de epigraf\u00eda).<\/p>\n<h3>Kin, Uinal, Tun, Kat\u00fan y Bakt\u00fan:<\/h3>\n<p>La unidad b\u00e1sica de medici\u00f3n del pueblo maya era el kin o d\u00eda solar. Los m\u00faltiplos de esta unidad serv\u00edan para designar diferentes lapsos de tiempo como sigue:<\/p>\n<p><em><strong>Kin<\/strong><\/em> = 1 d\u00eda<br \/>\n<em><strong>Uinal<\/strong><\/em> = 20 d\u00edas = 20 kin<br \/>\n<em><strong>Tun<\/strong><\/em> = 360 d\u00edas = 18 Uinal<br \/>\n<em><strong>Kat\u00fan<\/strong><\/em> = 7,200 d\u00edas = 20 Tun o 360 Uinales<br \/>\n<em><strong>Bakt\u00fan<\/strong><\/em> = 144,000 = 7,200 Uinales, 400 Tunes o 20 Katunes.<\/p>\n<h3>La Rueda Calend\u00e1rica:<\/h3>\n<p>Los calendarios civil y sagrado vuelven a encontrarse cada <strong>52 a\u00f1os<\/strong> o ruedas del calendario civil (365 d\u00edas), que es equivalente a <strong>73 a\u00f1os<\/strong> o ruedas del calendario sagrado (260 d\u00edas). Este per\u00edodo es conocido como el ciclo de los mayas.<\/p>\n<h3>El fin del mundo puede esperar:<\/h3>\n<p>Este conocimiento de los antiguos mayas contrasta con las la <strong>presunta profec\u00eda maya del fin del mundo<\/strong> ya que para ellos<\/p>\n<p>el <em><strong>20 de diciembre de 2012 (fecha correspondiente al \u00faltimo d\u00eda del bakt\u00fan decimotercero, es decir, a la fecha 12.19.19.17.19) marcar\u00e1 el fin de un ciclo y el comienzo de otro.<\/strong><\/em><\/p>\n<p>&#8220;Cuando termina un ciclo, no significa que ya no haya nada despue\u0301s, sino que un punto de fin representa el inicio de un nuevo ciclo.&#8221;<\/p>\n<p>Adem\u00e1s, cabe mencionar que los mayas nunca usaron la palabra &#8220;fin&#8221; ya que no formaba parte de su lenguaje.<\/p>\n<h3>Enlaces de inter\u00e9s:<\/h3>\n<p><strong><a title=\"Ni\u00f1os mayas difunden su Patrimonio Cultural con orgullo \" href=\"http:\/\/www.travelbymexico.com\/blog\/11387-ninos-mayas-difunden-su-patrimonio-cultural-con-orgullo\" target=\"_blank\">Ni\u00f1os mayas difunden su Patrimonio Cultural con orgullo<\/a> <\/strong><\/p>\n<p><strong><a title=\"Zona Arqueol\u00f3gica de Palenque \" href=\"http:\/\/www.travelbymexico.com\/blog\/5239-zona-arqueologica-de-palenque\" target=\"_blank\">Zona Arqueol\u00f3gica de Palenque<\/a> <\/strong><\/p>\n<p><strong><a title=\"La Macro Ruta Maya: donde la leyenda cobra vida \" href=\"http:\/\/www.travelbymexico.com\/blog\/11419-la-macro-ruta-maya-donde-la-leyenda-cobra-vida\" target=\"_blank\">La Macro Ruta Maya: donde la leyenda cobra vida<\/a><\/strong><\/p>\n<p>&nbsp;<\/p>\n","protected":false},"excerpt":{"rendered":"<p>En el marco de la conferencia &#8220;Tres milenios escrutando el cielo, morada de dioses&#8221; que se llev\u00f3 a cabo en<\/p>\n","protected":false},"author":2,"featured_media":12275,"comment_status":"closed","ping_status":"closed","sticky":false,"template":"","format":"standard","meta":[],"categories":[4],"tags":[4198,4113,3024,2576,9796,108,3130,2187,3128,3127,3129,767,1367,2434,815,2188,3023,3018,2372,2721],"_links":{"self":[{"href":"https:\/\/www.travelbymexico.com\/blog\/wp-json\/wp\/v2\/posts\/12274"}],"collection":[{"href":"https:\/\/www.travelbymexico.com\/blog\/wp-json\/wp\/v2\/posts"}],"about":[{"href":"https:\/\/www.travelbymexico.com\/blog\/wp-json\/wp\/v2\/types\/post"}],"author":[{"embeddable":true,"href":"https:\/\/www.travelbymexico.com\/blog\/wp-json\/wp\/v2\/users\/2"}],"replies":[{"embeddable":true,"href":"https:\/\/www.travelbymexico.com\/blog\/wp-json\/wp\/v2\/comments?post=12274"}],"version-history":[{"count":5,"href":"https:\/\/www.travelbymexico.com\/blog\/wp-json\/wp\/v2\/posts\/12274\/revisions"}],"predecessor-version":[{"id":13420,"href":"https:\/\/www.travelbymexico.com\/blog\/wp-json\/wp\/v2\/posts\/12274\/revisions\/13420"}],"wp:featuredmedia":[{"embeddable":true,"href":"https:\/\/www.travelbymexico.com\/blog\/wp-json\/wp\/v2\/media\/12275"}],"wp:attachment":[{"href":"https:\/\/www.travelbymexico.com\/blog\/wp-json\/wp\/v2\/media?parent=12274"}],"wp:term":[{"taxonomy":"category","embeddable":true,"href":"https:\/\/www.travelbymexico.com\/blog\/wp-json\/wp\/v2\/categories?post=12274"},{"taxonomy":"post_tag","embeddable":true,"href":"https:\/\/www.travelbymexico.com\/blog\/wp-json\/wp\/v2\/tags?post=12274"}],"curies":[{"name":"wp","href":"https:\/\/api.w.org\/{rel}","templated":true}]}}