{"id":12230,"date":"2012-07-05T03:42:38","date_gmt":"2012-07-05T08:42:38","guid":{"rendered":"http:\/\/www.travelbymexico.com\/blog\/?p=12230"},"modified":"2012-07-05T03:44:17","modified_gmt":"2012-07-05T08:44:17","slug":"temporada-surrealista-ciclo-de-cine-del-museo-nacional-de-arte","status":"publish","type":"post","link":"https:\/\/www.travelbymexico.com\/blog\/12230-temporada-surrealista-ciclo-de-cine-del-museo-nacional-de-arte\/","title":{"rendered":"Temporada Surrealista, ciclo de cine del Museo Nacional de Arte"},"content":{"rendered":"<h2>Con motivo de la exposici\u00f3n &#8220;<a title=\"Museo Nacional de Arte de M\u00e9xico exhibe el Surrealismo de Europa y Latinoam\u00e9rica \" href=\"http:\/\/www.travelbymexico.com\/blog\/12144-munal-exhibe-el-surrealismo-de-europa-y-latinoamerica\" target=\"_blank\">Surrealismo. Vasos comunicantes<\/a>&#8221; que se inaugurar\u00e1 hoy 5 de julio de 2012, el Museo Nacional de Arte de la ciudad de M\u00e9xico presentar\u00e1 un <span style=\"text-decoration: underline;\">Ciclo de Cine<\/span> con obras de <span style=\"text-decoration: underline;\">Luis Bu\u00f1uel<\/span>, <span style=\"text-decoration: underline;\">Jean Cocteau<\/span> y <span style=\"text-decoration: underline;\">Man Ray<\/span>, entre otros.<\/h2>\n<p>La primera parte del Ciclo de Cine &#8220;Temporada Surrealista&#8221; del Museo Nacional de Arte (MUNAL) de la ciudad de M\u00e9xico, se llevar\u00e1 a cabo del 5 al 29 de julio de 2012 paralelamente a la exposici\u00f3n &#8220;Surrealismo. Vasos comunicantes&#8221;. Su cartelera, integrada por m\u00e1s de <strong>30 obras cinematogr\u00e1ficas<\/strong> de <strong>Luis Bu\u00f1uel<\/strong>, <strong>Jean Cocteau<\/strong>, <strong>Man Ray<\/strong>, <strong>Alain Resnais, Marcel Duchamp<\/strong>, <strong>Nicol\u00e1s Echevarr\u00eda<\/strong>, <strong>R\u00faben G\u00e1mez<\/strong>, <strong>Ren\u00e9 Clair<\/strong>, <strong>Fernand L\u00e9ger<\/strong>, <strong>Dudley Murphy<\/strong>, intentar\u00e1 desvelar qu\u00e9 es el surrealismo y su devenir en la historia del cine.<\/p>\n<h3>Ciclo de Cine: Primera &#8220;Temporada Surrealista&#8221; en el MUNAL:<\/h3>\n<p><em style=\"text-decoration: underline;\"><strong><\/strong><\/em><\/p>\n<p><span style=\"text-decoration: underline;\"><em><strong>En el\u00a0<strong>Auditorio Adolfo Best Maugard<\/strong> &#8211; Entrada gratuita al presentar el boleto de admisi\u00f3n al museo <\/strong><\/em><\/span><\/p>\n<h3>Jueves 05 de julio de 2012 a las 16:00 horas<\/h3>\n<p><strong>Inauguraci\u00f3n de la Temporada Surrealista<\/strong> (Primera Parte) por Javier Espada y Pablo Mart\u00ednez Z\u00e1rate.<\/p>\n<p><em><strong>Le retour \u00e0 la raison<\/strong><\/em> (1923) &#8211; Dir. Man Ray \u2028Francia, 3 minutos.<\/p>\n<p><em><strong>Ballet M\u00e9canique<\/strong><\/em> (1924) &#8211; Dir. Fernand L\u00e9ger\/Dudley Murphy<br \/>\nFrancia, 19 minutos.<\/p>\n<p><em><strong>Entr\u00b4acte<\/strong><\/em> (1924) &#8211; Dir. Ren\u00e9 Clair\u2028Francia, 22 minutos.<\/p>\n<p><em><strong>An\u00e9mic Cin\u00e9ma<\/strong><\/em> (1926) &#8211; Dir. Marcel Duchamp<br \/>\nFrancia &#8211; 7 minutos.<\/p>\n<p><em><strong>Emak-Bakia<\/strong><\/em> (1926) &#8211; Dir. Man Ray<br \/>\nFrancia, 18 minutos<\/p>\n<p><em><strong>Les Myst\u00e8res du ch\u00e2teau de D\u00e9<\/strong><\/em> (1929) &#8211; Dir. Man Ray<br \/>\nFrancia, 27 minutos.<\/p>\n<h3>S\u00e1bado 7 de julio de 2012 a las 16:00 horas<\/h3>\n<p><em><strong>Un chien andalou<\/strong> (<strong>Un perro andaluz<\/strong>)<\/em> (1929) Dir. Luis Bu\u00f1uel.<br \/>\nFrancia, 16 minutos.<\/p>\n<p><em><strong>L&#8217; \u00e2ge d\u00b4or<\/strong><\/em> (La edad de oro) (1930) &#8211; Dir. Luis Bu\u00f1uel<br \/>\nFrancia, 60 minutos.<\/p>\n<h3>Domingo 08 de julio de 2012 a las 16:00 horas<\/h3>\n<p><strong><em>Le sang d&#8217;un po\u00e8te<\/em><\/strong> (La sangre de un poeta) (1930)<br \/>\nDir.Jean Cocteau. Francia, 55 minutos.<\/p>\n<h3>S\u00e1bado 14 de julio de 2012 a las 16:00 horas<\/h3>\n<p><em><strong>Orph\u00e9e<\/strong><\/em> (Orfeo) (1950) &#8211; Dir. Jean Cocteau<br \/>\nFrancia, 95 minutos.<\/p>\n<h3>Domingo 15 de julio de 2012 a las 16:00 horas<\/h3>\n<p><em><strong>La f\u00f3rmula secreta<\/strong><\/em> (1965) &#8211; Dir. Rub\u00e9n G\u00e1mez<br \/>\nM\u00e9xico, 42 minutos.<\/p>\n<p><strong><em>Poetas campesinos<\/em><\/strong> (1980) &#8211; Dir. Nicol\u00e1s Echevarr\u00eda<br \/>\nM\u00e9xico, 49 minutos.<\/p>\n<h3>S\u00e1bado 21 de julio de 2012 a las 16:00 horas<\/h3>\n<p><strong><em>L&#8217; Ann\u00e9e derni\u00e8re \u00e0 Marienbad<\/em><\/strong> (El a\u00f1o pasado en Marienbad) (1961)<br \/>\nDir. Alain Resnais. Francia, 94 minutos.<\/p>\n<h3>Domingo 22 de julio de 2012 a las 16:00 horas<\/h3>\n<p><em><strong>Le charme discret de la bourgeoisie<\/strong><\/em> &#8211; Dir. Luis Bu\u00f1uel<br \/>\n(<em>El discreto encanto de la burgues\u00eda<\/em>) (1972)<br \/>\nFrancia, 102 minutos.<\/p>\n<h3>S\u00e1bado 28 de julio de 2012 a las 16:00 horas<\/h3>\n<p><em><strong>Le fant\u00f4me de la libert\u00e9<\/strong><\/em> &#8211; Dir. Luis Bu\u00f1uel<br \/>\n(El fantasma de la libertad) (1974)<br \/>\nFrancia, 104 minutos.<\/p>\n<h3>Domingo 29 de julio de 2012 a las 16:00 horas<\/h3>\n<p><em><strong>Cet obscur objet du d\u00e9sir<\/strong><\/em> &#8211; Dir. Luis Bu\u00f1uel<br \/>\n(Ese oscuro objeto del deseo) (1977)<br \/>\nFrancia, 102 minutos.<\/p>\n<p><span style=\"text-decoration: underline;\"><em><strong>Proyecciones: En el\u00a0<strong>Auditorio Adolfo Best Maugard<\/strong> &#8211; Entrada gratuita al presentar el boleto de admisi\u00f3n al museo <\/strong><\/em><\/span><\/p>\n<h3>Enlace de inter\u00e9s:<\/h3>\n<p><strong><a title=\"El MUNAL: rese\u00f1a, fotograf\u00edas y mapa de ubicaci\u00f3n interactivo\" href=\"http:\/\/www.travelbymexico.com\/ciudaddemexico\/atractivos\/index.php?nom=1309031001\" target=\"_blank\">El Museo Nacional de Arte de M\u00e9xico <\/a><\/strong>(El MUNAL: rese\u00f1a, fotograf\u00edas y mapa de ubicaci\u00f3n interactivo)<\/p>\n<p><strong><a title=\"Exposiciones en el Museo Nacional de Arte de M\u00e9xico\" href=\"http:\/\/www.travelbymexico.com\/blog\/tag\/munal\/\" target=\"_blank\">Ver m\u00e1s exposiciones del MUNAL <\/a><\/strong><\/p>\n<p><strong><a title=\"Museo Nacional de Arte de M\u00e9xico exhibe el Surrealismo de Europa y Latinoam\u00e9rica\" href=\"http:\/\/www.travelbymexico.com\/blog\/12144-munal-exhibe-el-surrealismo-de-europa-y-latinoamerica\" target=\"_blank\">&#8220;Surrealismo: Vasos comunicantes&#8221;, el MUNAL exhibe el Surrealismo de Europa y Latinoam\u00e9rica <\/a><\/strong><\/p>\n","protected":false},"excerpt":{"rendered":"<p>Con motivo de la exposici\u00f3n &#8220;Surrealismo. Vasos comunicantes&#8221; que se inaugurar\u00e1 hoy 5 de julio de 2012, el Museo Nacional<\/p>\n","protected":false},"author":2,"featured_media":12231,"comment_status":"closed","ping_status":"closed","sticky":false,"template":"","format":"standard","meta":[],"categories":[9],"tags":[97,1351,318,509,3096,3095,3097,1523,1524,2486],"_links":{"self":[{"href":"https:\/\/www.travelbymexico.com\/blog\/wp-json\/wp\/v2\/posts\/12230"}],"collection":[{"href":"https:\/\/www.travelbymexico.com\/blog\/wp-json\/wp\/v2\/posts"}],"about":[{"href":"https:\/\/www.travelbymexico.com\/blog\/wp-json\/wp\/v2\/types\/post"}],"author":[{"embeddable":true,"href":"https:\/\/www.travelbymexico.com\/blog\/wp-json\/wp\/v2\/users\/2"}],"replies":[{"embeddable":true,"href":"https:\/\/www.travelbymexico.com\/blog\/wp-json\/wp\/v2\/comments?post=12230"}],"version-history":[{"count":3,"href":"https:\/\/www.travelbymexico.com\/blog\/wp-json\/wp\/v2\/posts\/12230\/revisions"}],"predecessor-version":[{"id":12233,"href":"https:\/\/www.travelbymexico.com\/blog\/wp-json\/wp\/v2\/posts\/12230\/revisions\/12233"}],"wp:featuredmedia":[{"embeddable":true,"href":"https:\/\/www.travelbymexico.com\/blog\/wp-json\/wp\/v2\/media\/12231"}],"wp:attachment":[{"href":"https:\/\/www.travelbymexico.com\/blog\/wp-json\/wp\/v2\/media?parent=12230"}],"wp:term":[{"taxonomy":"category","embeddable":true,"href":"https:\/\/www.travelbymexico.com\/blog\/wp-json\/wp\/v2\/categories?post=12230"},{"taxonomy":"post_tag","embeddable":true,"href":"https:\/\/www.travelbymexico.com\/blog\/wp-json\/wp\/v2\/tags?post=12230"}],"curies":[{"name":"wp","href":"https:\/\/api.w.org\/{rel}","templated":true}]}}