{"id":12185,"date":"2012-06-29T00:26:09","date_gmt":"2012-06-29T05:26:09","guid":{"rendered":"http:\/\/www.travelbymexico.com\/blog\/?p=12185"},"modified":"2012-06-29T00:30:45","modified_gmt":"2012-06-29T05:30:45","slug":"empresario-y-politico-japoneses-condecorados-con-la-orden-del-aguila-azteca","status":"publish","type":"post","link":"https:\/\/www.travelbymexico.com\/blog\/12185-empresario-y-politico-japoneses-condecorados-con-la-orden-del-aguila-azteca\/","title":{"rendered":"Empresario y pol\u00edtico Japoneses condecorados con la Orden Mexicana del \u00c1guila Azteca"},"content":{"rendered":"<h2>La Orden Mexicana del \u00c1guila Azteca es la distinci\u00f3n que se otorga a extranjeros, con el objeto de reconocer los servicios prominentes prestados a la Naci\u00f3n Mexicana o a la humanidad, y para corresponder a las distinciones de que sean objeto los servidores p\u00fablicos mexicanos.<\/h2>\n<p>El pasado 26 de junio, <strong>Claude Heller Rouassant<\/strong> -Diplom\u00e1tico Mexicano y actual Representante Permanente de M\u00e9xico ante la Organizaci\u00f3n de las Naciones Unidas en Nueva York, en especial ante el Consejo de Seguridad de la ONU- entreg\u00f3 esta distincci\u00f3n a dos importantes personajes del \u00e1mbito pol\u00edtico, empresarial y cultural de Jap\u00f3n: el empresario y Presidente Honorario de <em>Nissan Motors<\/em> <strong>Itaru Koeda<\/strong> y el diputado <strong>Hidenao Nakagawa<\/strong>, destacados actores y promotores de las <span style=\"text-decoration: underline;\">relaciones bilaterales que unen a Jap\u00f3n y M\u00e9xico en una tradici\u00f3n de contactos y amistad que inici\u00f3 hace ya, m\u00e1s de 400 a\u00f1os<\/span>.<\/p>\n<p><strong><em>&#8220;En la ceremonia, el Embajador Claude Heller Rouassant expres\u00f3 su mayor reconocimiento al Diputado Nakagawa y al Se\u00f1or Koeda quienes bajo todas las circunstancias, siempre han cre\u00eddo en M\u00e9xico y han apostado a favor de la relaci\u00f3n bilateral como una de naturaleza estrat\u00e9gica y prioritaria.&#8221;<\/em><\/strong><\/p>\n<p>Asimismo, apunt\u00f3 que sus esfuerzos han contribuido a que ambos pa\u00edses mantengan hoy una relaci\u00f3n din\u00e1mica que mira al futuro y que busca aprovechar las nuevas oportunidades que se abren en la regi\u00f3n Asia-Pac\u00edfico.<\/p>\n<p><span style=\"text-decoration: underline;\"><strong>El Diputado Hidenao Nakagawa<\/strong><\/span>: Miembro del Partido Liberal Democr\u00e1tico de Jap\u00f3n (LDP), es tambi\u00e9n Presidente de la Federaci\u00f3n Parlamentaria de Amistad M\u00e9xico-Jap\u00f3n.<\/p>\n<p><span style=\"text-decoration: underline;\"><strong>El Se\u00f1or Itaru Koeda<\/strong><\/span>: Es Presidente del Comit\u00e9 Econ\u00f3mico M\u00e9xico-Jap\u00f3n de la Federaci\u00f3n de Negocios de Jap\u00f3n y Presidente Honorario de Nissan Motors.<\/p>\n<h3>Condecorar\u00e1n al Chef Rick Bayless y a Deborah Szekely:<\/h3>\n<p>El Gobierno de M\u00e9xico, por conducto del presidente Felipe Calder\u00f3n, otorgar\u00e1 la Condecoraci\u00f3n de la Orden Mexicana del \u00c1guila Azteca, <strong>en grado de Insignia<\/strong>, a:<\/p>\n<p><strong>Rick Bayless<\/strong>: reconocido Chef norteamericano e anfitri\u00f3n del programa &#8220;<strong>M\u00e9xico: One plate at a time<\/strong>&#8220;, &#8220;<em>por su importante labor en la promoci\u00f3n y difusi\u00f3n de una de las expresiones culturales de nuestro pa\u00eds m\u00e1s reconocidas a nivel internacional, como lo es la gastronom\u00eda nacional en general y la alta cocina mexicana en lo particular<\/em>&#8220;;<\/p>\n<p><strong>Deborah Szekely<\/strong>, fundadora del reconocido Spa \u201cRancho La Puerta\u201d ubicado en el municipio de Tecate, por las aportaciones hechas a nuestro pa\u00eds, entre las que sobresalen proyectos y trabajos a favor de la comunidad de Tecate, Baja California, orientados a la protecci\u00f3n y preservaci\u00f3n del patrimonio ambiental, social y cultural desde hace 70 a\u00f1os.<\/p>\n<p>La ceremonia se llevar\u00e1 a cabo en la ciudad de Washington, D.C., este mes de junio, al igual que se le entregar\u00e1 al acad\u00e9mico estadounidense <strong>Wayne Cornelius<\/strong>, por su labor de m\u00e1s de cinco d\u00e9cadas, para lograr un mayor y mejor entendimiento de M\u00e9xico en los Estados Unidos de Am\u00e9rica.<\/p>\n<h3>Recientes condecorados de La Orden del \u00c1guila Azteca:<\/h3>\n<p>El 19 de junio de 2012, en el marco de la <strong><a title=\"Cumbre de L\u00edderes G20, 18 y 19 de Junio 2012 en Los Cabos\" href=\"http:\/\/www.travelbymexico.com\/blog\/12107-finaliza-la-cumbre-del-g20-en-mexico-con-la-declaracion-de-los-cabos\" target=\"_blank\">Cumbre de L\u00edderes del G20<\/a><\/strong> que se llev\u00f3 a cabo en la ciudad de<strong> <a title=\"Reserva un hotel en Los Cabos, M\u00e9xico\" href=\"http:\/\/www.travelbymexico.com\/loscabos\/hoteles\" target=\"_blank\">Los Cabos<\/a><\/strong>, el presidente, Felipe Calder\u00f3n, impuso la Orden Mexicana del \u00c1guila Azteca a la Doctora Chan, al Doctor Pachauri, a Lord Stern y al Doctor Zoellick.<\/p>\n<h3>Art\u00edculos relacionados:<\/h3>\n<p><strong>\u00a0<a title=\"Cient\u00edfica mexicana recibi\u00f3 el Premio l\u2019Or\u00e9al-Unesco 2012 &quot;La Mujer y la Ciencia\u201d\" href=\"http:\/\/www.travelbymexico.com\/blog\/11530-cientifica-mexicana-recibio-el-premio-loreal-unesco-2012-la-mujer-y-la-ciencia\" target=\"_blank\">Cient\u00edfica mexicana recibi\u00f3 el Premio l\u2019Or\u00e9al-Unesco 2012 &#8220;La Mujer y la Ciencia\u201d<\/a><\/strong><\/p>\n<p><strong><a title=\"Neur\u00f3logo mexicano recibe el Premio Pr\u00edncipe de Asturias 2011  \" href=\"http:\/\/www.travelbymexico.com\/blog\/6176-neurologo-mexicano\" target=\"_blank\">Neur\u00f3logo mexicano recibe el Premio Pr\u00edncipe de Asturias 2011<\/a> \u00a0<\/strong><\/p>\n","protected":false},"excerpt":{"rendered":"<p>La Orden Mexicana del \u00c1guila Azteca es la distinci\u00f3n que se otorga a extranjeros, con el objeto de reconocer los<\/p>\n","protected":false},"author":2,"featured_media":12186,"comment_status":"closed","ping_status":"closed","sticky":false,"template":"","format":"standard","meta":[],"categories":[912],"tags":[3036,3038,3037,3034,3040,1487,478,518,3032,3033,1348,818,3039,925,3035,2285,1095,3041],"_links":{"self":[{"href":"https:\/\/www.travelbymexico.com\/blog\/wp-json\/wp\/v2\/posts\/12185"}],"collection":[{"href":"https:\/\/www.travelbymexico.com\/blog\/wp-json\/wp\/v2\/posts"}],"about":[{"href":"https:\/\/www.travelbymexico.com\/blog\/wp-json\/wp\/v2\/types\/post"}],"author":[{"embeddable":true,"href":"https:\/\/www.travelbymexico.com\/blog\/wp-json\/wp\/v2\/users\/2"}],"replies":[{"embeddable":true,"href":"https:\/\/www.travelbymexico.com\/blog\/wp-json\/wp\/v2\/comments?post=12185"}],"version-history":[{"count":4,"href":"https:\/\/www.travelbymexico.com\/blog\/wp-json\/wp\/v2\/posts\/12185\/revisions"}],"predecessor-version":[{"id":12189,"href":"https:\/\/www.travelbymexico.com\/blog\/wp-json\/wp\/v2\/posts\/12185\/revisions\/12189"}],"wp:featuredmedia":[{"embeddable":true,"href":"https:\/\/www.travelbymexico.com\/blog\/wp-json\/wp\/v2\/media\/12186"}],"wp:attachment":[{"href":"https:\/\/www.travelbymexico.com\/blog\/wp-json\/wp\/v2\/media?parent=12185"}],"wp:term":[{"taxonomy":"category","embeddable":true,"href":"https:\/\/www.travelbymexico.com\/blog\/wp-json\/wp\/v2\/categories?post=12185"},{"taxonomy":"post_tag","embeddable":true,"href":"https:\/\/www.travelbymexico.com\/blog\/wp-json\/wp\/v2\/tags?post=12185"}],"curies":[{"name":"wp","href":"https:\/\/api.w.org\/{rel}","templated":true}]}}