{"id":12139,"date":"2012-06-21T18:13:29","date_gmt":"2012-06-21T23:13:29","guid":{"rendered":"http:\/\/www.travelbymexico.com\/blog\/?p=12139"},"modified":"2012-06-21T18:13:29","modified_gmt":"2012-06-21T23:13:29","slug":"musica-danza-y-teatro-en-las-verbenas-culturales-queretaro-2012","status":"publish","type":"post","link":"https:\/\/www.travelbymexico.com\/blog\/12139-musica-danza-y-teatro-en-las-verbenas-culturales-queretaro-2012\/","title":{"rendered":"M\u00fasica, danza y teatro en las Verbenas Culturales Quer\u00e9taro 2012"},"content":{"rendered":"<h2>El Consejo Nacional para la Cultura y las Artes (CONACULTA) a trav\u00e9s del Instituto Queretano de la Cultura y las Artes te invitan a asistir el pr\u00f3ximo domingo 24 de junio al evento &#8220;Verbenas Culturales&#8221;, festival que se llevar\u00e1 a cabo en tres municipios del estado de Quer\u00e9taro: Pedro Escobedo, Amealco de Bonfil y San Joaqu\u00edn.<\/h2>\n<p>&#8220;Verbenas Culturales &#8220;para llenar las plazas de M\u00fasica, Danza, Teatro y Poes\u00eda, este domingo 24 de junio de 2012.<\/p>\n<h3>Programa de eventos Verbenas Culturales Quer\u00e9taro 2012<\/h3>\n<p><span style=\"text-decoration: underline;\"><strong>Verbenas Culturales en Pedro Escobedo:<\/strong><\/span><\/p>\n<p>19:00: <strong>Los Cantores<\/strong> (M\u00fasica)<br \/>\n20:00:<strong> Grupo Continental<\/strong> (M\u00fasica)<br \/>\n21:00: <strong>Tradici\u00f3n Serrana<\/strong> (Danza folkl\u00f3rica)<\/p>\n<p><span style=\"text-decoration: underline;\">Lugar:<\/span> <em>Jard\u00edn Reforma, Panamericana esq. Cuauht\u00e9moc, Col. Centro. Pedro Escobedo. Quer.\u00a0<\/em><\/p>\n<h3>Verbenas Culturales\u00a0en Amealco de Bonfil:<\/h3>\n<p>15:00: <strong>Alebrije Musical<\/strong> (M\u00fasica)<br \/>\n16:00: <strong>La Poes\u00eda a trav\u00e9s del tiempo<\/strong> (Poes\u00eda)<br \/>\n17:00: <strong>Tres siglos de M\u00fasica<\/strong> (M\u00fasica)<\/p>\n<p><span style=\"text-decoration: underline;\">Lugar:<\/span> <em>Plaza de la Constituci\u00f3n, Col. Centro. Amealco de Bonfil. Quer.<\/em><\/p>\n<h3>Verbenas Culturales en San Joaqu\u00edn:<\/h3>\n<p>14:00: <strong>Arcubus Efectum<\/strong> (Teatro)<br \/>\n15:00: <strong>Camerata Electroac\u00fastica de Santiago<\/strong> (M\u00fasica)<br \/>\n16:00: <strong>Jazz and Friends<\/strong> (M\u00fasica)<\/p>\n<p><span style=\"text-decoration: underline;\">Lugar<\/span>: <em>Plaza Galasi\u00f3n Camacho. San Joaqu\u00edn. Quer.<\/em><\/p>\n<h3>Enlaces de inter\u00e9s:<\/h3>\n<p><strong>Viaje en carro\u2026<\/strong><a title=\"Viaje en coche por la Rep\u00fablica Mexicana. C\u00e1lcula costos, rutas y distancias\" href=\"http:\/\/www.travelbymexico.com\/blog\/carreterasyrutas\" target=\"_blank\">C\u00e1lcula tu ruta aqu\u00ed<\/a>: Ingresa tu ciudad de origen y tu destino y descubre las Carreteras, rutas, costos y distancias entre las diferentes ciudades de M\u00e9xico. (DGDC Direcci\u00f3n General de Desarrollo Carretero).<\/p>\n<p><a title=\"Estado de Quer\u00e9taro: Datos geogr\u00e1ficos y listado de municipios\" href=\"http:\/\/mr.travelbymexico.com\/725-estado-de-queretaro\" target=\"_blank\">Estado de Quer\u00e9taro<\/a>: Informaci\u00f3n geogr\u00e1fica y listado de municipios del INEGI<\/p>\n","protected":false},"excerpt":{"rendered":"<p>El Consejo Nacional para la Cultura y las Artes (CONACULTA) a trav\u00e9s del Instituto Queretano de la Cultura y las<\/p>\n","protected":false},"author":2,"featured_media":12140,"comment_status":"closed","ping_status":"closed","sticky":false,"template":"","format":"standard","meta":[],"categories":[36],"tags":[2997,357,2994,400,2130,543,896,2995,2977,2998,2996,1163,2993],"_links":{"self":[{"href":"https:\/\/www.travelbymexico.com\/blog\/wp-json\/wp\/v2\/posts\/12139"}],"collection":[{"href":"https:\/\/www.travelbymexico.com\/blog\/wp-json\/wp\/v2\/posts"}],"about":[{"href":"https:\/\/www.travelbymexico.com\/blog\/wp-json\/wp\/v2\/types\/post"}],"author":[{"embeddable":true,"href":"https:\/\/www.travelbymexico.com\/blog\/wp-json\/wp\/v2\/users\/2"}],"replies":[{"embeddable":true,"href":"https:\/\/www.travelbymexico.com\/blog\/wp-json\/wp\/v2\/comments?post=12139"}],"version-history":[{"count":2,"href":"https:\/\/www.travelbymexico.com\/blog\/wp-json\/wp\/v2\/posts\/12139\/revisions"}],"predecessor-version":[{"id":12142,"href":"https:\/\/www.travelbymexico.com\/blog\/wp-json\/wp\/v2\/posts\/12139\/revisions\/12142"}],"wp:featuredmedia":[{"embeddable":true,"href":"https:\/\/www.travelbymexico.com\/blog\/wp-json\/wp\/v2\/media\/12140"}],"wp:attachment":[{"href":"https:\/\/www.travelbymexico.com\/blog\/wp-json\/wp\/v2\/media?parent=12139"}],"wp:term":[{"taxonomy":"category","embeddable":true,"href":"https:\/\/www.travelbymexico.com\/blog\/wp-json\/wp\/v2\/categories?post=12139"},{"taxonomy":"post_tag","embeddable":true,"href":"https:\/\/www.travelbymexico.com\/blog\/wp-json\/wp\/v2\/tags?post=12139"}],"curies":[{"name":"wp","href":"https:\/\/api.w.org\/{rel}","templated":true}]}}