{"id":12130,"date":"2012-06-20T23:01:25","date_gmt":"2012-06-21T04:01:25","guid":{"rendered":"http:\/\/www.travelbymexico.com\/blog\/?p=12130"},"modified":"2012-06-20T23:01:25","modified_gmt":"2012-06-21T04:01:25","slug":"ciclo-de-conferencias-la-tumba-de-pakal-a-60-anos-de-su-descubrimiento","status":"publish","type":"post","link":"https:\/\/www.travelbymexico.com\/blog\/12130-ciclo-de-conferencias-la-tumba-de-pakal-a-60-anos-de-su-descubrimiento\/","title":{"rendered":"Ciclo de conferencias: La Tumba de Pakal, a 60 a\u00f1os de su descubrimiento"},"content":{"rendered":"<h2>Considerado como el hallazgo arqueol\u00f3gico m\u00e1s revelante del siglo XX en Am\u00e9rica, el sepulcro del gobernante maya K\u2019inich Janaab\u2019 Pakal, &#8220;Escudo Ave-Janaab\u2019 de Rostro Solar&#8221;, ser\u00e1 el tema de un ciclo de conferencias que se llevar\u00e1 a cabo este jueves 21 en el Museo de Sitio de la <a title=\"Zona Arqueol\u00f3gica de Palenque en Chiapas\" href=\"http:\/\/www.travelbymexico.com\/blog\/5239-zona-arqueologica-de-palenque\" target=\"_blank\">zona arqueol\u00f3gica de Palenque<\/a> &#8220;Alberto Ruz Lhuillier&#8221;, para conmemorar los 60 a\u00f1os de su hallazgo el 15 de junio de 1952 por el arque\u00f3logo Alberto Ruz Lhuillier, al interior del Templo de las Inscripciones, en <a title=\"Reserva un hotel cerca de las ruinas arqueol\u00f3gicas de Palenque\" href=\"http:\/\/mr.travelbymexico.com\/palenque\" target=\"_blank\">Palenque<\/a>, Chiapas.<\/h2>\n<h3><span style=\"text-decoration: underline;\">Ponentes y temas:\u00a0<\/span><\/h3>\n<p>La investigaci\u00f3n arqueol\u00f3gica que llev\u00f3 a su hallazgo en 1952, el trabajo de conservaci\u00f3n de este complejo funerario, la fastuosa ofrenda encontrada en su interior y la historia escrita en los tableros del Templo de las Inscripciones, ser\u00e1n revisados por los especialistas Arnoldo Gonz\u00e1lez Cruz, Rogelio Rivero Chong, Benito Jes\u00fas Venegas Dur\u00e1n y Guillermo Bernal Romero.<\/p>\n<p><strong>Rogelio Rivero Chong<\/strong>, restaurador de la Coordinaci\u00f3n Nacional de Conservaci\u00f3n del Patrimonio Cultural del INAH, expondr\u00e1 la hist\u00f3rica maniobra realizada hace a\u00f1o y medio para <strong>volver a colocar la pesada l\u00e1pida \u2014de casi siete toneladas<\/strong>\u2014 sobre el sarc\u00f3fago del gobernante maya K\u2019inich Janaab\u2019 Pakal.<\/p>\n<p>El arque\u00f3logo <strong>Benito Jes\u00fas Venegas<\/strong> adelant\u00f3 que en su ponencia abordar\u00e1 detalles de la fastuosa ofrenda localizada al interior de la tumba de Pakal, y har\u00e1 una comparaci\u00f3n con otras criptas prehisp\u00e1nicas de Palenque, como la de la <strong><a title=\"La Reina Roja no era la madre de Pakal II\" href=\"http:\/\/www.travelbymexico.com\/blog\/10778-estudios-recientes-revelan-que-la-reina-roja-no-era-la-madre-de-pakal-ii\" target=\"_blank\">Reina Roja<\/a><\/strong>.<\/p>\n<p><strong>Arnoldo Gonz\u00e1lez Cruz<\/strong>, arque\u00f3logo del INAH, se referir\u00e1 a la investigaci\u00f3n arqueol\u00f3gica encabezada por del <strong>doctor Alberto Ruz Lhuillier<\/strong>, que llev\u00f3 al descubrimiento de la tumba de Pakal.<\/p>\n<p>Guillermo Bernal Romero, investigador de la UNAM, detallar\u00e1 sus m\u00e1s recientes estudios sobre el texto jerogl\u00edfico del <strong>Templo de las Inscripciones<\/strong> de Palenque.<\/p>\n<p><a class=\"galeria izquierda\" title=\"Reproducci\u00f3n a escala real de la tumba de Pakal II, en exhibici\u00f3n en el Museo de Sitio de Palenque\" href=\"http:\/\/www.travelbymexico.com\/blog\/imgBase\/2012\/06\/IMG_7612.jpg\"><img loading=\"lazy\" title=\"Reproducci\u00f3n a escala real de la tumba de Pakal II, en exhibici\u00f3n en el Museo de Sitio de Palenque\" src=\"http:\/\/www.travelbymexico.com\/blog\/imgBase\/2012\/06\/IMG_7612-320x240.jpg\" alt=\"\" width=\"320\" height=\"240\" \/><\/a><\/p>\n<h3>Reproducci\u00f3n a escala real de la Tumba de Pakal:<\/h3>\n<p>Desde el a\u00f1o de 2007, el Museo de Sitio de Palenque &#8220;Alberto Ruz\u00a0 Lhuillier&#8221; muestra una reproducci\u00f3n <strong>a escala real<\/strong> de la tumba del gobernante Pakal.<\/p>\n<p>El sarc\u00f3fago mide 3.0 por 2.10 metros y 1.10 metros de espesor.<\/p>\n<h3>Horario del ciclo de conferencias:<\/h3>\n<p>Esta actividad acad\u00e9mica organizada por el Instituto Nacional de Antropolog\u00eda e Historia (INAH-Conaculta), se realizar\u00e1:<\/p>\n<p><span style=\"text-decoration: underline;\"><strong>Jueves 21 de junio de 2012 a partir de las 17:00 horas.<\/strong><\/span><\/p>\n<p>En el <strong>Auditorio del Museo de Sitio &#8220;Alberto Ruz Lhuillier&#8221;<\/strong>, anexo a la Zona Arqueol\u00f3gica de Palenque, Chiapas. <span style=\"text-decoration: underline;\">Direcci\u00f3n<\/span>: Carretera Ramal-zona arqueol\u00f3gica km 6.5.<\/p>\n<h3>Art\u00edculos relacionados:<\/h3>\n<p><strong><a title=\"Estudios recientes muestran que la Reina Roja no era la madre de Pakal II\" href=\"http:\/\/www.travelbymexico.com\/blog\/10778-estudios-recientes-revelan-que-la-reina-roja-no-era-la-madre-de-pakal-ii\" target=\"_blank\">Estudios recientes revelan que la Reina Roja no era la madre de Pakal II <\/a><\/strong><\/p>\n<p><strong><a title=\"Rese\u00f1a de la zona arqueol\u00f3gica de Palenque\" href=\"http:\/\/www.travelbymexico.com\/blog\/5239-zona-arqueologica-de-palenque\" target=\"_blank\">Rese\u00f1a de la Zona Arqueol\u00f3gica de Palenque<\/a> <\/strong><\/p>\n<p><strong><a title=\"Reserva un hotel cerca de las ruinas arqueol\u00f3gicas de Palenque\" href=\"http:\/\/mr.travelbymexico.com\/palenque\" target=\"_blank\">Reserva tu hotel a unos pasos del Sitio Arqueol\u00f3gico de Palenque <\/a><\/strong><\/p>\n","protected":false},"excerpt":{"rendered":"<p>Considerado como el hallazgo arqueol\u00f3gico m\u00e1s revelante del siglo XX en Am\u00e9rica, el sepulcro del gobernante maya K\u2019inich Janaab\u2019 Pakal,<\/p>\n","protected":false},"author":2,"featured_media":12132,"comment_status":"closed","ping_status":"closed","sticky":false,"template":"","format":"standard","meta":[],"categories":[9],"tags":[69,297,363,1383,2986,851,2120,930,938,1089,2984,2985,1486,1298],"_links":{"self":[{"href":"https:\/\/www.travelbymexico.com\/blog\/wp-json\/wp\/v2\/posts\/12130"}],"collection":[{"href":"https:\/\/www.travelbymexico.com\/blog\/wp-json\/wp\/v2\/posts"}],"about":[{"href":"https:\/\/www.travelbymexico.com\/blog\/wp-json\/wp\/v2\/types\/post"}],"author":[{"embeddable":true,"href":"https:\/\/www.travelbymexico.com\/blog\/wp-json\/wp\/v2\/users\/2"}],"replies":[{"embeddable":true,"href":"https:\/\/www.travelbymexico.com\/blog\/wp-json\/wp\/v2\/comments?post=12130"}],"version-history":[{"count":1,"href":"https:\/\/www.travelbymexico.com\/blog\/wp-json\/wp\/v2\/posts\/12130\/revisions"}],"predecessor-version":[{"id":12134,"href":"https:\/\/www.travelbymexico.com\/blog\/wp-json\/wp\/v2\/posts\/12130\/revisions\/12134"}],"wp:featuredmedia":[{"embeddable":true,"href":"https:\/\/www.travelbymexico.com\/blog\/wp-json\/wp\/v2\/media\/12132"}],"wp:attachment":[{"href":"https:\/\/www.travelbymexico.com\/blog\/wp-json\/wp\/v2\/media?parent=12130"}],"wp:term":[{"taxonomy":"category","embeddable":true,"href":"https:\/\/www.travelbymexico.com\/blog\/wp-json\/wp\/v2\/categories?post=12130"},{"taxonomy":"post_tag","embeddable":true,"href":"https:\/\/www.travelbymexico.com\/blog\/wp-json\/wp\/v2\/tags?post=12130"}],"curies":[{"name":"wp","href":"https:\/\/api.w.org\/{rel}","templated":true}]}}