{"id":12107,"date":"2012-06-19T20:05:51","date_gmt":"2012-06-20T01:05:51","guid":{"rendered":"http:\/\/www.travelbymexico.com\/blog\/?p=12107"},"modified":"2012-12-11T21:33:25","modified_gmt":"2012-12-12T03:33:25","slug":"finaliza-la-cumbre-del-g20-en-mexico-con-la-declaracion-de-los-cabos","status":"publish","type":"post","link":"https:\/\/www.travelbymexico.com\/blog\/12107-finaliza-la-cumbre-del-g20-en-mexico-con-la-declaracion-de-los-cabos\/","title":{"rendered":"Finaliza la cumbre del G20 en M\u00e9xico con la Declaraci\u00f3n de Los Cabos"},"content":{"rendered":"<h2>Con la Declaraci\u00f3n de Los Cabos para el Crecimiento y el Empleo, finaliz\u00f3 hoy en la ciudad de Los Cabos, la VII Cumbre de L\u00edderes del G20, que presidi\u00f3 M\u00e9xico del 18 al 19 de junio de 2012 y que tuvo como marco la crisis econ\u00f3mica en la Zona Euro.<\/h2>\n<p><strong>La Cumbre del G20 termin\u00f3 hoy a las 16:30 horas locales, con la clausura y adopci\u00f3n de la llamada &#8220;Declaraci\u00f3n de Los Cabos para el Crecimiento y el Empleo&#8221;, que fue sometida por M\u00e9xico para consideraci\u00f3n del resto de los pa\u00edses miembros.<\/strong><\/p>\n<p>La cumbre concluy\u00f3 hoy convertida en &#8220;un \u00e9xito&#8221;, con acciones para enfrentar la crisis de la Eurozona y con un acuerdo para lograr la mayor capitalizaci\u00f3n en la historia del Fondo Monetario Internacional (FMI), por encima de los 450 mil millones de d\u00f3lares, afirm\u00f3 el presidente Felipe Calder\u00f3n en su discurso de clausura de la VII Cumbre de L\u00edderes del G20.<\/p>\n<h3>M\u00e9xico, sede de la Cumbre de L\u00edderes del G20<\/h3>\n<p>Firmemente comprometido con el \u00e9xito de la Cumbre en lo que respecta a los acuerdos alcanzados y el impacto positivo que tendr\u00e1 en la econom\u00eda mundial, <strong>M\u00e9xico<\/strong> asumi\u00f3 la presidencia anual del G-20 que se llev\u00f3 a cabo los d\u00edas 18 y 19 de junio de 2012 en la ciudad de<strong> <a title=\"Gu\u00eda de hoteles en Los Cabos, estado de Baja California Sur, M\u00e9xico\" href=\"http:\/\/www.travelbymexico.com\/loscabos\/hoteles\/index.php\" target=\"_blank\">Los Cabos<\/a><\/strong>, en el Estado de Baja California Sur, y confirm\u00f3 que<strong> adem\u00e1s de ser un pa\u00eds emergente, es un actor responsable e influyente, tanto a nivel regional y mundial<\/strong>.<\/p>\n<p><span style=\"text-decoration: underline;\"><strong>Durante el G20 M\u00e9xico ha establecido las siguientes prioridades:<\/strong><\/span><\/p>\n<p>&#8211; La estabilizaci\u00f3n econ\u00f3mica y las reformas estructurales como bases para el crecimiento y el empleo.<br \/>\n&#8211; Fortalecimiento del sistema financiero y promover la inclusi\u00f3n financiera para promover el crecimiento econ\u00f3mico.<br \/>\n&#8211; La mejora de la arquitectura financiera internacional en un mundo interconectado.<br \/>\n&#8211; Mejorar la seguridad alimentaria y hacer frente a la volatilidad de los precios.<br \/>\n&#8211; Promover el desarrollo sostenible, el crecimiento verde y la lucha contra el cambio clim\u00e1tico.<\/p>\n<h3>\u00bfQu\u00e9 es el G20?<\/h3>\n<p>El Grupo de los Veinte, o G-20, <strong>es el principal foro para la cooperaci\u00f3n internacional<\/strong> en los aspectos m\u00e1s importantes de la agenda econ\u00f3mica y financiera internacional. Incluye tanto a pa\u00edses desarrollados como pa\u00edses emergentes y en desarrollo y re\u00fane a los Jefes de Estado, Ministros de Finanzas y Gobernadores de los Bancos Centrales de cada naci\u00f3n.<\/p>\n<p><strong>Otros organismos invitados en participar en el G20:<\/strong><br \/>\nOrganismos Internacionales como el Banco Central Europeo, el Fondo Monetario Internacional, el Banco Mundial, representantes del Consejo de Estabilidad Financiera, la Organizaci\u00f3n de la Naciones Unidas (ONU), las autoridades monetarias y econ\u00f3micas de la Uni\u00f3n Europea, la Organizaci\u00f3n para la Cooperaci\u00f3n y Desarrollo Econ\u00f3mico, la Organizaci\u00f3n Internacional del Trabajo y la Organizaci\u00f3n Mundial para el Comercio.<\/p>\n<p><a class=\"galeria izquierda\" title=\"Paises del G20 Junio 2012 en Los Cabos, M\u00e9xico. \u00a9 sre.gob.mx Secretar\u00eda de Relaciones Exteriores de M\u00e9xico\" href=\"http:\/\/www.travelbymexico.com\/blog\/imgBase\/2012\/06\/Paises-del-G20-Junio-2012.jpg\"><img loading=\"lazy\" title=\"Paises del G20 Junio 2012 en Los Cabos, M\u00e9xico. \u00a9 sre.gob.mx Secretar\u00eda de Relaciones Exteriores de M\u00e9xico\" src=\"http:\/\/www.travelbymexico.com\/blog\/imgBase\/2012\/06\/Paises-del-G20-Junio-2012-150x150.jpg\" alt=\"\" width=\"150\" height=\"150\" \/><\/a><\/p>\n<h3>Pa\u00edses Miembros del G20 <strong><\/strong><\/h3>\n<p><strong>El G-20 incluye 19 pa\u00edses miembros y la Uni\u00f3n Europea,<\/strong> que en conjunto representan alrededor del 90% del PIB mundial, el 80% del comercio global y dos tercios de la poblaci\u00f3n mundial.<\/p>\n<p>Canad\u00e1, Estados Unidos, M\u00e9xico, <strong>*<\/strong>Colombia, Brasil, <strong>*<\/strong>Chile, Argentina, Uni\u00f3n Europea, Reino Unido, Alemania, Francia, Espa\u00f1a, Italia, Turqu\u00eda, Arabia Saudita, <strong>*<\/strong>Ben\u00edn, Sud\u00e1frica, Rusia, India, Rep\u00fablica de Corea, China,<strong> *<\/strong>Camboya, Jap\u00f3n, Indonesia y Australia.<\/p>\n<h3>Pa\u00edses invitados por M\u00e9xico:<\/h3>\n<p>*Cada a\u00f1o, cuatro pa\u00edses son invitados a participar en el G20, adem\u00e1s de Espa\u00f1a que es invitado permanente.Este a\u00f1o, las naciones que han sido invitadas por M\u00e9xico son: Ben\u00edn, Camboya, Chile y Colombia.<\/p>\n<h3>Los objetivos del G-20 son los siguientes:<\/h3>\n<p>&#8211; Coordinaci\u00f3n de pol\u00edticas entre sus miembros con el fin de lograr la estabilidad econ\u00f3mica mundial, el crecimiento sostenible;<br \/>\n&#8211; Promover las regulaciones financieras que reduzcan los riesgos y prevenir futuras crisis financieras;<br \/>\n&#8211; Crear una nueva arquitectura financiera internacional.<\/p>\n<h3>Art\u00edculo relacionado:<\/h3>\n<p><strong><a title=\"Puerto Vallarta, sede del 7\u00ba Foro Econ\u00f3mico Mundial sobre Am\u00e9rica Latina 2012\" href=\"http:\/\/www.travelbymexico.com\/blog\/11627-puerto-vallarta-sede-del-7o-foro-economico-mundial-sobre-america-latina-2012\/\" target=\"_blank\">Puerto Vallarta, sede del 7\u00ba Foro Econ\u00f3mico Mundial sobre Am\u00e9rica Latina 2012<br \/>\n<\/a><\/strong><\/p>\n<h3>\u00a0Enlace de inter\u00e9s:<\/h3>\n<p><strong><a title=\"Reserva tu hotel en Los Cabos, estado de Baja California Sur, M\u00e9xico\" href=\"http:\/\/www.travelbymexico.com\/loscabos\/hoteles\/index.php\" target=\"_blank\">Reserva un hotel en la ciudad de Los Cabos, Baja California Sur, M\u00e9xico<\/a><\/strong><\/p>\n<p>&nbsp;<\/p>\n","protected":false},"excerpt":{"rendered":"<p>Con la Declaraci\u00f3n de Los Cabos para el Crecimiento y el Empleo, finaliz\u00f3 hoy en la ciudad de Los Cabos,<\/p>\n","protected":false},"author":2,"featured_media":12108,"comment_status":"closed","ping_status":"closed","sticky":false,"template":"","format":"standard","meta":[],"categories":[912],"tags":[2969,1388,1390,518,2970,1928,2968,765],"_links":{"self":[{"href":"https:\/\/www.travelbymexico.com\/blog\/wp-json\/wp\/v2\/posts\/12107"}],"collection":[{"href":"https:\/\/www.travelbymexico.com\/blog\/wp-json\/wp\/v2\/posts"}],"about":[{"href":"https:\/\/www.travelbymexico.com\/blog\/wp-json\/wp\/v2\/types\/post"}],"author":[{"embeddable":true,"href":"https:\/\/www.travelbymexico.com\/blog\/wp-json\/wp\/v2\/users\/2"}],"replies":[{"embeddable":true,"href":"https:\/\/www.travelbymexico.com\/blog\/wp-json\/wp\/v2\/comments?post=12107"}],"version-history":[{"count":7,"href":"https:\/\/www.travelbymexico.com\/blog\/wp-json\/wp\/v2\/posts\/12107\/revisions"}],"predecessor-version":[{"id":12114,"href":"https:\/\/www.travelbymexico.com\/blog\/wp-json\/wp\/v2\/posts\/12107\/revisions\/12114"}],"wp:featuredmedia":[{"embeddable":true,"href":"https:\/\/www.travelbymexico.com\/blog\/wp-json\/wp\/v2\/media\/12108"}],"wp:attachment":[{"href":"https:\/\/www.travelbymexico.com\/blog\/wp-json\/wp\/v2\/media?parent=12107"}],"wp:term":[{"taxonomy":"category","embeddable":true,"href":"https:\/\/www.travelbymexico.com\/blog\/wp-json\/wp\/v2\/categories?post=12107"},{"taxonomy":"post_tag","embeddable":true,"href":"https:\/\/www.travelbymexico.com\/blog\/wp-json\/wp\/v2\/tags?post=12107"}],"curies":[{"name":"wp","href":"https:\/\/api.w.org\/{rel}","templated":true}]}}