{"id":12067,"date":"2012-06-18T10:30:51","date_gmt":"2012-06-18T15:30:51","guid":{"rendered":"http:\/\/www.travelbymexico.com\/blog\/?p=12067"},"modified":"2012-06-14T00:27:12","modified_gmt":"2012-06-14T05:27:12","slug":"estreno-mundial-en-mexico-de-a-muse-ultima-creacion-de-les-7-doigts-de-la-main","status":"publish","type":"post","link":"https:\/\/www.travelbymexico.com\/blog\/12067-estreno-mundial-en-mexico-de-a-muse-ultima-creacion-de-les-7-doigts-de-la-main\/","title":{"rendered":"Estreno mundial en M\u00e9xico de A Muse, \u00faltima creaci\u00f3n de Les 7 doigts de la main"},"content":{"rendered":"<h2>En julio y agosto del presente a\u00f1o, el Auditorio Nacional de la Ciudad de <a title=\"Reserva tu hotel en la ciudad de M\u00e9xico\" href=\"http:\/\/www.travelbymexico.com\/ciudaddemexico\/hoteles\" target=\"_blank\">M\u00e9xico<\/a> y el Centro Banamex de la Ciudad de <a title=\"Reserva tu hotel en la ciudad de Monterrey\" href=\"http:\/\/www.travelbymexico.com\/monterrey\/hoteles\" target=\"_blank\">Monterrey<\/a> ser\u00e1n las sedes del estreno mundial de &#8220;A Muse. Donde reina la imaginaci\u00f3n&#8221;, sensacional espect\u00e1culo acrob\u00e1tico y \u00faltima creaci\u00f3n de la renombrada tropa Canadiense &#8220;Les 7 doigts de la main&#8221;.<\/h2>\n<h3>&#8220;A Muse&#8221;, o cuando la imaginaci\u00f3n da a luz a un circo, emocionante y hermoso:<\/h3>\n<p>Vista por 5 millones de televidentes en 2011 en el concurso de talentos America&#8217;s got talent donde present\u00f3 su espect\u00e1culo &#8220;The Traces&#8221;, <em><strong>Les 7 doigts de la main<\/strong><\/em> (<span style=\"text-decoration: underline;\">los 7 dedos de la mano<\/span>) es una compa\u00f1\u00eda de <strong>circo contempor\u00e1neo<\/strong> fundada en Montr\u00e9al, Canad\u00e1, en 2002 por siete artistas de circo que trabajaron para el Cirque du Soleil. Insignia de las artes en Montreal, esta original, din\u00e1mica y talentosa tropa de saltimbanqui modernos llega a nuestro pa\u00eds para estrenar en las ciudades de M\u00e9xico y Monterrey\u00a0<em><strong> &#8220;A Muse. Donde reina la imaginaci\u00f3n&#8221;<\/strong><\/em>, sensacional espect\u00e1culo acrob\u00e1tico que, con <strong>23 artistas<\/strong> en el escenario, rinde homenaje a la imaginaci\u00f3n de los ni\u00f1os; esta creatividad sin l\u00edmites que los adultos tienden a perder, pero renace aqu\u00ed en la pista del circo de Les 7 doigts de la main.<\/p>\n<p><a class=\"galeria izquierda\" title=\"Estreno mundial en M\u00e9xico de la obra A Muse. Julio y agosto 2012 en M\u00e9xico y Monterrey\" href=\"http:\/\/www.travelbymexico.com\/blog\/imgBase\/2012\/06\/A-Muse-26-de-julio-2012-Auditorio-Nacional.jpg\"><img loading=\"lazy\" title=\"Estreno mundial en M\u00e9xico de la obra A Muse. Julio y agosto 2012 en M\u00e9xico y Monterrey\" src=\"http:\/\/www.travelbymexico.com\/blog\/imgBase\/2012\/06\/A-Muse-26-de-julio-2012-Auditorio-Nacional-320x240.jpg\" alt=\"\" width=\"320\" height=\"240\" \/><\/a><\/p>\n<h3>Sinopsis de\u00a0 la obra &#8220;A Muse. Donde reina la imaginaci\u00f3n&#8221;<\/h3>\n<p>La vida de un hombre desilusionado y amargado toma un nuevo giro cuando de repente se encuentra en la direcci\u00f3n de un circo. Tan pronto como empieza a acostumbrarse a esta funci\u00f3n es cuando una chica quiere, tambi\u00e9n, unirse al espect\u00e1culo.<\/p>\n<h3>Les 7 doigts de la main en los Juegos Ol\u00edmpicos y el Festival Cervantino<\/h3>\n<p>Compa\u00f1\u00eda que abri\u00f3 y apag\u00f3 el <strong>fuego de los Ol\u00edmpicos Invernales<\/strong> en Tur\u00edn (2006) y Vancouver (2010), <em>Les 7 doigts de la main<\/em> particip\u00f3 al <a title=\"Festival Cervantino 2010 Programa del 26 de octubre\" href=\"http:\/\/www.travelbymexico.com\/blog\/4534-programa-de-eventos-del-26-de-octubre-festival-cervantino-2010\/\" target=\"_blank\">Festival Cervantino 2012 <\/a>que se lleva cada a\u00f1o en la ciudad de Guanajuato.<\/p>\n<h3>Los &#8220;7 dedos&#8221; o cofundadores:<\/h3>\n<p><span style=\"text-decoration: underline;\">Dirigidos por Nassib El-husseini, los siete cofundadores de esta compa\u00f1\u00eda son:<\/span> Shana Carroll, Isabelle Chass\u00e9, Patrick L\u00e9onard, Gypsy Snider, S\u00e9bastien Soldevila, Samuel T\u00e9treault, Faon Shane.<\/p>\n<h3>Artistas del espect\u00e1culo &#8220;A Muse&#8221;:<\/h3>\n<p>Laska L\u00e9onard \/ Marina Ar\u00f3stegui, Sabrina Aganier, Mohamed Bouseta, Alma Theresa Buholzer, Francis Caron, Joris De Jong, Danica Gagnon-Plamondon, Maxime Girard, Andrey Koltsov,<br \/>\nOlga Kosova, Didier Lemire, Kenneth Lindemann, Evertjan Mercier, Alana Moggridge, Hugo No\u00ebl, Zinzi Oegema, Tom Proneur-Orsini, Lysanne Richard, Fletcher Sanchez, Roberto Sierra, Julien Silliau, Jose Ram\u00f3n Solano Cruz.<\/p>\n<h3>&#8220;A muse&#8221;\u00a0en el <span style=\"text-decoration: underline;\">Auditorio Banamex<\/span> de la ciudad de <span style=\"text-decoration: underline;\">Monterrey<\/span><\/h3>\n<p><em>Privada Fundidora s\/n Col. Obrera, Monterrey,\u00a0 NL.\u00a0\u00a0\u00a0<\/em><\/p>\n<p><span style=\"text-decoration: underline;\"><strong>Boletos:<\/strong><\/span> Entre $150 y $550 pesos.<\/p>\n<p>Domingo 15 de julio &#8211; 12:00 horas<br \/>\nMartes 17 de julio de 2012 &#8211; 18:00 horas<br \/>\nMi\u00e9rcoles 18 de julio de 2012 &#8211; 18:00 horas<br \/>\nJueves 19 de julio de 2012 &#8211; 18:00 horas<br \/>\nViernes 20 de julio de 2012 &#8211; 18:00 horas<br \/>\nS\u00e1bado 21 de julio de 2012 &#8211; 12:00 horas<\/p>\n<h3>&#8220;A Muse&#8221; en el <span style=\"text-decoration: underline;\">Auditorio Nacional<\/span> de la <span style=\"text-decoration: underline;\">ciudad de M\u00e9xico<\/span>, D.F.<\/h3>\n<p><em>Paseo de la Reforma No. 50-Bosque de Chapultepec., Del. Miguel Hidalgo,\u00a0 M\u00e9xico, D.F.<\/em><\/p>\n<p><span style=\"text-decoration: underline;\"><strong>Boletos<\/strong><\/span>: Preferente: $550, Luneta: $450, Balc\u00f3n: $350, Primer piso: $250 pesos.<\/p>\n<p>Jueves 26 de julio de 2012 &#8211; 19:00 horas<br \/>\nViernes 27 de julio de 2012 &#8211; 18:00 horas<br \/>\nS\u00e1bado 28 de julio de 2012 &#8211; 12:00 horas<strong><span style=\"text-decoration: underline;\"> y<\/span><\/strong> 17:00 horas<br \/>\nDomingo 29 de julio de 2012 &#8211; 12:00 horas<span style=\"text-decoration: underline;\"><strong> y<\/strong><\/span> 17:00 horas<br \/>\nMartes 31 de julio de 2012 &#8211; 18:00 horas<\/p>\n<p>Mi\u00e9rcoles 1 de agosto de 2012 &#8211; 18:00 horas<br \/>\nJueves 2 de agosto de 2012 &#8211; 12:00 horas <span style=\"text-decoration: underline;\"><strong>y<\/strong><\/span> 17:00 horas<br \/>\nViernes 3 de agosto de 2012 &#8211; 12:00 horas <strong><span style=\"text-decoration: underline;\">y<\/span><\/strong> 17:00 horas<br \/>\nS\u00e1bado 4 de agosto de 2012 &#8211; 12:00 horas <strong><span style=\"text-decoration: underline;\">y<\/span><\/strong> 17:00 horas<br \/>\nDomingo 5 de agosto de 2012 &#8211; 12:00 horas <strong><span style=\"text-decoration: underline;\">y<\/span><\/strong> 17:00 hora.<\/p>\n<h3>Enlaces de inter\u00e9s:<\/h3>\n<p><strong><a title=\"Eventos y conciertos en el Auditorio Nacional de M\u00e9xico, a\u00f1o 2012\" href=\"http:\/\/www.travelbymexico.com\/blog\/tag\/auditorio-nacional\" target=\"_blank\">Eventos y conciertos en el Auditorio Nacional de la ciudad de M\u00e9xico <\/a>(2012)<\/strong><\/p>\n<p><strong><a title=\"Reserva tu hotel en la ciudad de M\u00e9xico\" href=\"http:\/\/www.travelbymexico.com\/ciudaddemexico\/hoteles\" target=\"_blank\">Reserva tu hotel en la ciudad de M\u00e9xico <\/a><\/strong><\/p>\n<p><strong><a title=\"Reserva tu hotel en la ciudad de Monterrey\" href=\"http:\/\/www.travelbymexico.com\/monterrey\/hoteles\" target=\"_blank\">Reserva tu hotel en la ciudad de Monterrey <\/a><\/strong><\/p>\n<p>&nbsp;<\/p>\n","protected":false},"excerpt":{"rendered":"<p>En julio y agosto del presente a\u00f1o, el Auditorio Nacional de la Ciudad de M\u00e9xico y el Centro Banamex de<\/p>\n","protected":false},"author":2,"featured_media":12068,"comment_status":"closed","ping_status":"closed","sticky":false,"template":"","format":"standard","meta":[],"categories":[36,912],"tags":[2932,2934,2153,2045,114,198,1874,318,2740,466,2935,834,1163],"_links":{"self":[{"href":"https:\/\/www.travelbymexico.com\/blog\/wp-json\/wp\/v2\/posts\/12067"}],"collection":[{"href":"https:\/\/www.travelbymexico.com\/blog\/wp-json\/wp\/v2\/posts"}],"about":[{"href":"https:\/\/www.travelbymexico.com\/blog\/wp-json\/wp\/v2\/types\/post"}],"author":[{"embeddable":true,"href":"https:\/\/www.travelbymexico.com\/blog\/wp-json\/wp\/v2\/users\/2"}],"replies":[{"embeddable":true,"href":"https:\/\/www.travelbymexico.com\/blog\/wp-json\/wp\/v2\/comments?post=12067"}],"version-history":[{"count":6,"href":"https:\/\/www.travelbymexico.com\/blog\/wp-json\/wp\/v2\/posts\/12067\/revisions"}],"predecessor-version":[{"id":12071,"href":"https:\/\/www.travelbymexico.com\/blog\/wp-json\/wp\/v2\/posts\/12067\/revisions\/12071"}],"wp:featuredmedia":[{"embeddable":true,"href":"https:\/\/www.travelbymexico.com\/blog\/wp-json\/wp\/v2\/media\/12068"}],"wp:attachment":[{"href":"https:\/\/www.travelbymexico.com\/blog\/wp-json\/wp\/v2\/media?parent=12067"}],"wp:term":[{"taxonomy":"category","embeddable":true,"href":"https:\/\/www.travelbymexico.com\/blog\/wp-json\/wp\/v2\/categories?post=12067"},{"taxonomy":"post_tag","embeddable":true,"href":"https:\/\/www.travelbymexico.com\/blog\/wp-json\/wp\/v2\/tags?post=12067"}],"curies":[{"name":"wp","href":"https:\/\/api.w.org\/{rel}","templated":true}]}}