{"id":12008,"date":"2012-06-06T10:43:47","date_gmt":"2012-06-06T15:43:47","guid":{"rendered":"http:\/\/www.travelbymexico.com\/blog\/?p=12008"},"modified":"2012-06-06T00:01:13","modified_gmt":"2012-06-06T05:01:13","slug":"retrospectiva-richard-meier-en-el-museo-de-arte-carrillo-gil","status":"publish","type":"post","link":"https:\/\/www.travelbymexico.com\/blog\/12008-retrospectiva-richard-meier-en-el-museo-de-arte-carrillo-gil\/","title":{"rendered":"Retrospectiva Richard Meier en el Museo de Arte Carrillo Gil"},"content":{"rendered":"<h2>El Instituto Nacional de Bellas Artes (INBA) trae por primera vez a la Ciudad de M\u00e9xico el trabajo del arquitecto estadounidense Richard Meier. Del <span style=\"text-decoration: underline;\">6 de Junio al 26 de Agosto de 2012<\/span>, el Museo de Arte Carrillo Gil (MACG) ser\u00e1 la sede de &#8220;Retrospectiva&#8221;, exposici\u00f3n que conmemora los casi 50 a\u00f1os de carrera del artista.<\/h2>\n<p>La muestra &#8220;Retrospectiva&#8221; est\u00e1 organizada por <em>Richard Meier &amp; Partners Arquitecs<\/em> y el <em>Museo de Arte Contempor\u00e1neo de Monterrey<\/em> (MARCO), quienes en esta exposici\u00f3n celebran la trayectoria y la contribuci\u00f3n de Meier en el campo de la arquitectura y el dise\u00f1o con la compilaci\u00f3n de los proyectos m\u00e1s importantes de su carrera, dentro de la cual se encuentran 15 maquetas, bocetos originales de los proyectos, renders y fotograf\u00edas.<\/p>\n<h3>Un estilo inconfundible:<\/h3>\n<p>La habilidad de Meier de elevar el acomodamiento y las funciones de un espacio, lo lleva a resaltar cada una de las superficies a trav\u00e9s del manejo del espacio, las formas, los colores y las texturas.<br \/>\nUna de las tareas que se ha designado el propio arquitecto, es conceder la misma importancia a la claridad de l\u00edneas, a la armon\u00eda, a los espacios y la luz en cada uno de sus proyectos, creando espacios armoniosos y ambientes que aporten el acceso a los ideales de quienes los visiten; todo esto a partir de una arquitectura que entrelace las plazas urbanas, las calles y los parques, pues son cada uno de ellos la m\u00e1xima expresi\u00f3n de urbanidad.<\/p>\n<h3>Algunas de las obras que se proyectan en Retrospectiva son:<\/h3>\n<p>La casa Smith en Connecticut (1965-1967),<br \/>\nEl Getty Center en Los \u00c1ngeles (1984-1997),<br \/>\nEl Neugebauer House en Florida (1995-1998),<br \/>\nEl Arp Museum de Alemania (2002-2007),<br \/>\nel High Museum of Art(1980-1983)<br \/>\ny, El Ara Pacis Museum en Roma (1996-2006).<\/p>\n<h3>Proyectos hoteleros de Richard Meier en el D.F. y la Riviera Maya<\/h3>\n<p>Recientemente, Richard Meier dise\u00f1\u00f3 dos proyectos que tomar\u00e1n lugar en la ciudad de M\u00e9xico y la Riviera Maya y marcar\u00e1n su &#8220;d\u00e9but&#8221; en la industria hotelera de Am\u00e9rica Latina:<\/p>\n<p>El <strong>Hotel W Santa Fe<\/strong> y la <strong>Liberty Plaza<\/strong> en la <a title=\"Gu\u00eda tur\u00edstica de la ciudad de M\u00e9xico\" href=\"http:\/\/www.travelbymexico.com\/ciudaddemexico\" target=\"_blank\">Ciudad de M\u00e9xico<\/a>: conjunto de usos mixtos (hotel de 132 cuartos, oficinas, comercios y otros servicios) integrado por tres torres di\u00e1fanas de 15 pisos, que ser\u00e1 edificado en Santa Fe. La obra iniciar\u00e1 a mediados de 2012 y terminar\u00e1 en 2014.<\/p>\n<p><a class=\"galeria izquierda\" title=\"Hotel W Retreat Kanai, proyecto de Richard Meier en la Riviera Maya\" href=\"http:\/\/www.travelbymexico.com\/blog\/imgBase\/2012\/06\/Richard-Meier-proyecto-hotelero-en-Riviera-Maya.jpg\"><img loading=\"lazy\" title=\"Hotel W Retreat Kanai, proyecto de Richard Meier en la Riviera Maya\" src=\"http:\/\/www.travelbymexico.com\/blog\/imgBase\/2012\/06\/Richard-Meier-proyecto-hotelero-en-Riviera-Maya-320x240.jpg\" alt=\"\" width=\"320\" height=\"240\" \/><\/a><\/p>\n<p>El <strong>Hotel W Retreat Kanai<\/strong> en la <a title=\"Video promocional de la Riviera Maya\" href=\"http:\/\/www.travelbymexico.com\/playadelcarmen\/video\/index.php?nom=WSbcanriviera&amp;don=0\" target=\"_blank\">Riviera Maya<\/a>: hotel de 180 habitaciones repartidas en 183 hect\u00e1reas de exuberantes manglares y playas v\u00edrgenes. Fecha de finalizaci\u00f3n prevista para 2013.<\/p>\n<h3>Richard Meier ha sido merecedor de prestigiados galardones como:<\/h3>\n<p>El <strong>premio Pritzker<\/strong> en 1984 (m\u00e1ximo reconocimiento internacional de aquitectura),<br \/>\nLa <strong>medalla de Oro del Instituto Americano de Arquitectos<\/strong> en 1997 (m\u00e1ximo galard\u00f3n estadounidense en arquitectura).<\/p>\n<h3>Horario, costo y direcci\u00f3n:<\/h3>\n<p><span style=\"text-decoration: underline;\"><strong>Museo de Arte Carrillo Gil<\/strong><\/span>: Av. Revoluci\u00f3n No.1608, esquina Altavista, Col. San Angel,<br \/>\nM\u00e9xico D.F.. Tel\u00e9fonos: (55) 55 50 62 60 \/ 55 50 39 83<br \/>\n<span style=\"text-decoration: underline;\"><strong>Horarios<\/strong><\/span>: de martes a domingos de 10:00 a las 18:00 horas<\/p>\n<p><span style=\"text-decoration: underline;\"><strong>Admisi\u00f3n general<\/strong><\/span>: $19.00 pesos<br \/>\nEntrada libre para estudiantes y profesores con credencial vigente, ni\u00f1os menores de 12 a\u00f1os y personas afiliadas al INAPAM. Domingos, entrada libre.<\/p>\n<p><em><span style=\"text-decoration: underline;\"><strong>Texto:<\/strong><\/span> Karla Lisandra Cisneros Cort\u00e9s<\/em><\/p>\n<h3>Enlace de inter\u00e9s:<\/h3>\n<p><a title=\"Exposiciones y actividades culturales en M\u00e9xico\" href=\"http:\/\/www.travelbymexico.com\/blog\/tag\/exposiciones\/\" target=\"_blank\">Ver m\u00e1s exposiciones en la Rep\u00fablica Mexicana <\/a><\/p>\n<p>&nbsp;<\/p>\n","protected":false},"excerpt":{"rendered":"<p>El Instituto Nacional de Bellas Artes (INBA) trae por primera vez a la Ciudad de M\u00e9xico el trabajo del arquitecto<\/p>\n","protected":false},"author":2,"featured_media":12009,"comment_status":"closed","ping_status":"closed","sticky":false,"template":"","format":"standard","meta":[],"categories":[9,24],"tags":[9797,2081,318,398,509,642,2258,862,2872,2901,1101],"_links":{"self":[{"href":"https:\/\/www.travelbymexico.com\/blog\/wp-json\/wp\/v2\/posts\/12008"}],"collection":[{"href":"https:\/\/www.travelbymexico.com\/blog\/wp-json\/wp\/v2\/posts"}],"about":[{"href":"https:\/\/www.travelbymexico.com\/blog\/wp-json\/wp\/v2\/types\/post"}],"author":[{"embeddable":true,"href":"https:\/\/www.travelbymexico.com\/blog\/wp-json\/wp\/v2\/users\/2"}],"replies":[{"embeddable":true,"href":"https:\/\/www.travelbymexico.com\/blog\/wp-json\/wp\/v2\/comments?post=12008"}],"version-history":[{"count":2,"href":"https:\/\/www.travelbymexico.com\/blog\/wp-json\/wp\/v2\/posts\/12008\/revisions"}],"predecessor-version":[{"id":12012,"href":"https:\/\/www.travelbymexico.com\/blog\/wp-json\/wp\/v2\/posts\/12008\/revisions\/12012"}],"wp:featuredmedia":[{"embeddable":true,"href":"https:\/\/www.travelbymexico.com\/blog\/wp-json\/wp\/v2\/media\/12009"}],"wp:attachment":[{"href":"https:\/\/www.travelbymexico.com\/blog\/wp-json\/wp\/v2\/media?parent=12008"}],"wp:term":[{"taxonomy":"category","embeddable":true,"href":"https:\/\/www.travelbymexico.com\/blog\/wp-json\/wp\/v2\/categories?post=12008"},{"taxonomy":"post_tag","embeddable":true,"href":"https:\/\/www.travelbymexico.com\/blog\/wp-json\/wp\/v2\/tags?post=12008"}],"curies":[{"name":"wp","href":"https:\/\/api.w.org\/{rel}","templated":true}]}}