{"id":11919,"date":"2012-05-24T22:56:13","date_gmt":"2012-05-25T03:56:13","guid":{"rendered":"http:\/\/www.travelbymexico.com\/blog\/?p=11919"},"modified":"2012-05-27T16:18:53","modified_gmt":"2012-05-27T21:18:53","slug":"feria-mundial-del-caballo-queretaro-2012","status":"publish","type":"post","link":"https:\/\/www.travelbymexico.com\/blog\/11919-feria-mundial-del-caballo-queretaro-2012\/","title":{"rendered":"Feria Mundial del Caballo Quer\u00e9taro 2012"},"content":{"rendered":"<h2>Un evento hist\u00f3rico est\u00e1 por realizarse en la ciudad de Quer\u00e9taro del 25 de mayo al 10 de junio del presente a\u00f1o; un encuentro sin precedentes que deleitar\u00e1 a todos los amantes del caballo: la Feria Mundial del Caballo Quer\u00e9taro; un evento \u00fanico que, adem\u00e1s de reunir a los caballos m\u00e1s hermosos del mundo, y ofrecer un extenso programa de actividades para aficionados y p\u00fablico en general, contar\u00e1 con la participaci\u00f3n de artistas y bandas mexicanas.<\/h2>\n<h3><span style=\"text-decoration: underline;\">\u00a1Se esperan m\u00e1s de 500,000 visitantes en la Feria Mundial del Caballo Quer\u00e9taro 2012!<\/span><\/h3>\n<p>Con sede en las instalaciones del <strong>EcoCentro Expositor<\/strong> de <strong><a title=\"Reserva tu hotel en la ciudad de Quer\u00e9taro\" href=\"http:\/\/www.travelbymexico.com\/queretaro\/hoteles\" target=\"_blank\">Quer\u00e9taro<\/a><\/strong>, la &#8220;<em><strong>Feria Mundial del Caballo Quer\u00e9taro 2012, una feria con mucho porte<\/strong><\/em>&#8220;, contar\u00e1 con la participaci\u00f3n de varias <span style=\"text-decoration: underline;\">asociaciones equinas<\/span>, as\u00ed como <span style=\"text-decoration: underline;\">criadores y productores<\/span> quienes presentar\u00e1n a las razas m\u00e1s importantes que existen en todo el mundo, con el objetivo de que el p\u00fablico en general conozca la gran diversidad que existe, as\u00ed como las actividades y disciplinas en las que se utiliza cada una de ellas.<\/p>\n<p>Asimismo, se llevar\u00e1n una serie de<strong> actividades<\/strong>, entre ellas: <span style=\"text-decoration: underline;\">espect\u00e1culos ecuestres art\u00edsticos, exhibiciones y escaramuzas, talleres y cl\u00ednicas y, conciertos en el Teatro del Pueblo<\/span>.<\/p>\n<p><span style=\"text-decoration: underline;\"><strong>Estar\u00e1n presentes las mejores razas de caballos<\/strong><\/span>:<\/p>\n<p><em>Azteca, Andaluz (Espa\u00f1ol), Lusitano (Portugu\u00e9s), Lipizzano, Fris\u00f3n, Hannoveriano, \u00c1rabe, Pura Sangre Ingl\u00e9s, Quarter Horse (Cuarto de Milla), Appaloosa, Pinto.<\/em><\/p>\n<p><span style=\"text-decoration: underline;\">Adem\u00e1s las Razas de Caballos miniatura y Ponis<\/span>: Falabella, Poni Americano, Poni Shetland,Galice\u00f1o.<\/p>\n<p><span style=\"text-decoration: underline;\"><strong>Competencias y exhibiciones:<\/strong><\/span><strong>\u00a0 <\/strong>Adiestramiento (Dressage); Reining (deporte ecuestre); Salto; Caballos Bailadores; Barrileras; Charrer\u00eda; -Polo.<\/p>\n<p><span style=\"text-decoration: underline;\"><strong>Talleres y cl\u00ednicas:<\/strong><\/span> Equinoterapia, <a title=\"La charrer\u00eda: el deporte nacional mexicano\" href=\"http:\/\/www.travelbymexico.com\/blog\/10915-la-charreria-el-deporte-nacional-mexicano\" target=\"_blank\">charrer\u00eda<\/a>, doma natural, rodeo, monta y rienda.<\/p>\n<p><span style=\"text-decoration: underline;\"><strong>Un evento para toda la familia<\/strong><\/span>: Al asistir a la Feria Internacional del Caballo Quer\u00e9taro, incursionar\u00e1s en el fant\u00e1stico mundo de los caballos y conocer\u00e1s las diferentes modalidades que est\u00e1n a tu alcance para que, en tu pr\u00f3ximo tiempo libre, incluyes a la actividad ecuestre entre tus alternativas recreativas y de deporte.<\/p>\n<h3>Asociaciones Invitadas:<\/h3>\n<p>Asociaci\u00f3n Mexicana de Criadores de Caballos Cuarto de Milla;<br \/>\nAsociaci\u00f3n Mexicana de Criadores de Caballos de Raza Azteca A.C. y A.G.;<br \/>\nFederaci\u00f3n Ecuestre Mexicana;<br \/>\nAsociaci\u00f3n Nacional de Criadores de Caballos de Pura raza en M\u00e9xico;<br \/>\nAsociaci\u00f3n Mexicana de Criadores del Caballo Lusitano;<br \/>\nDra. Amparo G\u00f3mez;<br \/>\nAsociaci\u00f3n de Equinos de Colima y Jinetes de Caballos Bailadores de M\u00e9xico;<br \/>\nAsociaci\u00f3n de Caballos de Rienda;<br \/>\nAsociaci\u00f3n de Caballos de Paso;<br \/>\nAsociaci\u00f3n de Caballos de Reining;<br \/>\nAsociaci\u00f3n del Caballo Appaloosa de M\u00e9xico;<br \/>\nAsociaci\u00f3n de Caballos Deportivos Mexicanos;<br \/>\nCriadores de Caballos Deportivos Mexicanos;<br \/>\nAsociaci\u00f3n Mexicana de Criadores de Caballos Arabes;<br \/>\nAsociaci\u00f3n Mexicana de Equitaci\u00f3n de Trabajo<br \/>\n-Asociaci\u00f3n Mexicana de M\u00e9dicos Veterinarios Especialistas en Equinos;<br \/>\nClub Mexicano de Caballos Pintos; Asociaci\u00f3n Mexicana de Caballos Frisianos.<\/p>\n<h3>Artistas en el Teatro del Pueblo<\/h3>\n<p><span style=\"text-decoration: underline;\"><strong>Los conciertos inician a las 21:00 horas\u00a0<\/strong><\/span><\/p>\n<p>Viernes 25 de mayo de 2012: <strong>Peque\u00f1os Musical<\/strong><br \/>\nS\u00e1bado 26 de mayo de 2012: <strong>Banda MS<\/strong><br \/>\nDomingo 27 de mayo de 2012: <strong>K-Paz de la Sierra<\/strong><br \/>\nJueves 1 de junio de 2012: <strong>La Original Banda Lim\u00f3n<\/strong><br \/>\nViernes 2 de junio de 2012: <strong>Banda Recoditos<\/strong><br \/>\nS\u00e1bado 3 de junio de 2012: <strong>Lupillo Rivera<\/strong><br \/>\nJueves 8 de junio de 2012: <strong>Juli\u00f3n \u00c1lvarez<\/strong><br \/>\nViernes 9 de junio de 2012: <strong>El Mimoso \u00a0<\/strong><br \/>\nS\u00e1bado 10 de junio de 2012: <strong>Calibre 50<\/strong><\/p>\n<h3>Feria Mundial del Caballo Quer\u00e9taro del 25 de mayo al 10 de Junio del 2012.<\/h3>\n<p><span style=\"text-decoration: underline;\"><strong>Direcci\u00f3n<\/strong><\/span>: <em>EcoCentro Expositor de Quer\u00e9taro, Prol. Constituyentes Km. 5 s\/n, El Marqu\u00e9s, Quer\u00e9taro, QRO.\u00a0\u00a0 <\/em><\/p>\n<h3>Algunos de los caballos m\u00e1s famosos en la historia de la humanidad<\/h3>\n<p><span style=\"text-decoration: underline;\">Pegaso<\/span>: El caballo volador de los dioses;<br \/>\n<span style=\"text-decoration: underline;\">Janto y Balio<\/span>: &#8220;los caballos inmortales&#8221; que<strong> Peleo<\/strong>, el padre de <strong>Aquiles<\/strong>, recibi\u00f3 al casarse con la nereida Tetis;<br \/>\n<span style=\"text-decoration: underline;\">Buc\u00e9falo<\/span>: fue el caballo de <strong>Alejandro Magno<\/strong>;<br \/>\n<span style=\"text-decoration: underline;\">Strategos<\/span>: &#8220;El caballo de los Alpes&#8221;, fue el corcel de <strong>An\u00edbal<\/strong>;<br \/>\n<span style=\"text-decoration: underline;\">Othar<\/span>, fue el tarp\u00e1n (subespecie de caballo) de<strong> Atila el huno<\/strong>;<br \/>\n<span style=\"text-decoration: underline;\">Incitatus<\/span>: El caballo de <strong>Caligula<\/strong>;<br \/>\n<span style=\"text-decoration: underline;\">Genitor<\/span>: El caballo de <strong>Julio C\u00e9sar;<\/strong><br \/>\n<span style=\"text-decoration: underline;\">Lazlos<\/span>: fue el primer caballo de <strong>Mahoma<\/strong>, con \u00e9l hizo su primera peregrinaci\u00f3n real a La Meca.<br \/>\n<span style=\"text-decoration: underline;\">Marengo<\/span>: caballo \u00e1rabe de <strong>Napole\u00f3n Bonaparte<\/strong>.<br \/>\n<span style=\"text-decoration: underline;\">Caballo de Troya<\/span>: creaci\u00f3n legendaria o verdadero artilugio usado por los griegos como una estrategia para la conquista decisiva de la ciudad fortificada de Troya, localizada en la actual Turqu\u00eda.<br \/>\n<span style=\"text-decoration: underline;\">As de Oros<\/span>: el alaz\u00e1n blanco de <strong>Emiliano Zapata<\/strong><\/p>\n<p><span style=\"text-decoration: underline;\"><strong>Caballos famosos en la literatura universal:\u00a0<\/strong><\/span><\/p>\n<p><span style=\"text-decoration: underline;\">Rocinante<\/span>: el caballo de <strong>Don Quijote de la Mancha<\/strong> creado por Miguel de Cervantes Saavedra.<br \/>\n<span style=\"text-decoration: underline;\">Jolly Jumper<\/span>: &#8220;El caballo m\u00e1s listo del mundo&#8221; que siempre acude en ayuda de su due\u00f1o, <strong>Lucky Luke<\/strong>. Autores: Morris (Maurice de B\u00e9v\u00e8re) y Ren\u00e9 Goscinny.<br \/>\n<span style=\"text-decoration: underline;\">Tornado<\/span>: el caballo de <strong>El Zorro<\/strong>, personaje creado por Johnston McCulley.<\/p>\n<h3>Cita de Jenofonte acerca del caballo<\/h3>\n<p><em>&#8220;si se logra que el caballo tome el paso que \u00e9l adoptar\u00eda a su voluntad cuando despliega su belleza, aparecer\u00e1 alegre y magn\u00edfico, orgulloso y feliz de haber sido montado&#8221; Jenofonte.<\/em><\/p>\n<p>Jenofonte naci\u00f3 en Atenas en 430 a.C. (\u00bf431 a.C.?). Fue historiador, militar y fil\u00f3sofo griego, y el primer oficial que marc\u00f3 el hito en la equitaci\u00f3n cl\u00e1sica. Acerca de este tema escribi\u00f3 dos obras did\u00e1cticas: El &#8220;Hip\u00e1rquico&#8221;, que da consejos al jefe de la caballer\u00eda, y &#8220;Sobre la equitaci\u00f3n&#8221;, que proporciona otros a cada jinete en particular y sobre el trato que se debe dar al caballo.<\/p>\n<p><strong><a title=\"Reserva tu hotel en la ciudad de Quer\u00e9taro\" href=\"http:\/\/www.travelbymexico.com\/queretaro\/hoteles\" target=\"_blank\">Reserva tu hotel en la ciudad de Quer\u00e9taro <\/a><\/strong><\/p>\n","protected":false},"excerpt":{"rendered":"<p>Un evento hist\u00f3rico est\u00e1 por realizarse en la ciudad de Quer\u00e9taro del 25 de mayo al 10 de junio del<\/p>\n","protected":false},"author":2,"featured_media":11920,"comment_status":"closed","ping_status":"closed","sticky":false,"template":"","format":"standard","meta":[],"categories":[36],"tags":[2854,2852,2855,2849,292,2856,2851,9811,2679,522,2850,1052,2853,1075,2227],"_links":{"self":[{"href":"https:\/\/www.travelbymexico.com\/blog\/wp-json\/wp\/v2\/posts\/11919"}],"collection":[{"href":"https:\/\/www.travelbymexico.com\/blog\/wp-json\/wp\/v2\/posts"}],"about":[{"href":"https:\/\/www.travelbymexico.com\/blog\/wp-json\/wp\/v2\/types\/post"}],"author":[{"embeddable":true,"href":"https:\/\/www.travelbymexico.com\/blog\/wp-json\/wp\/v2\/users\/2"}],"replies":[{"embeddable":true,"href":"https:\/\/www.travelbymexico.com\/blog\/wp-json\/wp\/v2\/comments?post=11919"}],"version-history":[{"count":7,"href":"https:\/\/www.travelbymexico.com\/blog\/wp-json\/wp\/v2\/posts\/11919\/revisions"}],"predecessor-version":[{"id":11923,"href":"https:\/\/www.travelbymexico.com\/blog\/wp-json\/wp\/v2\/posts\/11919\/revisions\/11923"}],"wp:featuredmedia":[{"embeddable":true,"href":"https:\/\/www.travelbymexico.com\/blog\/wp-json\/wp\/v2\/media\/11920"}],"wp:attachment":[{"href":"https:\/\/www.travelbymexico.com\/blog\/wp-json\/wp\/v2\/media?parent=11919"}],"wp:term":[{"taxonomy":"category","embeddable":true,"href":"https:\/\/www.travelbymexico.com\/blog\/wp-json\/wp\/v2\/categories?post=11919"},{"taxonomy":"post_tag","embeddable":true,"href":"https:\/\/www.travelbymexico.com\/blog\/wp-json\/wp\/v2\/tags?post=11919"}],"curies":[{"name":"wp","href":"https:\/\/api.w.org\/{rel}","templated":true}]}}