{"id":11871,"date":"2012-05-16T20:28:08","date_gmt":"2012-05-17T01:28:08","guid":{"rendered":"http:\/\/www.travelbymexico.com\/blog\/?p=11871"},"modified":"2012-05-16T20:29:39","modified_gmt":"2012-05-17T01:29:39","slug":"guadalajara-sede-de-dia-del-internet-17-de-mayo-de-2012","status":"publish","type":"post","link":"https:\/\/www.travelbymexico.com\/blog\/11871-guadalajara-sede-de-dia-del-internet-17-de-mayo-de-2012\/","title":{"rendered":"Guadalajara sede del D\u00eda de Internet, 17 de mayo de 2012"},"content":{"rendered":"<h2>Durante la \u00faltima Cumbre de la Sociedad de la Informaci\u00f3n celebrada en 2005 en T\u00fanez, capital de la Rep\u00fablica Tunecina, ante m\u00e1s de 16 mil delegados de 176 pa\u00edses, el entonces Secretario General de la ONU, Kofi Anan, decidi\u00f3 que el d\u00eda 17 de mayo fuera designado como el &#8220;D\u00eda Mundial de la Sociedad de la Informaci\u00f3n&#8221;, o simplemente, el &#8220;D\u00eda de Internet\u201d. En M\u00e9xico, la entidad responsable de la organizaci\u00f3n del evento de conmemoraci\u00f3n de ese d\u00eda es la <span style=\"text-decoration: underline;\">Asociaci\u00f3n Mexicana de Internet (AMIPCI)<\/span>, sum\u00e1ndose al esfuerzo que se realiza en pa\u00edses como Espan\u0303a, Portugal, Argentina, Brasil, Colombia, Ecuador, entre otros.<\/h2>\n<p>La Asociaci\u00f3n Mexicana de Internet (AMIPCI) en conjunto con la Universidad de Guadalajara (UDG) y el H. Ayuntamiento de Guadalajara, te invitan a participar en la 7a Celebraci\u00f3n del <strong>D\u00eda Mundial de Internet<\/strong> que se llevar\u00e1 a cabo los d\u00edas <strong>17 y 18 de mayo<\/strong> del presente an\u0303o, en el <strong>Teatro Diana<\/strong> y el <strong>Hotel Aranzaz\u00fa<\/strong> del centro hist\u00f3rico, respectivamente. <strong>El tema central<\/strong> de esta edici\u00f3n ser\u00e1:<strong> &#8220;Innovaci\u00f3n &#8211; Una visi\u00f3n para M\u00e9xico (2012\u20132018)&#8221; <\/strong>y <span style=\"text-decoration: underline;\">los<\/span><strong><span style=\"text-decoration: underline;\"> eventos son gratuitos y tienen cupo limitado<\/span>. <\/strong><\/p>\n<p>Como cada a\u00f1o, se llevar\u00e1n a cabo conferencias magistrales y paneles de discusi\u00f3n con representantes de empresas, gobiernos, universidades y ciudadan\u00eda. Dentro de las actividades m\u00e1s destacadas de este evento, cabe mencionar que la <strong>AMIPCI dar\u00e1 a conocer los resultados del &#8220;<span style=\"text-decoration: underline;\">Estudio de H\u00e1bitos de los Usuarios de Internet 2012&#8243;<\/span><\/strong>, en el que se actualizar\u00e1 el comportamiento de navegaci\u00f3n y actividades que realizan los internautas en M\u00e9xico.<br \/>\nPor la relevancia que Internet est\u00e1 presentando en la evoluci\u00f3n del proceso electoral, la 7a Celebraci\u00f3n del D\u00eda Mundial de Internet contar\u00e1 con un apartado especial titulado <span style=\"text-decoration: underline;\"><strong>&#8220;Elecciones 2012: Monitoreo de Opinio\u0301n en Redes Sociales&#8221;<\/strong><\/span>.<\/p>\n<h3>Programa de Conferencias &#8211; 7a. Celebraci\u00f3n D\u00eda del Internet<\/h3>\n<p><span style=\"text-decoration: underline;\"><strong>Jueves 17 de mayo de 2012<\/strong><\/span> en el <span style=\"text-decoration: underline;\"><strong>Teatro Diana<\/strong><\/span> (Av. 16 de Septiembre No.710, Centro. Guadalajara, Jal.)<br \/>\n<span style=\"text-decoration: underline;\"><strong>ENTRADA GRATUITA<\/strong><\/span><\/p>\n<p>8:30 &#8211; 9:00: Registro y acreditaciones<br \/>\n9:00 &#8211; 9:30:<span style=\"text-decoration: underline;\"><strong> Inauguraci\u00f3n<\/strong><\/span> &#8220;Celebraci\u00f3n del D\u00eda Mundial del Internet 2012&#8221;<br \/>\n<em>C. Dr. Miguel \u00c1ngel Navarro Navarro, Vice-Rector de la <strong>Universidad de Guadalajara<\/strong>; C. Francisco de Jes\u00fas Ay\u00f3n L\u00f3pez, <strong>Presidente Municipal<\/strong> del Ayuntamiento de Guadalajara; C. H\u00e9ctor Vielma, Presidente Municipal del Ayuntamiento de Zapopan; C. Manuel Tamez Jefe de Asuntos Gubernamentales y Responsabilidad Social de <strong>Google M\u00e9xico<\/strong>, Centroam\u00e9rica y Caribe y Presidente Consejo Directivo <strong>AMIPCI<\/strong>; Fernando Gurrola (PCE), Secretario Consejo Directivo AMIPCI.<\/em><\/p>\n<p>9:30 &#8211; 10:10: &#8220;<span style=\"text-decoration: underline;\"><strong>Estudio de H\u00e1bitos de los Usuarios de Internet 2012<\/strong><\/span>&#8221;<br \/>\n<em>Renato Ju\u00e1rez (Elogia M\u00e9xico), VP Comit\u00e9 Investigaci\u00f3n AMIPCI.<\/em><br \/>\n10:10 &#8211; 10:40: <strong><span style=\"text-decoration: underline;\">&#8220;Reputation Level&#8221;<\/span><\/strong>. Agust\u00edn Ballesteros.<br \/>\n10:40 &#8211; 11:30: <span style=\"text-decoration: underline;\"><strong>Panel: &#8220;Las mujeres y las ni\u00f1as en las *TIC&#8221; \u00a0<\/strong><\/span><br \/>\n<em>Claudia Calvin (Mujeres Construyendo), Melva Sangri (Mam\u00e1 Digital), Irene Levy (Observatel), Cintya Mart\u00ednez (Telef\u00f3nica), Irina Gonz\u00e1lez (Mayahii) Moderadora: Karla Tapia (AMIPCI).<\/em><\/p>\n<p>11:30 &#8211; 12:10: <strong><span style=\"text-decoration: underline;\">&#8220;Social Media y Mobile, tu negocio en la palma de la mano&#8221;<\/span><\/strong>. Carlos Silva, BlackBerry.<br \/>\n12:10 &#8211; 12:30 &#8211; Receso.<br \/>\n12:30 &#8211; 13:20: <span style=\"text-decoration: underline;\"><strong>&#8220;Propuestas de la Industria: Internet y las TIC. 2012-2018&#8221;<\/strong><\/span> <em>Santiago Guti\u00e9rrez Fern\u00e1ndez (CANIETI); Juan Alberto Gonz\u00e1lez Esparza (AMITI), Dip. Rodrigo P\u00e9rezAlonso (C. Diputados), Alejandro Figueroa, TELMEX; Moderador: Manuel Tamez (AMIPCI).<\/em><br \/>\n13:20 &#8211; 14:00: <span style=\"text-decoration: underline;\"><strong>&#8220;An\u00e1lisis de las plataformas electorales en materia de Internet&#8221;<\/strong><\/span>\u00a0 <em>Jorge Vega, VP Relaciones con Gobierno (AMIPCI); Dr. Luis Miguel Mart\u00ednez, UIA; Universidad de Guadalajara, Antonio Cort\u00e9s Koloffon; CGMPS. Moderador: Julio C\u00e9sar Vega.<\/em><br \/>\n14:00 &#8211; 14:40: <span style=\"text-decoration: underline;\"><strong>&#8220;CloudComputing&#8221;<\/strong><\/span>. Hewlett Packard (ponente por confirmar).<br \/>\n14:40 &#8211; 15:40: Comida libre.<br \/>\n15:40 &#8211; 16:20: &#8220;<strong>Innovaci\u00f3n en seguridad para pagar por Internet&#8221;<\/strong> <em>Roberto Figueroa, SAFETYPAY.<\/em><br \/>\n16:20 &#8211; 17:00: <span style=\"text-decoration: underline;\"><strong>&#8220;Generando propuestas para el crecimiento de la industria de Internet en M\u00e9xico&#8221;<\/strong><\/span> <em>Jean Christophe Michel, EMAILVISION<\/em>.<br \/>\n17:00 &#8211; 17:30 &#8211; Receso<br \/>\n17:30 &#8211; 18:10: <span style=\"text-decoration: underline;\"><strong>&#8220;Del eCommerce al Commerce: Como el mobile, las redes sociales y la geolocalizaci\u00f3n impactan al comprador de la era digital&#8221;<\/strong><\/span> <em>Blas Caraballo, PAYPAL<\/em>.<br \/>\n18:10 &#8211; 18:30: <span style=\"text-decoration: underline;\"><strong>Conclusiones<\/strong><\/span>. Universidad de Guadalajara, AMIPCI.<\/p>\n<p><em><strong>*<\/strong> TIC: Tecnolog\u00edas de la Informaci\u00f3n y la Comunicaci\u00f3n (TIC)<\/em><\/p>\n<h3>Programa de Conferencias &#8211; Viernes 18 de mayo de 2012 &#8211; <span style=\"text-decoration: underline;\">Hotel Aranzaz\u00fa<\/span><\/h3>\n<p><em>(Av. Revoluci\u00f3n 110, Col. Centro. Guadalajara. Jal.)<\/em><br \/>\n8:00 &#8211; 8:10: <strong>&#8220;Bienvenida&#8221;<\/strong> &#8211; <em>Universidad de Guadalajara<\/em><br \/>\n8:10 &#8211; 9:00: <strong><span style=\"text-decoration: underline;\">&#8220;Pl\u00e1tica Magistral&#8221;<\/span><\/strong> de la <em>Mtra. Carmen Rodr\u00edguez Armenta<\/em>,\u00a0 Universidad de Guadalajara.<br \/>\n9:00 &#8211; 9:50: Panel: <strong><span style=\"text-decoration: underline;\">&#8220;Nuevas Tendencias en Redes Sociales&#8221;<\/span><\/strong> <em>Sai Sanchez, VOLARIS; Selene Cruz, IBOPE AGB; Mtra. Yolanda Mart\u00ednez, H. Ayuntamiento de Zapopan; Sa\u00fal Garc\u00eda, Ayuntamiento de Guadalajara; Jorge Victoria, Director de Adver Digital,; Moderador: Guillermo PerezBolde, MENTEDIGITAL.<\/em><br \/>\n9:50 &#8211; 10:40: <span style=\"text-decoration: underline;\"><strong>&#8220;Start-Ups: Nuevos modelos de innovaci\u00f3n&#8221;<\/strong><\/span> Santiago Zavala, Dfectuoso; C\u00e9sar Hern\u00e1ndez Salazar-Hern\u00e1ndez. Moderador: Lina Rodr\u00edguez, Explicast.com<br \/>\n10:40 &#8211; 11:10 -Receso.<br \/>\n11:10 &#8211; 11:50: <span style=\"text-decoration: underline;\"><strong>&#8220;Pl\u00e1tica magistral&#8221;<\/strong><\/span> (ponente por confirmar)<br \/>\n11:50 &#8211; 12:40: <span style=\"text-decoration: underline;\"><strong>&#8220;Nuevos Medios Digitales, una propuesta comercial diferente&#8221;<\/strong><\/span>\u00a0 <em>Efra\u00edn Mendicuti, NDRadio; Dr. Gabriel Torres, Canal 44 UDG; Rogelio L\u00f3pez, IFMRadio; Luis Becerril, Red Siete Radio. Moderador: Emilio Salda\u00f1a, ADigital<\/em><br \/>\n12:40 &#8211; 13:00: <span style=\"text-decoration: underline;\"><strong>Clausura<\/strong><\/span>. UDG, AMIPCI.<\/p>\n<p><strong><a title=\"Reserva tu hotel en la ciudad de Guadalajara\" href=\"http:\/\/www.travelbymexico.com\/guadalajara\/hoteles\/\" target=\"_blank\">Reserva un Hotel en la Ciudad de Guadalajara <\/a><\/strong><\/p>\n<p><strong><a title=\"Mapa interactivo de la ciudad de Guadalajara\" href=\"http:\/\/www.travelbymexico.com\/guadalajara\/mapa\/index.php\" target=\"_blank\">Mapa interactivo de la ciudad de Guadalajara <\/a><\/strong><\/p>\n","protected":false},"excerpt":{"rendered":"<p>Durante la \u00faltima Cumbre de la Sociedad de la Informaci\u00f3n celebrada en 2005 en T\u00fanez, capital de la Rep\u00fablica Tunecina,<\/p>\n","protected":false},"author":2,"featured_media":11872,"comment_status":"closed","ping_status":"closed","sticky":false,"template":"","format":"standard","meta":[],"categories":[36,912],"tags":[2823,2824,2819,2820,2825,2826,2181,620,2821,2606,1971,2822,1485,1507],"_links":{"self":[{"href":"https:\/\/www.travelbymexico.com\/blog\/wp-json\/wp\/v2\/posts\/11871"}],"collection":[{"href":"https:\/\/www.travelbymexico.com\/blog\/wp-json\/wp\/v2\/posts"}],"about":[{"href":"https:\/\/www.travelbymexico.com\/blog\/wp-json\/wp\/v2\/types\/post"}],"author":[{"embeddable":true,"href":"https:\/\/www.travelbymexico.com\/blog\/wp-json\/wp\/v2\/users\/2"}],"replies":[{"embeddable":true,"href":"https:\/\/www.travelbymexico.com\/blog\/wp-json\/wp\/v2\/comments?post=11871"}],"version-history":[{"count":3,"href":"https:\/\/www.travelbymexico.com\/blog\/wp-json\/wp\/v2\/posts\/11871\/revisions"}],"predecessor-version":[{"id":11874,"href":"https:\/\/www.travelbymexico.com\/blog\/wp-json\/wp\/v2\/posts\/11871\/revisions\/11874"}],"wp:featuredmedia":[{"embeddable":true,"href":"https:\/\/www.travelbymexico.com\/blog\/wp-json\/wp\/v2\/media\/11872"}],"wp:attachment":[{"href":"https:\/\/www.travelbymexico.com\/blog\/wp-json\/wp\/v2\/media?parent=11871"}],"wp:term":[{"taxonomy":"category","embeddable":true,"href":"https:\/\/www.travelbymexico.com\/blog\/wp-json\/wp\/v2\/categories?post=11871"},{"taxonomy":"post_tag","embeddable":true,"href":"https:\/\/www.travelbymexico.com\/blog\/wp-json\/wp\/v2\/tags?post=11871"}],"curies":[{"name":"wp","href":"https:\/\/api.w.org\/{rel}","templated":true}]}}