{"id":11862,"date":"2012-05-15T10:50:17","date_gmt":"2012-05-15T15:50:17","guid":{"rendered":"http:\/\/www.travelbymexico.com\/blog\/?p=11862"},"modified":"2012-11-01T22:00:50","modified_gmt":"2012-11-02T04:00:50","slug":"edicion-especial-de-la-noche-de-museos-miercoles-16-de-mayo-2012","status":"publish","type":"post","link":"https:\/\/www.travelbymexico.com\/blog\/11862-edicion-especial-de-la-noche-de-museos-miercoles-16-de-mayo-2012\/","title":{"rendered":"Edici\u00f3n especial de la Noche de Museos, mi\u00e9rcoles 16 de Mayo 2012"},"content":{"rendered":"<h2>Para conmemorar el <a title=\"INAH anuncia actividades por D\u00eda Internacional del Museo\" href=\"http:\/\/www.travelbymexico.com\/blog\/11857-museos-del-inah-se-alistan-para-el-dia-internacional-del-museo-2012\" target=\"_blank\">D\u00eda Internacional de los Museos<\/a>, la Secretar\u00eda de Cultura del Distrito Federal, a trav\u00e9s de la coordinaci\u00f3n de Patrimonio Hist\u00f3rico, Art\u00edstico y Cultural, prepar\u00f3 para el 16 de mayo una edici\u00f3n especial de &#8220;Noche de Museos&#8221;, evento que originalmente se realiza el \u00faltimo mi\u00e9rcoles de cada mes.<\/h2>\n<p>En esta edici\u00f3n especial de <span style=\"text-decoration: underline;\"><strong>&#8220;Noche de Museos&#8221; por realizarse el mi\u00e9rcoles 16 de mayo de 2012<\/strong><\/span> en un horario de 19:00 a 22:00 horas, participar\u00e1n el Archivo Hist\u00f3rico del Distrito Federal, el Museo del Estanquillo, el Centro Cultural Universitario Tlatelolco, el Antiguo Palacio del Ayuntamiento y el Museo Nacional de la Revoluci\u00f3n, entre otros sitios.<\/p>\n<h3>Actividades y exposiciones de los museos participantes:<\/h3>\n<p><span style=\"text-decoration: underline;\"><strong>Antiguo Colegio de San Ildefonso<\/strong><\/span>:<br \/>\n<strong><a title=\"Exposici\u00f3n La Lengua de Ernesto Neto\" href=\"http:\/\/www.travelbymexico.com\/blog\/11718-ernesto-neto-tras-las-puertas-del-antiguo-colegio-de-san-ildefonso\" target=\"_blank\">La lengua de Ernesto. Obras 1987-2011<\/a><\/strong>, de Ernesto Neto;<br \/>\n<strong>Johan Falkman, la alteridad en el espejo<\/strong> (hasta el 15 de julio de 2012);<br \/>\n<strong>Croacia<\/strong>, de Bosco Sodi (permanecer\u00e1 hasta el 15 de julio de 2012)<\/p>\n<p><span style=\"text-decoration: underline;\"><strong>Antiguo Palacio del Ayuntamiento<\/strong><\/span> (Plaza de la Constituci\u00f3n 7, 1er piso)<br \/>\n20:0 horas &#8211; Visita guiada dramatizada &#8220;Hechos y sucesos de la Nueva Espa\u00f1a&#8221;.<\/p>\n<p><a title=\"Centro Cultural de Espa\u00f1a: un espacio sin l\u00edmites\" href=\"https:\/\/www.travelbymexico.com\/blog\/9105-centro-cultural-espana-un-espacio-sin-limites\/\" target=\"_blank\"><span style=\"text-decoration: underline;\"><strong>Centro Cultural de Espa\u00f1a en M\u00e9xico<\/strong><\/span><\/a> (CCEMx)<br \/>\n<strong>Coreograf\u00eda: &#8220;N\u00fameros irracionales<\/strong>&#8220;, a las 19:00 horas, un acercamiento a las matem\u00e1ticas mediante los movimientos.<br \/>\n<strong>Concierto de Sociedad Ac\u00fastica de Capital Variable<\/strong>, a las 22:00 horas, en la actividad Mi\u00e9rcoles de Jazz &amp; Tapas.<\/p>\n<p><strong><span style=\"text-decoration: underline;\">Centro Cultural Universitario Tlatelolco<\/span><\/strong>\u00a0 (Av. Ricardo Flores Mag\u00f3n No.1, Col. Nonoalco- Tlatelolco)<br \/>\nInauguraci\u00f3n del &#8220;<strong>Primer foro de industrias creativas en M\u00e9xico<\/strong>&#8220;, un espacio de apoyo y promoci\u00f3n a las sinerg\u00edas. (Sal\u00f3n Ju\u00e1rez).<br \/>\n<strong>Biblioteca M\u00f3vil A47<\/strong>, un proyecto de la Fundaci\u00f3n Alumnos47 (en el estacionamiento del CCU).<br \/>\nVisita guiada a la &#8220;<strong>Colecci\u00f3n Blaisten<\/strong>&#8221; la cual re\u00fane a m\u00e1s de 300 obras de arte realizadas entre 1900 y 1960. Es una de las colecciones de Arte Mexicano m\u00e1s importantes del mundo.<\/p>\n<p><span style=\"text-decoration: underline;\"><strong>Centro Cultural Teatro del Pueblo<\/strong><\/span> (Rep\u00fablica de Venezuela No.72, Centro Hist\u00f3rico)<br \/>\n19:00 horas &#8211; Concierto de la <strong>Orquesta de Alientos<\/strong> de la Delegaci\u00f3n Cuauht\u00e9moc, seguido de un recorrido por los murales de Pablo O\u2019Higgins.<\/p>\n<p><strong><a title=\"Museo de Medicina y Antiguo Palacio de la Inquisici\u00f3n en M\u00e9xico\" href=\"http:\/\/www.travelbymexico.com\/blog\/1730-antiguo-palacio-de-la-inquisicion-museo-de-medicina\/\" target=\"_blank\">Museo de Medicina Antiguo Palacio de la Inquisici\u00f3n<\/a><\/strong> (de 19:00 a 21:30 horas.)<br \/>\nAdem\u00e1s de poder recorrer las reci\u00e9n renovadas salas de Medicina Prehisp\u00e1nica y Virreinal as\u00ed como las salas permanentes de Embriolog\u00eda, de Modelos Anat\u00f3micos en cera del Siglo XIX, de Cirug\u00eda Reconstructiva, los Gabinetes M\u00e9dicos, la Pinacoteca Virreinal, la Botica del Siglo XIX. A las 20:00 horas se presentar\u00e1 la caracterizaci\u00f3n, en la que se repensar\u00e1 la historia del recinto, &#8220;<strong>Historias de moros, jud\u00edos y cristianos en la Espa\u00f1a del siglo XVI<\/strong>.&#8221;<\/p>\n<p><span style=\"text-decoration: underline;\"><strong>Museo de Arte de la SHCP-AP<\/strong><\/span> (Moneda No. 4, Centro Hist\u00f3rico) de 19:00 a 21:00 horas<br \/>\nExposiciones en la Sala t\u00e1ctil. &#8220;<strong>Semillas<\/strong>&#8220;, de Ricardo \u00c1ngeles y Ana Cristina Mej\u00eda Botero<br \/>\n&#8220;<strong>Tierra ardiente<\/strong>&#8220;, de Rosario Guillermo; &#8220;<strong>Pasi\u00f3n<\/strong>&#8221; (colectiva); &#8220;<strong>Andy Warhol<\/strong>&#8220;. Los a\u00f1os Bazaar<br \/>\nGaler\u00eda de la SHCP: Panorama descrito. Sitios italianos Patrimonio de la UNESCO.<\/p>\n<p><span style=\"text-decoration: underline;\"><strong>Museo de Arte Popular<\/strong><\/span> (de 19:00 a 21:00 horas).<br \/>\nExposici\u00f3n: &#8220;Homenaje a Mariana Yampolsky en su 10 aniversario luctuoso&#8221;.<\/p>\n<p><span style=\"text-decoration: underline;\"><strong>Museo de la Mujer<\/strong><\/span> (Rep\u00fablica de Bolivia No.17, Centro Hist\u00f3rico)<br \/>\nRecital: Voces de la esperanza para Ciudad Ju\u00e1rez&#8221; a las 19:00 horas.<\/p>\n<p><strong>Museo de la Luz<\/strong> (San Ildefonso No.54, Centro Hist\u00f3rico)<br \/>\nVisitas guiadas por la exposici\u00f3n permanente y la demostraci\u00f3n de <strong>Luminiscencias<\/strong>.<\/p>\n<p><strong><span style=\"text-decoration: underline;\">Museo del Estanquillo<\/span><\/strong> (Isabel la Cat\u00f3lica No.26, esquina con Av. Madero)<br \/>\nLas exposiciones del museo muestran la visi\u00f3n del cine mexicano de <strong>Carlos Monsiv\u00e1is<\/strong>, as\u00ed como cartones de caricaturistas y un toque hist\u00f3rico.<\/p>\n<p><strong>Museo del Palacio de Bellas Artes<\/strong><br \/>\n<a title=\"Fernando Botero, una celebraci\u00f3n. Exposici\u00f3n en el Museo del Palacio de Bellas Artes de M\u00e9xico\" href=\"http:\/\/www.travelbymexico.com\/blog\/11536-fernando-botero-una-celebracion-en-el-museo-del-palacio-de-bellas-artes\" target=\"_blank\">Fernando Botero. Una celebraci\u00f3n<\/a>; <strong>Quodlibet<\/strong> (Bellas Artes), de Pablo Helguera.<br \/>\nExposici\u00f3n permanente de los murales de Rivera, Orozco, Siqueiros y Tamayo, entre otros.<\/p>\n<p><span style=\"text-decoration: underline;\"><strong>Museo del Tel\u00e9grafo<\/strong><\/span> (Tacuba No.8, Centro Hist\u00f3rico) de las 19:00 a las 21:00 horas. Realizar\u00e1 visita guiada para conocer m\u00e1s de las telecomunicaciones y su papel en M\u00e9xico.<\/p>\n<p><span style=\"text-decoration: underline;\"><strong>Museo Franz Mayer<\/strong><\/span> (Hidalgo No.45. Centro Hist\u00f3rico)<br \/>\nVisita guiada de la colecci\u00f3n permanente del museo.<\/p>\n<p><span style=\"text-decoration: underline;\"><strong>Museo Jos\u00e9 Luis Cuevas<\/strong><\/span> (Academia No.13, Centro Hist\u00f3rico)<br \/>\nUn viaje a partir del Renacimiento (con obras de autores coma Gulliaume Dufay y Jos\u00e9 Mart\u00edn), hasta la entrada del Barroco (con la presencia de dos piezas de Jean-Bapt\u00edste Lully).<br \/>\nConcierto a cargo del Ensamble Speculum Amoris &#8220;De la fe y pasiones Cantos de amor divino y profano del Renacimiento Barroco&#8221;.<\/p>\n<p><span style=\"text-decoration: underline;\"><strong>Museo Nacional de Arte<\/strong><\/span><br \/>\n<a title=\"Arte flamenco del siglo XVII en el MUNAL\" href=\"http:\/\/www.travelbymexico.com\/blog\/11638-arte-flamenco-del-siglo-xvii-en-el-munal\" target=\"_blank\">Arte flamenco del siglo XVII<\/a>. Colecci\u00f3n del Museo Real de Bellas Artes de Amberes, Holand.<\/p>\n<p><span style=\"text-decoration: underline;\"><strong>Museo Nacional de la Revoluci\u00f3n<\/strong><\/span> (Plaza de la Rep\u00fablica)<br \/>\n19:30 horas &#8211; Inauguraci\u00f3n de &#8220;Oliverio Mart\u00ednez: Modernidad y Revoluci\u00f3n&#8221;.<\/p>\n<p><span style=\"text-decoration: underline;\"><strong>Museo Nacional de San Carlos<\/strong><\/span><br \/>\n<strong>Los caprichos de Goya<\/strong>. Esta exposici\u00f3n est\u00e1 integrada por ochenta planchas hechas a partir de ciento trece dibujos preparatorios, que se comenzaron en el a\u00f1o 1796 y que resultaron en una primera edici\u00f3n en 1799.<\/p>\n<p><em>Programaci\u00f3n sujeta a cambio.\u00a0<\/em><\/p>\n<p>&nbsp;<\/p>\n","protected":false},"excerpt":{"rendered":"<p>Para conmemorar el D\u00eda Internacional de los Museos, la Secretar\u00eda de Cultura del Distrito Federal, a trav\u00e9s de la coordinaci\u00f3n<\/p>\n","protected":false},"author":2,"featured_media":11863,"comment_status":"closed","ping_status":"closed","sticky":false,"template":"","format":"standard","meta":[],"categories":[9,24],"tags":[2815,2668,1562,2638,318,360,1378,2257,509,2813,2814,9805,2767,2446,931,1053],"_links":{"self":[{"href":"https:\/\/www.travelbymexico.com\/blog\/wp-json\/wp\/v2\/posts\/11862"}],"collection":[{"href":"https:\/\/www.travelbymexico.com\/blog\/wp-json\/wp\/v2\/posts"}],"about":[{"href":"https:\/\/www.travelbymexico.com\/blog\/wp-json\/wp\/v2\/types\/post"}],"author":[{"embeddable":true,"href":"https:\/\/www.travelbymexico.com\/blog\/wp-json\/wp\/v2\/users\/2"}],"replies":[{"embeddable":true,"href":"https:\/\/www.travelbymexico.com\/blog\/wp-json\/wp\/v2\/comments?post=11862"}],"version-history":[{"count":4,"href":"https:\/\/www.travelbymexico.com\/blog\/wp-json\/wp\/v2\/posts\/11862\/revisions"}],"predecessor-version":[{"id":11865,"href":"https:\/\/www.travelbymexico.com\/blog\/wp-json\/wp\/v2\/posts\/11862\/revisions\/11865"}],"wp:featuredmedia":[{"embeddable":true,"href":"https:\/\/www.travelbymexico.com\/blog\/wp-json\/wp\/v2\/media\/11863"}],"wp:attachment":[{"href":"https:\/\/www.travelbymexico.com\/blog\/wp-json\/wp\/v2\/media?parent=11862"}],"wp:term":[{"taxonomy":"category","embeddable":true,"href":"https:\/\/www.travelbymexico.com\/blog\/wp-json\/wp\/v2\/categories?post=11862"},{"taxonomy":"post_tag","embeddable":true,"href":"https:\/\/www.travelbymexico.com\/blog\/wp-json\/wp\/v2\/tags?post=11862"}],"curies":[{"name":"wp","href":"https:\/\/api.w.org\/{rel}","templated":true}]}}