{"id":11773,"date":"2012-05-02T14:44:23","date_gmt":"2012-05-02T19:44:23","guid":{"rendered":"http:\/\/www.travelbymexico.com\/blog\/?p=11773"},"modified":"2012-05-02T15:17:37","modified_gmt":"2012-05-02T20:17:37","slug":"hoy-inicia-el-28o-festival-de-mexico-2012","status":"publish","type":"post","link":"https:\/\/www.travelbymexico.com\/blog\/11773-hoy-inicia-el-28o-festival-de-mexico-2012\/","title":{"rendered":"Hoy inicia el 28\u00ba Festival de M\u00e9xico 2012"},"content":{"rendered":"<h2>La vig\u00e9sima octava edici\u00f3n del Festival de M\u00e9xico se llevar\u00e1 a cabo del 2 al 20 de Mayo y tendr\u00e1 como escenario la bella <a title=\"Gu\u00eda Tur\u00edstica de la ciudad de M\u00e9xico: mapas, hoteles, videos, atractivos tur\u00edsticos\" href=\"http:\/\/www.travelbymexico.com\/ciudaddemexico\" target=\"_blank\">Ciudad de M\u00e9xico<\/a>. Este festival hace de su celebraci\u00f3n la ocasi\u00f3n perfecta para empapar a la ciudadan\u00eda capitalina en distintas disciplinas art\u00edsticas como teatro, literatura, m\u00fasica, danza\u00a0 y opera; asimismo, ofrecer\u00e1 talleres, conferencias, actividades infantiles, noche de museos, entre otras actividades.<\/h2>\n<p>Este a\u00f1o el <strong>FMX<\/strong> tendr\u00e1 39 lugares sedes, se tienen programadas 40 actividades, as\u00ed como<strong> m\u00e1s de 41 artistas invitados de talle nacional e internacional<\/strong>. Dentro de los artistas invitados se contar\u00e1 con la presencia de la cantante de rock <strong>Patti Smith<\/strong> y de <strong>Antony and the Johnsons<\/strong> quienes se presentar\u00e1n junto a la <strong>Orquesta Filarm\u00f3nica de la Ciudad de M\u00e9xico<\/strong> en el espect\u00e1culo &#8220;<strong>Cut the Light<\/strong>&#8220;.<\/p>\n<p>Como parte especial del <strong>teatro y la danza<\/strong> se tendr\u00e1n las presentaciones del <strong>Ballet Preljoal<\/strong> con la obra &#8220;Blanca Nieves&#8221;,\u00a0&#8220;<strong>Les Ballets Jazz de Montr\u00e9al<\/strong>&#8220;, y la compa\u00f1\u00eda de danza alemana <strong>Neuer Tanz<\/strong> con su pieza &#8220;Revelaci\u00f3n 14, 1&#8221;.<br \/>\nEn el \u00e1mbito gastron\u00f3mico tendr\u00e1 lugar el &#8220;<strong>Festival del Esquite<\/strong>&#8221; y las puertas del <strong>restaurante El Cardenal<\/strong> estar\u00e1n abiertas al p\u00fablico con un men\u00fa especial el Viernes 4 de mayo.<br \/>\nEl jueves 3 de mayo a las 20:00 horas se llevar\u00e1 a cabo la Inauguraci\u00f3n de la exposici\u00f3n de pintura, fotograf\u00eda y video &#8220;<strong>Kailash<\/strong>&#8221; de Ricardo Mazal:\u00a0 en el <em>Centro Cultural Estaci\u00f3n Indianilla<\/em>.<\/p>\n<p>Este a\u00f1o se le suma al festival el programa <strong>Xc\u00e9ntrico<\/strong> el cual se encarga de llevar a diferentes delegaciones de la ciudad, un fragmento significativo de la oferta cultural del festival sin costo alguno para sus visitantes.<\/p>\n<h3>Actividades de Museos en el marco del Festival M\u00e9xico 2012<\/h3>\n<p><span style=\"text-decoration: underline;\"><strong>Conferencias, talleres y visitas guiadas en los siguientes museos:<\/strong><\/span><br \/>\nCentro Cultural Estaci\u00f3n Indianilla &#8211; Jueves 03 de mayo de 2012 a las 19:30 hrs.<br \/>\nMuseo Jos\u00e9 Luis Cuevas &#8211; Viernes 4 de mayo de 2012 a las 10:00 hrs.<br \/>\nPalacio de Bellas Artes &#8211; Mi\u00e9rcoles 16 de mayo de 2012 a las 17:00 hrs.<br \/>\nMuseo Franz Mayer &#8211; Jueves 17 de mayo de 2012 a las 19:30 hrs.<br \/>\nMuseo Interactivo de Econom\u00eda (MIDE) &#8211; Viernes 18 de mayo de 2012 a las 19:00 hrs.<\/p>\n<h3>Noche de Festival en los Museos<\/h3>\n<p><span style=\"text-decoration: underline;\">De 19:00 a 22:00 horas. Entrada libre.<\/span><br \/>\nOtra de las actividades importantes del festival es la <strong>Noche de Museos<\/strong>, en ella los museos del centro hist\u00f3rico de la ciudad abren sus puertas en un horario nocturno con la entrada gratuita para los asistentes, esta se llevar\u00e1 a cabo el d\u00eda <strong>16 de Mayo de 2012<\/strong>.<\/p>\n<h3>Sedes del Festival M\u00e9xico 2012:<\/h3>\n<p>Anfiteatro Sim\u00f3n Bol\u00edvar;<br \/>\nAuditorio Divino Narciso de la Universidad del Claustro de Sor Juana;<br \/>\nCentro de las Artes Santa Ursula (Col. Pedregal);<br \/>\nCasino Metropolitano;<br \/>\nCentro Cultural Estaci\u00f3n Indianilla;<br \/>\nCentro Cultural Universitario UNAM;<br \/>\nEl Plaza Condesa;<br \/>\nFondo Hist\u00f3rico de Hacienda Antonio Ortiz Mena (Antigua Capilla de la Emperatriz del Palacio Nacional);<br \/>\nLa Casa del Cine;<br \/>\nMonumento Estela de Luz;<br \/>\nMuseo Diego Rivera &#8211; Anahuacalli;<br \/>\nMuseo Franz Mayer;<br \/>\nMuseo Universitario del Chopo;<br \/>\nPalacio de Bellas Artes;<br \/>\nPlaza Condesa;<br \/>\nPlaza de la Rep\u00fablica;<br \/>\nPlaza &#8220;El Aguilita&#8221;;<br \/>\nSala Miguel Covarrubias;<br \/>\nSala Nezahualc\u00f3yotl;<br \/>\nTeatro de la Ciudad &#8220;Esperanza Iris&#8221;;<br \/>\nTeatro de la Danza;<br \/>\nTeatro El Gale\u00f3n;<br \/>\nTeatro El Granero, Xavier Rojas;<br \/>\nTeatro Juan Ru\u00edz de Alarc\u00f3n del Centro Cultural Universitario;<br \/>\nTeatro Julio Castillo;<br \/>\nTeatro Julio Jim\u00e9nez Rueda;<br \/>\nTemplo de Santo Domingo.<\/p>\n<h3>Boletos:<\/h3>\n<p>La compra de boletos se realiza en la <strong>taquilla del Festival:<\/strong> Rep\u00fablica de Cuba 43, 2do. Piso (entre Allende y Rep\u00fablica de Chile), Col. Centro, C.P. 06010, M\u00e9xico, D.F.<br \/>\nDe lunes a viernes de 9:00 a 18:00 horas.<br \/>\nS\u00e1bados y domingos de 10:00 a 19:00 horas.<\/p>\n<p><em><span style=\"text-decoration: underline;\"><strong>Texto<\/strong><\/span>: Karla Lisandra Cisneros Cort\u00e9s<\/em><\/p>\n<p><strong><a title=\"Archivo PDF Programa completo del Festival de M\u00e9xico 2012\" href=\"http:\/\/www.festival.org.mx\/fmx\/articulo.php?i=448 \" target=\"_blank\">Descargar el programa de actividades<\/a><\/strong><\/p>\n<p><strong><a title=\"Reserva un hotel en la ciudad de M\u00e9xico \" href=\"http:\/\/www.travelbymexico.com\/ciudaddemexico\/hoteles\" target=\"_blank\">Reserva un hotel en la Ciudad de M\u00e9xico <\/a><\/strong><\/p>\n<p>&nbsp;<\/p>\n","protected":false},"excerpt":{"rendered":"<p>La vig\u00e9sima octava edici\u00f3n del Festival de M\u00e9xico se llevar\u00e1 a cabo del 2 al 20 de Mayo y tendr\u00e1<\/p>\n","protected":false},"author":2,"featured_media":11774,"comment_status":"closed","ping_status":"closed","sticky":false,"template":"","format":"standard","meta":[],"categories":[37,14],"tags":[318,363,9799,400,537,2756,2755,763,896,2446,926,1397,2754,1157],"_links":{"self":[{"href":"https:\/\/www.travelbymexico.com\/blog\/wp-json\/wp\/v2\/posts\/11773"}],"collection":[{"href":"https:\/\/www.travelbymexico.com\/blog\/wp-json\/wp\/v2\/posts"}],"about":[{"href":"https:\/\/www.travelbymexico.com\/blog\/wp-json\/wp\/v2\/types\/post"}],"author":[{"embeddable":true,"href":"https:\/\/www.travelbymexico.com\/blog\/wp-json\/wp\/v2\/users\/2"}],"replies":[{"embeddable":true,"href":"https:\/\/www.travelbymexico.com\/blog\/wp-json\/wp\/v2\/comments?post=11773"}],"version-history":[{"count":4,"href":"https:\/\/www.travelbymexico.com\/blog\/wp-json\/wp\/v2\/posts\/11773\/revisions"}],"predecessor-version":[{"id":11778,"href":"https:\/\/www.travelbymexico.com\/blog\/wp-json\/wp\/v2\/posts\/11773\/revisions\/11778"}],"wp:featuredmedia":[{"embeddable":true,"href":"https:\/\/www.travelbymexico.com\/blog\/wp-json\/wp\/v2\/media\/11774"}],"wp:attachment":[{"href":"https:\/\/www.travelbymexico.com\/blog\/wp-json\/wp\/v2\/media?parent=11773"}],"wp:term":[{"taxonomy":"category","embeddable":true,"href":"https:\/\/www.travelbymexico.com\/blog\/wp-json\/wp\/v2\/categories?post=11773"},{"taxonomy":"post_tag","embeddable":true,"href":"https:\/\/www.travelbymexico.com\/blog\/wp-json\/wp\/v2\/tags?post=11773"}],"curies":[{"name":"wp","href":"https:\/\/api.w.org\/{rel}","templated":true}]}}