{"id":11758,"date":"2012-04-29T05:06:20","date_gmt":"2012-04-29T10:06:20","guid":{"rendered":"http:\/\/www.travelbymexico.com\/blog\/?p=11758"},"modified":"2012-04-29T05:07:05","modified_gmt":"2012-04-29T10:07:05","slug":"programa-de-eventos-del-dia-internacional-de-la-danza-2012-en-la-ciudad-de-mexico","status":"publish","type":"post","link":"https:\/\/www.travelbymexico.com\/blog\/11758-programa-de-eventos-del-dia-internacional-de-la-danza-2012-en-la-ciudad-de-mexico\/","title":{"rendered":"Programa de eventos del D\u00eda Internacional de la Danza 2012 en la ciudad de M\u00e9xico"},"content":{"rendered":"<h2>Establecido por el Comit\u00e9 de Danza del Instituto Internacional del Teatro de la Unesco en 1982, el D\u00eda Internacional de la Danza es celebrado el 29 de abril, d\u00eda del nacimiento de Jean-Georges Noverre (1727 \u20131810), bailar\u00edn y profesor de ballet considerado como el m\u00e1s grande core\u00f3grafo de su \u00e9poca y el creador del ballet moderno.<\/h2>\n<h3>Celebraci\u00f3n del D\u00eda Internacional de la Danza 2012 en la ciudad de M\u00e9xico<\/h3>\n<p><strong>2000 bailarines de 90 grupos de Danza Cl\u00e1sica, Contempor\u00e1nea, Jazz, Folklore, Flamenco y Danzas del Mundo<\/strong> celebrar\u00e1n el <strong>D\u00eda Internacional de la Danza<\/strong> ofreciendo <em>espect\u00e1culos de danza, clases abiertas, ensayos al aire libre, tertulias, bailes populares, talleres, espect\u00e1culos callejeros<\/em>, etc. en varios recintos culturales de la ciudad de M\u00e9xico y foros al aire libre como la Explanada del<strong> <a title=\"Rese\u00f1a de la Plaza de la Constituci\u00f3n en la ciudad de M\u00e9xico\" href=\"http:\/\/www.travelbymexico.com\/blog\/883-plaza-de-la-constitucion\/\" target=\"_blank\">Z\u00f3calo Capitalino<\/a><\/strong> en la que, entre otras prestigiosas compa\u00f1\u00edas se presentar\u00e1n Contempodanza, la <strong>Escuela Nacional de Danza Cl\u00e1sica y Contempor\u00e1nea del Instituto Nacional de Bellas Artes<\/strong>, Contradanza, Ardent\u00eda, Armastus Dua Danza Contempor\u00e1nea, Barro Rojo, entre otras.<\/p>\n<h3>Programa de eventos del D\u00eda Internacional de la Danza 2012<\/h3>\n<p><span style=\"text-decoration: underline;\"><strong>Teatro de la Ciudad &#8220;Esperanza Iris&#8221;<\/strong><\/span><\/p>\n<p>12:00 &#8211; Pedro y el Lobo\/Isabel \u00c1valos<br \/>\n19:15-19:35 &#8211; ANTONIO SALINAS<br \/>\n19:40-20:00 &#8211; Camerino 4 \/Magdalena Brezzo<br \/>\n20:05- 20:25 &#8211; ASYC \/ El Teatro de Movimiento \/ Alicia S\u00e1nchez<br \/>\n20:30 &#8211; COMPARSA, Teatro de la Ciudad &#8220;Esperanza Iris&#8221; \/ Z\u00d3CALO<\/p>\n<p><span style=\"text-decoration: underline;\"><strong>Centro Cultural del Bosque\u00a0<\/strong><\/span><\/p>\n<p><a title=\"Programa Dia Internacional de la Danza 2012 en Centro Cultural del Bosque\" href=\"http:\/\/www.danza.bellasartes.gob.mx\/pdfs\/SABANA_DID_DORSO_2012.pdf \" target=\"_blank\">DESCARGA el PDF de Actividades y espect\u00e1culos<\/a> programados en las instalaciones del CCB:<em> Teatro de la Danza \/ Granejo Xavier Rojas \/ Escenario 1 Al Aire Libre \/ Teatro Julio Castillo \/ Sala Xavier Villaurrutia \/ Teatro El Gale\u00f3n \/ Teatro Orientaci\u00f3n \/ Escenario 2 Al Aire Libre.<\/em><\/p>\n<p><span style=\"text-decoration: underline;\"><strong>&#8220;Foro A Poco No&#8221;<\/strong><\/span><\/p>\n<p>11:25-11:45 &#8211; Javier Contreras \/solo<br \/>\n11:50- 12:10 A poc A poc\/Jaime Camarena\/Unipersonal<br \/>\n12:15- 12:35 Colectivo Fresco\/ Anabella Pareja<br \/>\n12:40- 13:00 Tal\u00eda Falconi y Federico Vald\u00e9z<br \/>\n13:05- 13:25 Aoyama\u00a0 Danza contempor\u00e1nea\/Pablo Madrigal<br \/>\n13:30- 13:50 \u00c1ngulo Alterno\/ Alonso Alarc\u00f3n<br \/>\n15:05- 15:25 Lourdes Fern\u00e1ndez\/solo<br \/>\n15:30- 15:50 Ensamble8\/Alejandro Ru\u00edz\u00a0 Danza Contempor\u00e1nea<br \/>\n15:55- 16:15 Duetos del Conservatorio de Danza\/Guillermo Maldonado<br \/>\n16:20- 16:40 Yseye Appleton<br \/>\n16:45- 17:05 Jonathan Castillo\/solo<br \/>\n17:10-17:30 Nemian\/Isabel Beteta\/solo<br \/>\n17:35-17:55 Vicente Silva, Danza Contempor\u00e1nea\/Vicente Silva Sanjin\u00e9s<\/p>\n<p><span style=\"text-decoration: underline;\"><strong>Teatro Benito Ju\u00e1rez<\/strong><\/span><\/p>\n<p>10:15-10:30 Ceremonia de Inauguraci\u00f3n<br \/>\n10:35-10:55 Escuela de Danza del Centro Cultural Oll\u00edn Yoliztli<br \/>\n11:00-11:20 Escuela de Danza del Centro Cultural Oll\u00edn Yoliztli<br \/>\n11:25- 11:45 Momentos Corp\u00f3reos\/ Miguel Angel Palmeros y Maribel Michel<br \/>\n11:50- 12:10 Eterno Caracol\/ Ester Lopezllera<br \/>\n12:15- 12:35 Inside the Body\/\u00a0 Aladino Blanca<br \/>\n12:40- 1:00 Proyecto Finisterra\/ Isabel Romero<br \/>\n1:05- 1:25\u00a0 Conservatorio de Danza \/Guillermo Maldonado<br \/>\n1:30- 1:50 Lagu Danza\/Erika M\u00e9ndez<br \/>\n2:00-3:00 <em>&#8211;Comida&#8211;<\/em><br \/>\n3:05- 3:25 \u00d3scar Ruvalcaba.\u00a0 C\u00eda. de Danza Contempor\u00e1nea<br \/>\n3:30- 3:50 Ultimo Tren Danza-Escena\/ Gregorio Trejo<br \/>\n3:55- 4:15 Ave F\u00e9nix Danza Contempor\u00e1nea\/ Manuel Medina<br \/>\n4:20- 4:40 Gregorio Trejo-Emmanuel\u00a0 Torres\/Danza<br \/>\n4:45- 5:05 Aksenti\u00a0 Danza Contempor\u00e1nea \/Duane Cochran<br \/>\n5:10-5:30 COMPA\u00d1\u00cdA R +R ARTE Y MOVIMIENTO\/ Roc\u00edo Becerril<br \/>\n5:35-5:55 La Cebra, danza gay\/Jos\u00e9 Rivera Moya<\/p>\n<p><span style=\"text-decoration: underline;\"><strong>Teatro Sergio Maga\u00f1a<\/strong><\/span><\/p>\n<p>10:35-10:55 Escuela Nacional de Danza Nellie y Gloria Campobello\/Especialidad de Danzas Espa\u00f1olas<br \/>\n11:00-11:20 Lya Morgana\/ Danza Flamenca<br \/>\n11:25- 11:45 Casilda Madrazo \/ Alejandra Vald\u00e9z<br \/>\n11:50- 12:10 C\u00eda de danza flamenca del ITESM campus Cd. De M\u00e9xico<br \/>\n12:15- 12:35 Mari Paz Covarrubias<br \/>\n12:40- 1:00 Solera y Comp\u00e1s\/ Silvia Puebla y Cecilia Rivera<br \/>\n1:05- 1:25 Amalia Romero\/ Danza Flamenca<br \/>\n1:30- 1:50 C\u00eda. David Serna de Flamenco<br \/>\n2:00-3:00 <em>&#8211;Comida&#8211;<\/em><br \/>\n3:05- 3:25 Temple Flamenco\/ Rosa Mar\u00eda Navarrete<br \/>\n3:30- 3:50 Mari\u00e9n Lu\u00e9vano<br \/>\n3:55- 4:15 Por la Calle Nueva\/Ricardo Rubio 4:20- 4:40 Rosa Elena Flores Danza Flamenca<br \/>\n4:45- 5:05 Omar Castillo\/Danza Flamenca<br \/>\n5:10-5:30 Mar\u00eda Elena Anaya\/Danza Flamenca<br \/>\n5:35-5:55 Patricia Linares \/ Danza Flamenca<\/p>\n<h3>D\u00eda Internacional de la Danza 2012 en el Z\u00f3calo de la ciudad de M\u00e9xico<\/h3>\n<p><span style=\"text-decoration: underline;\"><strong>Foro Itinerante &#8220;El Blanquito&#8221; presenta: DANZAS DEL MUNDO\u00a0\u00a0\u00a0<\/strong><\/span><\/p>\n<p>Contradanza, Ardent\u00eda, Armastus Dua Danza Contempor\u00e1nea, Barro Rojo, Contempodanza, la Escuela Nacional de Danza Cl\u00e1sica y Contempor\u00e1nea del Instituto Nacional de Bellas Artes y el Ballet Independiente:<br \/>\n10:35-10:55 Escuela Nacional de Danza Folkl\u00f3rica INBA<br \/>\n11:00-11:20 Escuela Nacional de Danza Nellie y Gloria Campobello\/ Especialidad de Danza Folkl\u00f3rica<br \/>\n11:25- 11:45 C\u00eda. de\u00a0 Ritmos Afro &#8220;Sangre Nueva&#8221;\/ Laura Uscanga<br \/>\n11:50- 12:10 C\u00eda. Nami Kaleo O Kala, Danzas Polinesas\/Ana Lilia S\u00e1nchez<br \/>\n12:15- 12:35 SHAZADI\/Mar\u00eda Larralde<br \/>\n12:40- 1:00 Yanga Danzas Africanas \/ Lourdes\u00a0 Guzm\u00e1n<br \/>\n1:05- 1:25 Collage Danzonero\/ Rosalinda Vald\u00e9s<br \/>\n1:30- 1:50 Ballet Danzas Internacionales Ollin\/ Carla \u00c9rika Garc\u00eda<br \/>\n2:00-3:00 <em>&#8211;Comida&#8211;<\/em><br \/>\n3:05- 3:25 Aradanza. C\u00eda de Danza \u00c1rabe\/Mirna Garibay<br \/>\n3:30- 3:50 Berenice M\u00e9ndez \/Danza Ind\u00fa<br \/>\n3:55- 4:15 Timba Casino, Baile Cubano\/Luis Mart\u00ednez Canssio<br \/>\n4:20- 4:40 Compa\u00f1\u00eda Malka de Tango y Folklore Argentino\/ Alberto Calder\u00f3n<br \/>\n4:45- 5:05 Ca\u00f1a y Candela Pura, C\u00eda. de M\u00fasica y Danza Flamenca\/Aline Lecona<br \/>\n5:10-5:30 Anajn\u00fa Veatem \/Danza jud\u00eda<br \/>\n5:35-5:55 Capoeira Angola ECAIG\/Alejandro Ru\u00edz<\/p>\n<p><span style=\"text-decoration: underline;\"><strong>Escenario de Danza Contempor\u00e1nea &#8211; Z\u00f3calo de la ciudad de M\u00e9xico \u00a0<\/strong><\/span><\/p>\n<p>10:35-10:55 Escuela Nacional de Danza Cl\u00e1sica y Contempor\u00e1nea\/INBA<br \/>\n11:00-11:20 Escuela Nacional de Danza Cl\u00e1sica y Contempor\u00e1nea\/INBA<br \/>\n11:25- 11:45 Coraz\u00f3n Compa\u00f1\u00eda Creativa\/ Gutemberg Brito<br \/>\n11:50- 12:10 Armastus Dua Danza Contempor\u00e1nea\/ Neri de la Palma<br \/>\n12:15- 12:35 C\u00eda. de Danza Ardent\u00eda\/ Reyna P\u00e9rez<br \/>\n12:40- 1:00 Arte Acci\u00f3n Teatro del Movimiento \/Gerardo S\u00e1nchez<br \/>\n1:05- 1:25 DanceAbility\/Lourdes Arroyo<br \/>\n1:30- 1:50 Contradanza\/Cecilia Appleton<br \/>\n2:00-3:00 <em>&#8211;Comida&#8211;<\/em><br \/>\n3:05- 3:25 Danza jazz\/ Taller de la Facultad de Estudios Superiores\u00a0 Arag\u00f3n UNAM<br \/>\n3:30- 3:50 Agave Azul\/Victor Hugo Reyes<br \/>\n3:55- 4:15 Andanzas 30\/30 Sonia Pabello<br \/>\n4:20- 4:40 Ballet Independiente \/Magnolia Flores<br \/>\n4:45- 5:05 Landscape_Artes esc\u00e9nicas\/ Vivian Cruz<br \/>\n5:10-5:30 Barro Rojo Arte Esc\u00e9nico \/ Laura Rocha<br \/>\n5:35-5:55 Contempodanza \/ Cecilia Lugo<br \/>\n18:00-19:00 COMPARSA Z\u00f3calo\/ Teatro de la Ciudad &#8220;Esperanza Iris&#8221;<\/p>\n<p><span style=\"text-decoration: underline;\"><strong>Escenario\u00a0 de Danza Folkl\u00f3rica &#8211; Z\u00f3calo de la ciudad de M\u00e9xico\u00a0 \u00a0<\/strong><\/span><\/p>\n<p>10:35-10:55 Compa\u00f1\u00eda Nacional de Danza Folkl\u00f3rica\/Nieves Paniagua<br \/>\n11:00-11:20 &#8220;Una gota en el Tiempo&#8221;. Danza Folkl\u00f3rica\/ Wilfrido T\u00e9llez Sandoval<br \/>\n11:25- 11:45 Grupo Art\u00edstico Mexicano Macuitlx\u00f3chitl\/Francisco Bejarano<br \/>\n11:50- 12:10 Ballet Folkl\u00f3rico\u00a0 Latinoamericano An\u00e1huac\/Dora Luz Garc\u00eda<br \/>\n12:15- 12:35 Ballet Folkl\u00f3rico Recreaci\u00f3n\/Jos\u00e9 Alfredo Bol\u00f3n<br \/>\n12:40- 1:00 Grupo de Danza Folkl\u00f3rica\u00a0 MEXICAYOTL\/Miriam Huerta<br \/>\n1:05- 1:25 Compa\u00f1\u00eda Folkl\u00f3rica de Artes Esc\u00e9nicas LE NAIN\/Ariadna Arriaga<br \/>\n1:30- 1:50 Expresiones de M\u00e9xico\/Alberto \u00c1brego<br \/>\n2:00-3:00 &#8212; Comida&#8211;<br \/>\n3:05- 3:25 Ballet Folkl\u00f3rico Mexicano\/ Guillermo Gonz\u00e1lez<br \/>\n3:30- 3:50 C\u00eda. Municipal de danza Folcl\u00f3rica Ixtapaluca\/ Jes\u00fas H. Nafarrete<br \/>\n3:55- 4:15 Hueyitlahuilli Ballet Folkl\u00f3rico\/ Jes\u00fas Silvetti<br \/>\n4:20- 4:40 Ballet Folkl\u00f3rico Yetlanezi\/Jorge Ure\u00f1o de la O<br \/>\n4:45- 5:05 Escuela del Ballet Folkl\u00f3rico de M\u00e9xico\/ Francisco Bravo<br \/>\n5:10-5:30 Estampas de M\u00e9xico \/ Carlos Islas<br \/>\n5:35-5:55 Grupo de Danza Folkl\u00f3rica Mizoc\/Tizoc Fuentes<\/p>\n<p><span style=\"text-decoration: underline;\"><strong>Intervenci\u00f3n de Danza &#8211; Esquina de 20 de Noviembre y Plaza del Z\u00f3calo Capitalino<\/strong><\/span><\/p>\n<p>3:55- 4:15 Asalto Diario &#8220;Ecodanza&#8221;\/ Miguel Angel D\u00edaz<\/p>\n<p><span style=\"text-decoration: underline;\"><strong>La Cantera<\/strong><\/span>: es un espacio independiente bajo la direcci\u00f3n del reconocido director art\u00edstico y core\u00f3grafo <strong>Jaime Camarena<\/strong>:<\/p>\n<p>3:05-3:25 Francisco C\u00f3rdova \/Physical Momentum Project\/Coreograf\u00eda Arteria<br \/>\n3:30-3:50 Aladino R. Blanca \/ Grupo Inside the Body \/ Coreograf\u00eda: Firdus-El para\u00edso<br \/>\n3:55-4:15 Yuridia Ortega\/Coreograf\u00eda Blue&#8217;s Note&#8217;s<br \/>\n4:20-4:40 Erika M\u00e9ndez \/ Coreograf\u00eda: Dualismo Dueto<br \/>\n4:45-5:05 Edisel Cruz\/ A poc A poc \/ Coreograf\u00eda: Part\u00edculas disgregadas<br \/>\n5:10-5:30 Jaime Camarena \/ A poc A poc \/ Unipersonal<br \/>\n5:35-5:55 Sergio Anselmo\/ A poc A poc\/Coreograf\u00eda: H\u00e1bitat, del subtexto a la ocasi\u00f3n<\/p>\n","protected":false},"excerpt":{"rendered":"<p>Establecido por el Comit\u00e9 de Danza del Instituto Internacional del Teatro de la Unesco en 1982, el D\u00eda Internacional de<\/p>\n","protected":false},"author":2,"featured_media":11759,"comment_status":"closed","ping_status":"closed","sticky":false,"template":"","format":"standard","meta":[],"categories":[14],"tags":[2739,1520,2140,2740,400,1378,2706,466,9811,582,664,709,1053,1237,1297],"_links":{"self":[{"href":"https:\/\/www.travelbymexico.com\/blog\/wp-json\/wp\/v2\/posts\/11758"}],"collection":[{"href":"https:\/\/www.travelbymexico.com\/blog\/wp-json\/wp\/v2\/posts"}],"about":[{"href":"https:\/\/www.travelbymexico.com\/blog\/wp-json\/wp\/v2\/types\/post"}],"author":[{"embeddable":true,"href":"https:\/\/www.travelbymexico.com\/blog\/wp-json\/wp\/v2\/users\/2"}],"replies":[{"embeddable":true,"href":"https:\/\/www.travelbymexico.com\/blog\/wp-json\/wp\/v2\/comments?post=11758"}],"version-history":[{"count":2,"href":"https:\/\/www.travelbymexico.com\/blog\/wp-json\/wp\/v2\/posts\/11758\/revisions"}],"predecessor-version":[{"id":11761,"href":"https:\/\/www.travelbymexico.com\/blog\/wp-json\/wp\/v2\/posts\/11758\/revisions\/11761"}],"wp:featuredmedia":[{"embeddable":true,"href":"https:\/\/www.travelbymexico.com\/blog\/wp-json\/wp\/v2\/media\/11759"}],"wp:attachment":[{"href":"https:\/\/www.travelbymexico.com\/blog\/wp-json\/wp\/v2\/media?parent=11758"}],"wp:term":[{"taxonomy":"category","embeddable":true,"href":"https:\/\/www.travelbymexico.com\/blog\/wp-json\/wp\/v2\/categories?post=11758"},{"taxonomy":"post_tag","embeddable":true,"href":"https:\/\/www.travelbymexico.com\/blog\/wp-json\/wp\/v2\/tags?post=11758"}],"curies":[{"name":"wp","href":"https:\/\/api.w.org\/{rel}","templated":true}]}}