{"id":11486,"date":"2012-03-23T02:14:28","date_gmt":"2012-03-23T08:14:28","guid":{"rendered":"http:\/\/www.travelbymexico.com\/blog\/?p=11486"},"modified":"2012-11-01T21:55:38","modified_gmt":"2012-11-02T03:55:38","slug":"visita-apostolica-de-s-s-benedicto-xvi-a-mexico-del-23-al-26-de-marzo-de-2012","status":"publish","type":"post","link":"https:\/\/www.travelbymexico.com\/blog\/11486-visita-apostolica-de-s-s-benedicto-xvi-a-mexico-del-23-al-26-de-marzo-de-2012\/","title":{"rendered":"Visita Apost\u00f3lica de S.S. Benedicto XVI a M\u00e9xico, del 23 al 26 de marzo de 2012"},"content":{"rendered":"<h2>&#8220;Guanajuato est\u00e1 listo y preparado para recibir y saludar al Papa Benedicto XVI y al mundo entero con los brazos abiertos&#8221;; Juan Manuel Oliva Ram\u00edrez, Gobernador de Guanajuato. En el marco de su visita apost\u00f3lica a M\u00e9xico y Cuba, el Papa Benedicto XVI llegar\u00e1 ma\u00f1ana 23 de marzo de 2012, en la tarde, al Aeropuerto del Baj\u00edo, Silao, GTO.<\/h2>\n<h3>Visita apost\u00f3lica de S.S. Benedicto XVI a M\u00e9xico del 23 al 26 de marzo de 2012<\/h3>\n<p>El 12 de diciembre de 2011, en la Basi\u0301lica de San Pedro de Roma, Su Santidad Benedicto XVI anunci\u00f3 lo siguiente: &#8220;Tengo la intenci\u00f3n de emprender un viaje apost\u00f3lico, antes de la Santa Pascua, a M\u00e9xico y Cuba para proclamar alli\u0301 la Palabra de Cristo y se afiance la conviccio\u0301n de que e\u0301ste es un tiempo precioso para evangelizar con una fe recia, una esperanza de vida y una caridad ardiente&#8221;.<\/p>\n<h3>Llegada del Santo Padre al Aeropuerto del Baj\u00edo &#8211; Ceremonia de bienvenida<\/h3>\n<h3>Viernes 23 de marzo de 2012<\/h3>\n<p><strong>A las 16:30 horas:<\/strong><br \/>\nEl Santo Padre llegar\u00e1, proveniente de la ciudad de Roma, al Aeropuerto del Baj\u00edo, en Silao, Guanajuato. Ser\u00e1 recibido oficialmente por <em>S.E. el Se\u00f1or Presidente de los Estados Unidos Mexicanos, Lic. <strong>Felipe Calder\u00f3n Hinojosa<\/strong>, por la Conferencia Episcopal y por el Sr. Arzobispo de Le\u00f3n.<\/em><\/p>\n<p>Durante su estancia en M\u00e9xico, el Papa Benedicto XVI se hospedar\u00e1 en la residencia de las Religiosas del<strong> Colegio Miraflores<\/strong>, de Le\u00f3n, Guanajuato.<\/p>\n<p><span style=\"text-decoration: underline;\"><strong>A las 17:30 horas: 1\u00ba Recorrido de la Papam\u00f3vil<\/strong>:<\/span><br \/>\nAeropuerto Internacional del Baj\u00edo &#8211; Colegio de Miraflores<\/p>\n<h3>S\u00e1bado 24 de marzo de 2012<\/h3>\n<p><span style=\"text-decoration: underline;\"><strong>A las 8:00 horas<\/strong><\/span>: misa en privado en la capilla del Colegio Miraflores.<\/p>\n<p><span style=\"text-decoration: underline;\"><strong>A las 17:00 horas: 2\u00ba recorrido de la Papam\u00f3vil<\/strong><\/span><br \/>\nGlorieta de Santa Fe &#8211; Casa del Conde de Rul.<\/p>\n<p>La tarde del s\u00e1bado 24 de marzo, el Pont\u00edfice se trasladar\u00e1 a la <strong>Casa del Conde Rul<\/strong>, sede de Representaci\u00f3n del Gobierno del Estado de Guanajuato.<\/p>\n<p>A las 18:00 horas: <span style=\"text-decoration: underline;\"><strong>El Papa Benedicto XVI se entrevistar\u00e1 con el presidente Felipe Calder\u00f3n<\/strong><\/span> en la Casa del Conde Rul, en Guanajuato.<\/p>\n<p>A las 18:45 horas: <strong>Reuni\u00f3n con ni\u00f1os en Plaza de la Paz de Guanajuato<\/strong>.<br \/>\nEl Santo Padre saludar\u00e1 y bendecir\u00e1 a los ni\u00f1os y fieles que se encontrar\u00e1n reunidos en la Plaza de la Paz, de la ciudad de Guanajuato, Gto.<\/p>\n<p><span style=\"text-decoration: underline;\"><strong>A las 19:30 hrs. 3er Recorrido de la Papam\u00f3vil<\/strong><\/span><br \/>\nPuerta del Milenio- Colegio de Miraflores<br \/>\n<em>Durante este recorrido, el Pap\u00e1 recibir\u00e1 las &#8220;<strong>llaves de la ciudad de Le\u00f3n<\/strong>&#8220;.<\/em><\/p>\n<h3>Domingo 25 de marzo de 2012<\/h3>\n<p>A las 10:00 horas: *<strong>Santa Misa en el Parque del Bicentenario de Le\u00f3n<\/strong>.<br \/>\nRezo del Angelus Domini. Homil\u00eda del Santo Padre.<br \/>\nMisa multitudinaria al pie del <a title=\"Santuario del Cerro del Cubilete, Cristo Rey. En Silao, Gto. \" href=\"http:\/\/www.travelbymexico.com\/blog\/2103-cubilete\/\" target=\"_blank\">Cerro del Cubilete<\/a> que en su cima alberga el Monumento a Cristo Rey.<\/p>\n<p><em><span style=\"text-decoration: underline;\">*Los boletos de acceso a esta ceremonia religiosa no tendr\u00e1n ning\u00fan costo y la distribuci\u00f3n gratuita de los mismos ser\u00e1 a trav\u00e9s de las parroquias.<\/span><\/em><br \/>\n<em><strong>El Papa Benedicto XVII<span style=\"text-decoration: underline;\"> regalar\u00e1 a M\u00e9xico un mosaico<\/span> que ser\u00e1 colocado en el interior del <a title=\"Santuario del Cerro del Cubilete, Cristo Rey. En Silao, Gto.\" href=\"http:\/\/www.travelbymexico.com\/guanajuato\/atractivos\/index.php?nom=eguacubilete\" target=\"_blank\">Santuario a Cristo Rey<\/a>.<\/strong><\/em><\/p>\n<p><span style=\"text-decoration: underline;\"><strong>A las 17:00 horas: 4\u00ba Recorrido de la Papam\u00f3vil<\/strong><\/span><br \/>\nColegio Miraflores &#8211; Catedral de Le\u00f3n<\/p>\n<p>A las 18:00 horas<br \/>\n<strong>Celebraci\u00f3n de las V\u00edsperas con los obispos de M\u00e9xico y de Am\u00e9rica Latina en la <span style=\"text-decoration: underline;\">Catedral de la Madre Sant\u00edsima de la Luz de Le\u00f3n<\/span><\/strong>. Discurso del Santo Padre.<\/p>\n<p><span style=\"text-decoration: underline;\"><strong>A las 19:00 horas &#8211; 5\u00ba y \u00faltimo Recorrido de la Papam\u00f3vil<\/strong><\/span><br \/>\nCatedral de Le\u00f3n &#8211; Colegio de Miraflores<\/p>\n<h3>Viaje del Papa de M\u00e9xico a Cuba:<\/h3>\n<p>El Santo Padre proseguir\u00e1 su viaje hacia Santiago de Cuba el lunes 26 de marzo de 2012 por la ma\u00f1ana.\u00a0 desde el mismo Aeropuerto de Le\u00f3n, Gto. Ah\u00ed ser\u00e1 despedido por las m\u00e1s altas autoridades civiles y religiosas de M\u00e9xico.<\/p>\n<h3><span style=\"text-decoration: underline;\">Informaci\u00f3n \u00fatil:<\/span><\/h3>\n<p><span style=\"text-decoration: underline;\"><strong>Los discursos del Papa ser\u00e1n traducidos por 15 traductores.\u00a0<\/strong><\/span><\/p>\n<h3>Los boletos son gratuitos:<\/h3>\n<p>Los boletos de acceso a la ceremonia religiosa en el Parque del Bicentenario en Le\u00f3n <a title=\"Sitio oficial de la Visita Apost\u00f3lica del Papa Benedicto XVI a M\u00e9xico\" href=\"http:\/\/www.benedictomexico.mx\/visita-a-mexico\/boletos \" target=\"_blank\">no tendr\u00e1n ning\u00fan costo<\/a> y la distribuci\u00f3n gratuita de los mismos ser\u00e1 a trav\u00e9s de las parroquias.<\/p>\n<h3>Restricci\u00f3n sobre la venta de alcohol<\/h3>\n<p><span style=\"text-decoration: underline;\"><strong>Para los d\u00edas viernes 23, s\u00e1bado 24 y domingo 25 de marzo<\/strong><\/span>:\u00a0<em>Como lo aprob\u00f3 el Ayuntamiento, se establece una restricci\u00f3n sobre la venta de alcohol para los d\u00edas viernes 23, s\u00e1bado 24 y domingo 25 de marzo, 8 horas antes de cada recorrido y 3 horas despu\u00e9s, para los establecimientos ubicados sobre la calles del trayecto y a dos cuadras paralelas o transversales. <\/em><\/p>\n<p><em>Todos los establecimientos obligados a acatar esta disposici\u00f3n podr\u00e1n abrir al p\u00fablico y operar en sus horarios normales y continuar con la venta de alcohol una vez que transcurra el horario restringido. <\/em><\/p>\n<p><em>El Reglamento de Fiscalizaci\u00f3n establece multa de 10 a 100 salarios m\u00ednimos por venta de alcohol fuera del horario permitido. (Fuente: OCV Le\u00f3n)<\/em>.<\/p>\n<p><strong><a title=\"Programa oficial de la visita del Papa Benedicto XVI a M\u00e9xico, Marzo 2012\" href=\"http:\/\/www.benedictomexico.mx\/visita-a-mexico\/2012-02-09-00-00-09\/comunicados-oficiales\/91-programa-oficial-de-la-visita-apostolica-del-papa-benedicto-XVIi-a-mexico\" target=\"_blank\">Programa Oficial de la visita apost\u00f3lica del Papa Benedicto XVI a M\u00e9xico &#8211; del 23 al 26 de Marzo de 2012 <\/a><\/strong><\/p>\n<p><strong><a title=\"Sitio oficial del Episcopado Mexicano\" href=\"http:\/\/www.cem.org.mx\" target=\"_blank\">CEM: Conferencia del Episcopado Mexicano <\/a><\/strong><\/p>\n<p><strong><a title=\"Circulaci\u00f3n, seguridad, prevenci\u00f3n, etc. durante la visita del Papa a Le\u00f3n\" href=\"http:\/\/visitapapalenleon.mx\/comunicado_oficial \" target=\"_blank\">Comunicados Oficiales sobre la Visita del Papa en Le\u00f3n<\/a><\/strong> (Acceso a la ciudad de Le\u00f3n, Assistencia a personas de la tercera edad y discapacitados; circulaci\u00f3n vial, seguridad, prevenci\u00f3n, consejos, etc.).<\/p>\n<p><strong>Sitio web del Vaticano: <a title=\"Gu\u00eda de Ceremonias Lit\u00fargicas del Papa Benedicto XVI, M\u00e9xico 23 al 25 marzo de 2012\" href=\"http:\/\/www.vatican.va\/news_services\/liturgy\/libretti\/2012\/messale_mexico2012.pdf\" target=\"_blank\">Descarga la Gu\u00eda de Ceremonias Lit\u00fargicas<\/a> del Papa Benedicto XVI durante su estancia en M\u00e9xico, marzo 2012. <\/strong><\/p>\n<p><span style=\"text-decoration: underline;\"><strong><a title=\"Reserva un hotel en la ciudad de Le\u00f3n\" href=\"http:\/\/www.travelbymexico.com\/leon_cd\/hoteles\" target=\"_blank\">Reserva un hotel en Le\u00f3n, GTO. <\/a><\/strong><\/span><\/p>\n<p><span style=\"text-decoration: underline;\"><strong><a title=\"Reserva un hotel en la ciudad de Guanajuato\" href=\"http:\/\/www.travelbymexico.com\/guanajuato\/hoteles\" target=\"_blank\">Reserva un hotel en la ciudad de Guanajuato, GTO. <\/a><\/strong><\/span><\/p>\n","protected":false},"excerpt":{"rendered":"<p>&#8220;Guanajuato est\u00e1 listo y preparado para recibir y saludar al Papa Benedicto XVI y al mundo entero con los brazos<\/p>\n","protected":false},"author":2,"featured_media":11487,"comment_status":"closed","ping_status":"closed","sticky":false,"template":"","format":"standard","meta":[],"categories":[36,912],"tags":[238,288,317,384,388,470,518,2615,818,2614,2611,2610,2612,1887],"_links":{"self":[{"href":"https:\/\/www.travelbymexico.com\/blog\/wp-json\/wp\/v2\/posts\/11486"}],"collection":[{"href":"https:\/\/www.travelbymexico.com\/blog\/wp-json\/wp\/v2\/posts"}],"about":[{"href":"https:\/\/www.travelbymexico.com\/blog\/wp-json\/wp\/v2\/types\/post"}],"author":[{"embeddable":true,"href":"https:\/\/www.travelbymexico.com\/blog\/wp-json\/wp\/v2\/users\/2"}],"replies":[{"embeddable":true,"href":"https:\/\/www.travelbymexico.com\/blog\/wp-json\/wp\/v2\/comments?post=11486"}],"version-history":[{"count":5,"href":"https:\/\/www.travelbymexico.com\/blog\/wp-json\/wp\/v2\/posts\/11486\/revisions"}],"predecessor-version":[{"id":13097,"href":"https:\/\/www.travelbymexico.com\/blog\/wp-json\/wp\/v2\/posts\/11486\/revisions\/13097"}],"wp:featuredmedia":[{"embeddable":true,"href":"https:\/\/www.travelbymexico.com\/blog\/wp-json\/wp\/v2\/media\/11487"}],"wp:attachment":[{"href":"https:\/\/www.travelbymexico.com\/blog\/wp-json\/wp\/v2\/media?parent=11486"}],"wp:term":[{"taxonomy":"category","embeddable":true,"href":"https:\/\/www.travelbymexico.com\/blog\/wp-json\/wp\/v2\/categories?post=11486"},{"taxonomy":"post_tag","embeddable":true,"href":"https:\/\/www.travelbymexico.com\/blog\/wp-json\/wp\/v2\/tags?post=11486"}],"curies":[{"name":"wp","href":"https:\/\/api.w.org\/{rel}","templated":true}]}}