{"id":11387,"date":"2012-03-09T22:12:52","date_gmt":"2012-03-10T04:12:52","guid":{"rendered":"http:\/\/www.travelbymexico.com\/blog\/?p=11387"},"modified":"2012-03-09T22:15:12","modified_gmt":"2012-03-10T04:15:12","slug":"ninos-mayas-difunden-su-patrimonio-cultural-con-orgullo","status":"publish","type":"post","link":"https:\/\/www.travelbymexico.com\/blog\/11387-ninos-mayas-difunden-su-patrimonio-cultural-con-orgullo\/","title":{"rendered":"Ni\u00f1os mayas difunden su Patrimonio Cultural con orgullo"},"content":{"rendered":"<h2>Hace tres a\u00f1os, el Instituto Nacional de Antropolog\u00eda e Historia (INAH-Conaculta) ide\u00f3 el programa &#8220;Ni\u00f1os Gu\u00edas&#8221;. Esta iniciativa se aplic\u00f3 por primera vez en el sitio prehisp\u00e1nico de <a title=\"Zona Arqueol\u00f3gica de Bec\u00e1n: rese\u00f1a, fotograf\u00edas y mapa de ubicaci\u00f3n\" href=\"http:\/\/www.travelbymexico.com\/campeche\/atractivos\/index.php?nom=ecambecan\" target=\"_blank\">Bec\u00e1n<\/a> (result\u00f3 ser todo un \u00e9xito) y est\u00e1 por ampliarse a dos sitios hist\u00f3ricos del estado de Campeche.<\/h2>\n<p>Con temas como el comercio mar\u00edtimo y la pirater\u00eda, as\u00ed como leyendas de la \u00e9poca prehisp\u00e1nica, historiadores y arque\u00f3logos del INAH est\u00e1n capacitando a <strong>150 ni\u00f1os mayas de entre 5 y 14 a\u00f1os<\/strong> para ser los pr\u00f3ximos gu\u00edas de la <strong>Zona Arqueol\u00f3gica de Dzibilnocac<\/strong> y el <strong><a title=\"Informaci\u00f3n sobre el Fuerte de San Jos\u00e9 el Alto, Ciudad de Campeche. M\u00e9xico\" href=\"http:\/\/www.travelbymexico.com\/campeche\/atractivos\/index.php?nom=ecammuseosnjose&amp;don=10\" target=\"_blank\">Fuerte de San Jos\u00e9 el Alto<\/a><\/strong>, en Campeche.<\/p>\n<p>A trav\u00e9s de este programa a cargo de la <strong>\u00e1rea de Comunicaci\u00f3n Educativa de la delegaci\u00f3n del INAH en Campeche<\/strong>, se busca fomentar en los ni\u00f1os el respeto, cari\u00f1o e inter\u00e9s por el patrimonio cultural que resguardan y del cual son herederos y, concienciar a su vez a las comunidades cercanas a sitios hist\u00f3ricos.<\/p>\n<p>Este a\u00f1o, <strong>por primera vez<\/strong>, el programa \u201cNi\u00f1os Gu\u00edas\u201d se aplica en el <strong>\u00e1rea urbana<\/strong>, en la colonia Bellavista, cercana al Museo de Barcos y Armas de San Jos\u00e9 el Alto, que se alberga desde 1995 en la fortaleza del mismo nombre y que data de finales del siglo XVIII.<\/p>\n<h3>Clases de capacitaci\u00f3n<\/h3>\n<p>Durante las clases de capacitaci\u00f3n ,que no interfiere en sus actividades escolares, los ni\u00f1os fueron instruidos de la siguiente manera:<\/p>\n<p><span style=\"text-decoration: underline;\">&#8211; 30 ni\u00f1os mayas de quinto y sexto grado de primaria de la Escuela &#8220;L\u00e1zaro C\u00e1rdenas del R\u00edo&#8221;<\/span> recibieron su primera etapa de capacitaci\u00f3n como gu\u00edas por parte de especialistas del Centro INAH-Campeche quienes abordaron temas relativos al Fuerte de San Jos\u00e9 el Alto: su historia colonial, arquitectura militar as\u00ed como sobre el arte pict\u00f3rico virreinal que resguarda su pinacoteca.<\/p>\n<p><span style=\"text-decoration: underline;\">&#8211; 120 ni\u00f1os mayas de entre 5 y 12 a\u00f1os de edad, de la Escuela \u201cH\u00e9ctor P\u00e9rez Mart\u00ednez\u201d<\/span> fueron capacitados sobre la historia de la <em>Zona Arqueol\u00f3gica de Dzibilnocac<\/em>, la flora y la fauna del lugar, y leyendas mayas y cantos prehisp\u00e1nicos.<\/p>\n<p>Con el fin de enriquecer a\u00fan m\u00e1s el programa de capacitaci\u00f3n se planea a lo largo del a\u00f1o la <strong>integraci\u00f3n de expertos de las siguientes instituciones<\/strong>: Secretar\u00eda de Seguridad P\u00fablica, Facultad de Biolog\u00eda y Facultad de Humanidades de la Universidad Nacional Aut\u00f3noma de Campeche, y Centro de Investigaciones Hist\u00f3ricas de la entidad, entre otras.<\/p>\n<p><span style=\"text-decoration: underline;\"><strong>Se prev\u00e9 que los ni\u00f1os puedan iniciar los recorridos guiados a finales de este a\u00f1o.<\/strong><\/span><\/p>\n<p><strong><a title=\"Bolet\u00edn dle INAH: Ni\u00f1os mayas difunden su patrimonio cultural\" href=\"http:\/\/inah.gob.mx\/index.php\/boletines\/5-actividades-culturales\/5719-ninos-mayas-difunden-su-patrimonio-cultural \" target=\"_blank\">Leer bolet\u00edn del INAH: &#8220;Ni\u00f1os mayas difunden su patrimonio cultural&#8221;<\/a><\/strong><\/p>\n<p><strong><a title=\"Informaci\u00f3n sobre el Centro Hist\u00f3rico de la Ciudad de Campeche\" href=\"http:\/\/www.travelbymexico.com\/blog\/11264-centro-historico-de-campeche-un-lugar-palpitante-lleno-de-historia-y-leyendas\/\" target=\"_blank\">Centro Hist\u00f3rico de Campeche: &#8220;Un lugar palpitante, lleno de historia y leyendas&#8221; <\/a><\/strong><\/p>\n<p><strong><a title=\"Rese\u00f1a, fotograf\u00edas y mapa de ubicaci\u00f3n del Fuerte San Jos\u00e9 el Alto\" href=\"http:\/\/www.travelbymexico.com\/campeche\/atractivos\/index.php?nom=ecammuseosnjose&amp;don=10\" target=\"_blank\">Museo Hist\u00f3rico Reducto San Jos\u00e9 El Alto<\/a><\/strong><\/p>\n<p><strong><a title=\"Zona Arqueol\u00f3gica de Bec\u00e1n: rese\u00f1a, fotograf\u00edas y mapa de ubicaci\u00f3n\" href=\"http:\/\/www.travelbymexico.com\/campeche\/atractivos\/index.php?nom=ecambecan\" target=\"_blank\">Zona Arqueol\u00f3gica de Bec\u00e1n <\/a><\/strong><\/p>\n<p><strong><a title=\"Fotograf\u00edas del Centro Hist\u00f3rico de la ciudad de Campeche, Travelbymexico.com\" href=\"http:\/\/www.facebook.com\/media\/set\/?set=a.364530370236829.83943.186401128049755&amp;type=3&amp;l=3ffa00c6cd\" target=\"_blank\">Fotograf\u00edas del Centro Hist\u00f3rico de Campeche <\/a><\/strong><\/p>\n","protected":false},"excerpt":{"rendered":"<p>Hace tres a\u00f1os, el Instituto Nacional de Antropolog\u00eda e Historia (INAH-Conaculta) ide\u00f3 el programa &#8220;Ni\u00f1os Gu\u00edas&#8221;. Esta iniciativa se aplic\u00f3<\/p>\n","protected":false},"author":2,"featured_media":11388,"comment_status":"closed","ping_status":"closed","sticky":false,"template":"","format":"standard","meta":[],"categories":[9],"tags":[194,2551,2549,2547,656,801,2546,972,2548,1086,2550,2552,1298],"_links":{"self":[{"href":"https:\/\/www.travelbymexico.com\/blog\/wp-json\/wp\/v2\/posts\/11387"}],"collection":[{"href":"https:\/\/www.travelbymexico.com\/blog\/wp-json\/wp\/v2\/posts"}],"about":[{"href":"https:\/\/www.travelbymexico.com\/blog\/wp-json\/wp\/v2\/types\/post"}],"author":[{"embeddable":true,"href":"https:\/\/www.travelbymexico.com\/blog\/wp-json\/wp\/v2\/users\/2"}],"replies":[{"embeddable":true,"href":"https:\/\/www.travelbymexico.com\/blog\/wp-json\/wp\/v2\/comments?post=11387"}],"version-history":[{"count":5,"href":"https:\/\/www.travelbymexico.com\/blog\/wp-json\/wp\/v2\/posts\/11387\/revisions"}],"predecessor-version":[{"id":11391,"href":"https:\/\/www.travelbymexico.com\/blog\/wp-json\/wp\/v2\/posts\/11387\/revisions\/11391"}],"wp:featuredmedia":[{"embeddable":true,"href":"https:\/\/www.travelbymexico.com\/blog\/wp-json\/wp\/v2\/media\/11388"}],"wp:attachment":[{"href":"https:\/\/www.travelbymexico.com\/blog\/wp-json\/wp\/v2\/media?parent=11387"}],"wp:term":[{"taxonomy":"category","embeddable":true,"href":"https:\/\/www.travelbymexico.com\/blog\/wp-json\/wp\/v2\/categories?post=11387"},{"taxonomy":"post_tag","embeddable":true,"href":"https:\/\/www.travelbymexico.com\/blog\/wp-json\/wp\/v2\/tags?post=11387"}],"curies":[{"name":"wp","href":"https:\/\/api.w.org\/{rel}","templated":true}]}}