{"id":11372,"date":"2012-03-17T12:33:49","date_gmt":"2012-03-17T18:33:49","guid":{"rendered":"http:\/\/www.travelbymexico.com\/blog\/?p=11372"},"modified":"2012-03-06T19:52:24","modified_gmt":"2012-03-07T01:52:24","slug":"6o-gran-remate-de-libros-en-el-auditorio-nacional","status":"publish","type":"post","link":"https:\/\/www.travelbymexico.com\/blog\/11372-6o-gran-remate-de-libros-en-el-auditorio-nacional\/","title":{"rendered":"6\u00ba Gran remate de libros en el Auditorio Nacional"},"content":{"rendered":"<h2>Organizada por la Secretar\u00eda de Cultura del gobierno capitalino, con el apoyo del Auditorio Nacional, la sexta edici\u00f3n del &#8220;Gran Remate de Libros en el Auditorio Nacional&#8221; se llevar\u00e1 a cabo durante el periodo vacacional de <a title=\"Informaci\u00f3n sobre la Semana Santa 2012\" href=\"http:\/\/www.travelbymexico.com\/blog\/11153-fechas-de-semana-santa-y-vacaciones-escolares-2012-en-mexico\" target=\"_blank\">Semana Santa<\/a>, del 1 al 8 de abril de 2012 en el vest\u00edbulo principal del recinto. Adem\u00e1s de su tradicional venta nocturna, el evento contar\u00e1 este a\u00f1o con nuevas actividades y celebrar\u00e1\u00a0 el &#8220;D\u00eda Mundial del Libro Infantil&#8221;.<\/h2>\n<p>El <strong>Gran Remate de Libros en el Auditorio Nacional<\/strong> es una de las acciones m\u00e1s importantes de promoci\u00f3n editorial y fomento a la lectura que se realizan en la <a title=\"Gu\u00eda Tur\u00edstica de la ciudad de M\u00e9xico\" href=\"http:\/\/www.travelbymexico.com\/ciudaddemexico\" target=\"_blank\">Ciudad de M\u00e9xico<\/a> y una de las mejores opciones para adquirir libros a precios realmente muy bajos. Como cada a\u00f1o, el evento contar\u00e1\u00a0 con la participaci\u00f3n de un centenar de editoriales, as\u00ed como de los sellos editoriales m\u00e1s prestigiosos de la Rep\u00fablica Mexicana. Asimismo, sellos internacionales estar\u00e1n representados a trav\u00e9s de sus distribuidores en M\u00e9xico.<\/p>\n<h3>Grandes ofertas con descuentos hasta del 80 %<\/h3>\n<p>Editoriales como la UNAM, el Fondo de Cultura Econ\u00f3mica, Tusquets, Santillana, Random House Mondadori, Planeta, Siglo XXI, entre muchas otras ofrecer\u00e1n descuentos hasta del 80% sobre libros de todos los g\u00e9neros: narrativa, biograf\u00eda, novela, ensayo, medicina, literatura infantil y juvenil, poes\u00eda, medicina, derecho, etc.<\/p>\n<h3>Horarios del 6\u00ba Gran Remate de Libros en el Auditorio Nacional<\/h3>\n<p>Del domingo 1 al domingo 8 de abril de 2012, de 11:00 a 19:00 hrs.<\/p>\n<h3>Venta nocturna &#8220;6\u00ba Gran Remate de Libros&#8221;<\/h3>\n<p>La venta nocturna se realizar\u00e1 el viernes 7 de abril hasta las 21:00 horas.<\/p>\n<h3>Actividad: &#8220;Ven a comprar con\u2026&#8221;<\/h3>\n<p>En esta nueva actividad participar\u00e1n <strong>distinguidos escritores<\/strong> quienes realizar\u00e1n recorridos por los locales de la feria y recomendar\u00e1n libros, autores y lecturas al p\u00fablico que los acompa\u00f1e.<\/p>\n<h3>D\u00eda Mundial del Libro Infantil<\/h3>\n<p>El lunes 2 de abril de 2012, la &#8220;<em>Secretar\u00eda de Cultura<\/em>&#8221; y la &#8220;<em>Fundaci\u00f3n A Leer IBBY<\/em>&#8221; invita al p\u00fablico en general a celebrar el &#8220;D\u00eda Mundial del Libro Infantil&#8221; en la explanada principal del Auditorio. Se realizar\u00e1n diversas actividades culturales y de fomento a la lectura.<\/p>\n<h3>Enlaces de inter\u00e9s:<\/h3>\n<p><strong><a title=\"Feria Internacional del Libro del Palacio de Miner\u00eda, Edici\u00f3n 2012\" href=\"http:\/\/www.travelbymexico.com\/blog\/11131-feria-internacional-del-libro-del-palacio-de-mineria-edicion-2012\/\" target=\"_blank\">Feria Internacional del Libro del Palacio de Miner\u00eda, Edici\u00f3n 2012 <\/a><\/strong><\/p>\n<p><strong><a title=\"Mapa interactivo de la ciudad de M\u00e9xico\" href=\"http:\/\/www.travelbymexico.com\/ciudaddemexico\/mapa\/\" target=\"_blank\">Mapa de la ciudad de M\u00e9xico <\/a><\/strong><\/p>\n<p>&nbsp;<\/p>\n","protected":false},"excerpt":{"rendered":"<p>Organizada por la Secretar\u00eda de Cultura del gobierno capitalino, con el apoyo del Auditorio Nacional, la sexta edici\u00f3n del &#8220;Gran<\/p>\n","protected":false},"author":2,"featured_media":11373,"comment_status":"closed","ping_status":"closed","sticky":false,"template":"","format":"standard","meta":[],"categories":[9],"tags":[114,318,2535,413,2536,1622,2538,2534,2537,1236],"_links":{"self":[{"href":"https:\/\/www.travelbymexico.com\/blog\/wp-json\/wp\/v2\/posts\/11372"}],"collection":[{"href":"https:\/\/www.travelbymexico.com\/blog\/wp-json\/wp\/v2\/posts"}],"about":[{"href":"https:\/\/www.travelbymexico.com\/blog\/wp-json\/wp\/v2\/types\/post"}],"author":[{"embeddable":true,"href":"https:\/\/www.travelbymexico.com\/blog\/wp-json\/wp\/v2\/users\/2"}],"replies":[{"embeddable":true,"href":"https:\/\/www.travelbymexico.com\/blog\/wp-json\/wp\/v2\/comments?post=11372"}],"version-history":[{"count":1,"href":"https:\/\/www.travelbymexico.com\/blog\/wp-json\/wp\/v2\/posts\/11372\/revisions"}],"predecessor-version":[{"id":11374,"href":"https:\/\/www.travelbymexico.com\/blog\/wp-json\/wp\/v2\/posts\/11372\/revisions\/11374"}],"wp:featuredmedia":[{"embeddable":true,"href":"https:\/\/www.travelbymexico.com\/blog\/wp-json\/wp\/v2\/media\/11373"}],"wp:attachment":[{"href":"https:\/\/www.travelbymexico.com\/blog\/wp-json\/wp\/v2\/media?parent=11372"}],"wp:term":[{"taxonomy":"category","embeddable":true,"href":"https:\/\/www.travelbymexico.com\/blog\/wp-json\/wp\/v2\/categories?post=11372"},{"taxonomy":"post_tag","embeddable":true,"href":"https:\/\/www.travelbymexico.com\/blog\/wp-json\/wp\/v2\/tags?post=11372"}],"curies":[{"name":"wp","href":"https:\/\/api.w.org\/{rel}","templated":true}]}}