{"id":11325,"date":"2012-03-03T21:20:38","date_gmt":"2012-03-04T03:20:38","guid":{"rendered":"http:\/\/www.travelbymexico.com\/blog\/?p=11325"},"modified":"2012-03-03T21:35:24","modified_gmt":"2012-03-04T03:35:24","slug":"festival-eurojazz-2012-en-el-centro-nacional-de-las-artes","status":"publish","type":"post","link":"https:\/\/www.travelbymexico.com\/blog\/11325-festival-eurojazz-2012-en-el-centro-nacional-de-las-artes\/","title":{"rendered":"Festival EuroJazz 2012 en el Centro Nacional de las Artes"},"content":{"rendered":"<h2>Hoy, s\u00e1bado 3 de marzo, inici\u00f3 la 15\u00aa edici\u00f3n del Festival EuroJazz 2012. Organizado por la <span style=\"text-decoration: underline;\">Delegaci\u00f3n de la Uni\u00f3n Europea en M\u00e9xico<\/span>, en coordinaci\u00f3n con el Centro Nacional de las Artes, este evento se llevar\u00e1 a cabo cada fin de semana hasta el 1\u00ba de abril en las \u00e1reas verdes del CENART.<\/h2>\n<p>El Centro Nacional de las Artes (CENART) fue creado en noviembre de 1994 por el Consejo Nacional para la Cultura y las Artes (CONACULTA). Cuenta con cinco escuelas de educaci\u00f3n art\u00edstica profesional adem\u00e1s de cuatro centros nacionales de investigaci\u00f3n, documentaci\u00f3n e informaci\u00f3n. Es tambi\u00e9n un espacio dedicado a la<strong> difusi\u00f3n art\u00edstica<\/strong> que realiza diversas manifestaciones culturales a lo largo del a\u00f1o como <strong>exposiciones<\/strong> de relevantes artistas, <strong>ciclos de cine<\/strong>, temporadas de <strong>conciertos<\/strong> de la Orquesta Sinf\u00f3nica Juvenil Carlos Ch\u00e1vez, entre otros, y <strong>festivales<\/strong> siendo el &#8220;<strong>Festival EuroJazz<\/strong>&#8221; un evento que <strong>desde 15 a\u00f1os<\/strong> invita al p\u00fablico mexicano a conocer talentos emergentes y de connotada trayectoria en el \u00e1mbito del Jazz Europeo.<\/p>\n<h3>Grupos de Jazz procedentes de 12 pa\u00edses:<\/h3>\n<p>En esta edici\u00f3n del Festival EuroJazz del CENART 2012 se presentar\u00e1n agrupaciones de Alemania, Austria, B\u00e9lgica, Espa\u00f1a, Finlandia, Francia, Irlanda, Italia, Rep\u00fablica Checa, Polonia, Suecia y los Pa\u00edses Bajos.<\/p>\n<h3>*Programa de Conciertos del Festival EuroJazz 2012<\/h3>\n<p><em><span style=\"text-decoration: underline;\"><strong>Los conciertos <strong>inician a las 17:00 horas<\/strong> y son gratuitos.<\/strong><\/span><\/em><\/p>\n<p>S\u00e1bado 3 de marzo:\u00a0<strong>Francesco Cafiso &#8220;Island Blue&#8221; Quartet<\/strong> (Italia)<br \/>\nDomingo 4 de marzo:\u00a0<strong>Mamatohe<\/strong> (Rep\u00fablica Checa).<\/p>\n<p>S\u00e1bado 10 de marzo:\u00a0<strong>Herd Tr\u00edo<\/strong> (Finlandia)<br \/>\nDomingo 11 de marzo:\u00a0<strong>Christian Mendoza Group<\/strong> (B\u00e9lgica).<\/p>\n<p>S\u00e1bado 17 de marzo:\u00a0<strong>The Phil Ware Trio<\/strong> with guest <strong>Phil McDermott<\/strong> (Irlanda)<br \/>\nDomingo 18 de marzo:\u00a0<strong>David Helbock Tr\u00edo<\/strong> (Austria).<\/p>\n<p>Viernes 23 de marzo:\u00a0<strong>Marcin Wasilewski Tr\u00edo<\/strong> (Polonia)<br \/>\nS\u00e1bado 24 de marzo:\u00a0<strong>Underkarl<\/strong> (Alemania)<br \/>\nDomingo 25 de marzo:\u00a0<strong>Oddjob<\/strong> (Suecia).<\/p>\n<p>Viernes 30 de marzo:\u00a0<strong>Tr\u00edo Kora Project<\/strong> (Francia)<br \/>\nS\u00e1bado 31 de marzo:\u00a0<strong>Marta S\u00e1nchez Quartet<\/strong> (Espa\u00f1a)<br \/>\nDomingo 1 de abril:\u00a0<strong>Saskia Laroo<\/strong> (Pa\u00edses Bajos).<\/p>\n<p><span style=\"text-decoration: underline;\"><em><strong>*<\/strong>Programaci\u00f3n sujeta a cambios sin previo aviso.<\/em><\/span><em>\u00a0<\/em><\/p>\n<p><a class=\"galeria izquierda\" title=\"Grupo de Jazz en el Festival EuroJazz 2011 \u00a9 CENART\" href=\"http:\/\/www.travelbymexico.com\/blog\/imgBase\/2012\/03\/Grupo-de-Jazz-en-el-EuroJazz-Cenart-2011.jpg\"><img loading=\"lazy\" title=\"Grupo de Jazz en el Festival EuroJazz 2011 \u00a9 CENART\" src=\"http:\/\/www.travelbymexico.com\/blog\/imgBase\/2012\/03\/Grupo-de-Jazz-en-el-EuroJazz-Cenart-2011-150x150.jpg\" alt=\"\" width=\"150\" height=\"150\" \/><\/a><\/p>\n<p><span style=\"text-decoration: underline;\"><strong>\u2028Lugar<\/strong><\/span>:<\/p>\n<p><strong>\u00c1reas Verdes del <a title=\"Sitio oficial del Centro Nacional de las Artes, ciudad de M\u00e9xico\" href=\"http:\/\/www.cenart.gob.mx\/html\/cartele\/eurojazz2012.html \" target=\"_blank\">CENART<\/a><\/strong>. \u2028R\u00edo Churubusco No. 79, esquina Calzada de Tlalpan,col. Country Club.<br \/>\n<strong>Estaci\u00f3n de Metro<\/strong>: Cerca de la estaci\u00f3n &#8220;General Anaya&#8221;. \u2028Entrada libre.<\/p>\n<p><span style=\"text-decoration: underline;\">Recomendaci\u00f3n del CENART:<\/span> Est\u00e1 prohibido ingerir bebidas alcoh\u00f3licas dentro de las instalaciones del CENART.<\/p>\n<h3>Enlaces de inter\u00e9s:<\/h3>\n<p><strong><a title=\"Consulta nuestros post sobre los conciertos y festivales en la Rep\u00fablica Mexicana\" href=\"http:\/\/www.travelbymexico.com\/blog\/tag\/programa-de-conciertos\/\" target=\"_blank\">Conciertos y Festivales en M\u00e9xico <\/a><\/strong><\/p>\n<p><strong><a title=\"Reserva un Hotel en la ciudad de M\u00e9xico\" href=\"http:\/\/www.travelbymexico.com\/ciudaddemexico\/hoteles\" target=\"_blank\">Reserva un hotel en la ciudad de M\u00e9xico <\/a><\/strong><\/p>\n<p>&nbsp;<\/p>\n","protected":false},"excerpt":{"rendered":"<p>Hoy, s\u00e1bado 3 de marzo, inici\u00f3 la 15\u00aa edici\u00f3n del Festival EuroJazz 2012. Organizado por la Delegaci\u00f3n de la Uni\u00f3n<\/p>\n","protected":false},"author":2,"featured_media":11326,"comment_status":"closed","ping_status":"closed","sticky":false,"template":"","format":"standard","meta":[],"categories":[37],"tags":[2520,2521,318,2519,2518,548,709,896,1052],"_links":{"self":[{"href":"https:\/\/www.travelbymexico.com\/blog\/wp-json\/wp\/v2\/posts\/11325"}],"collection":[{"href":"https:\/\/www.travelbymexico.com\/blog\/wp-json\/wp\/v2\/posts"}],"about":[{"href":"https:\/\/www.travelbymexico.com\/blog\/wp-json\/wp\/v2\/types\/post"}],"author":[{"embeddable":true,"href":"https:\/\/www.travelbymexico.com\/blog\/wp-json\/wp\/v2\/users\/2"}],"replies":[{"embeddable":true,"href":"https:\/\/www.travelbymexico.com\/blog\/wp-json\/wp\/v2\/comments?post=11325"}],"version-history":[{"count":6,"href":"https:\/\/www.travelbymexico.com\/blog\/wp-json\/wp\/v2\/posts\/11325\/revisions"}],"predecessor-version":[{"id":11329,"href":"https:\/\/www.travelbymexico.com\/blog\/wp-json\/wp\/v2\/posts\/11325\/revisions\/11329"}],"wp:featuredmedia":[{"embeddable":true,"href":"https:\/\/www.travelbymexico.com\/blog\/wp-json\/wp\/v2\/media\/11326"}],"wp:attachment":[{"href":"https:\/\/www.travelbymexico.com\/blog\/wp-json\/wp\/v2\/media?parent=11325"}],"wp:term":[{"taxonomy":"category","embeddable":true,"href":"https:\/\/www.travelbymexico.com\/blog\/wp-json\/wp\/v2\/categories?post=11325"},{"taxonomy":"post_tag","embeddable":true,"href":"https:\/\/www.travelbymexico.com\/blog\/wp-json\/wp\/v2\/tags?post=11325"}],"curies":[{"name":"wp","href":"https:\/\/api.w.org\/{rel}","templated":true}]}}