{"id":11285,"date":"2012-02-29T23:10:07","date_gmt":"2012-03-01T05:10:07","guid":{"rendered":"http:\/\/www.travelbymexico.com\/blog\/?p=11285"},"modified":"2012-02-29T23:12:11","modified_gmt":"2012-03-01T05:12:11","slug":"los-clavadistas-mexicanos-un-equipo-fuerte-para-londres-2012","status":"publish","type":"post","link":"https:\/\/www.travelbymexico.com\/blog\/11285-los-clavadistas-mexicanos-un-equipo-fuerte-para-londres-2012\/","title":{"rendered":"Los Clavadistas Mexicanos: un equipo fuerte para Londres 2012"},"content":{"rendered":"<h2>Los clavadistas mexicanos demostraron en la pasada Copa del Mundo de Clavados que son uno de los equipos m\u00e1s fuertes a representar a M\u00e9xico en las pr\u00f3ximas Olimpiadas esto tras conseguir once de las doce plazas disponibles para Londres 2012.<\/h2>\n<p>Durante una conferencia de prensa, el presidente de la <strong>Federaci\u00f3n Mexicana de Nataci\u00f3n<\/strong> <em>Kiril Todoroy<\/em> coment\u00f3 que la labor de los clavadistas super\u00f3 el pron\u00f3stico esperado, as\u00ed como tambi\u00e9n mencion\u00f3 que este equipo <strong>es el m\u00e1s fuerte en la historia de los clavados de M\u00e9xico<\/strong>, por lo cual es posible aspirar al podio en los Juegos Ol\u00edmpicos 2012.<\/p>\n<p><span style=\"text-decoration: underline;\"><strong>Tres de los miembros de este estupendo equipo de clavadistas son menores de 15 a\u00f1os<\/strong><\/span>: Carolina Mendoza, Alejandra Orozco y Dolores Hern\u00e1ndez.<\/p>\n<p>Los clavadistas que han calificado para participar en los pr\u00f3ximos juegos ol\u00edmpicos, seg\u00fan los resultados del <em><strong>Campeonato Mundial de Nataci\u00f3n de Shangai 2011<\/strong><\/em>, los<strong><em> <a title=\"Deportes y calendario de actividades de los Juegos Panamericanos Guadalajara 2011\" href=\"http:\/\/www.travelbymexico.com\/blog\/5345-juegos-panamericanosy-parapanamericanos-2011\/\" target=\"_blank\">Juegos Panamericanos Guadalajara 2011<\/a><\/em><\/strong> y la <em><strong>Copa Mundial de Clavados Londres 2012<\/strong><\/em> son:<\/p>\n<p><strong>Laura S\u00e1nchez<\/strong> \/ Por definir (trampol\u00edn 3 metros individual femenil);<br \/>\n<strong>Yahel Castillo<\/strong>\/ <strong>Juli\u00e1n S\u00e1nchez<\/strong> o <strong>Daniel Islas<\/strong> (trampol\u00edn 3 metros individual varonil);<br \/>\n<strong>Paola Espinoza<\/strong> \/ <strong>Carolina Mendoza<\/strong> (plataforma 10 metros individual femenil);<br \/>\n<strong>Iv\u00e1n Garc\u00eda<\/strong> \/ <strong>Germ\u00e1n S\u00e1nchez<\/strong> (plataforma 10 metros individual varonil);<br \/>\n<strong>Yahel Castillo<\/strong> y <strong>Juli\u00e1n S\u00e1nchez<\/strong> o <strong>Daniel Islas<\/strong> (sincronizado 3 metros varonil);<br \/>\n<strong>Paola Espinoza<\/strong> y <strong>Alejandra Orozco<\/strong> (sincronizado 10 metros femenil);<br \/>\n<strong>Germ\u00e1n S\u00e1nchez<\/strong> e<strong> Iv\u00e1n Garc\u00eda<\/strong> (sincronizado 10 metros varonil).<\/p>\n<h3>Clavadistas que participar\u00e1n en el Serie Mundial de Clavados en abril de 2012<\/h3>\n<p>La Federaci\u00f3n Mexicana de Nataci\u00f3n (FMN) se muestra satisfecha con los logros de la Copa del Mundo y ser\u00e1 <strong>este jueves cuando decida quienes integraran el equipo nacional para la &#8220;Serie Mundial de Clavados&#8221;<\/strong>, que se llevar\u00e1 a cabo en las ciudades de Dubai, Beijing, Mosc\u00fa y Tijuana. D\u00f3nde se decidir\u00e1 qui\u00e9n ocupar\u00e1 el lugar restante en trampol\u00edn 3 metros en la rama individual femenil para los juegos ol\u00edmpicos.<\/p>\n<p><span style=\"text-decoration: underline;\"><strong>Los clavadistas que tienen su lugar seguro durante las primeras fechas del 16 y 17 de Abril en la Serie Mundial de Clavados son<\/strong><\/span>:<\/p>\n<p><strong>Juli\u00e1n Ram\u00edrez<\/strong> y <strong>Daniel Islas<\/strong> (trampol\u00edn 3 metros sincronizados);<br \/>\n<strong>Juli\u00e1n S\u00e1nchez<\/strong> y <strong>Laura S\u00e1nchez<\/strong> (3 metros);<br \/>\n<strong>Paola Espinoza<\/strong> (Plataforma 10 metros).<\/p>\n<p><em><a title=\"M\u00e9xico con el equipo de clavados m\u00e1s completo en la historia para los Juegos Ol\u00edmpicos de Londres\" href=\"http:\/\/www.fmn.org.mx\/official\/index.php\/noticias\/62-principal\/1155-mexico-con-el-equipo-de-clavados-mas-completo-en-la-historia-para-los-juegos-olimpicos-de-londres.html \" target=\"_blank\"><strong><span style=\"text-decoration: underline;\">Leer el art\u00edculo de la FMN<\/span>: M\u00e9xico con el equipo de clavados m\u00e1s completo en la historia para los Juegos Ol\u00edmpicos de Londres<\/strong><\/a> \u00a0<\/em>(Informaci\u00f3n proporcionada por la Vicepresidencia de Clavados).<\/p>\n<p><em><strong>Texto<\/strong>: Karla Lisandra Cisneros Cort\u00e9s<\/em><\/p>\n<p><strong>Para mayor informaci\u00f3n visita el <a title=\"Sitio oficial de la Federaci\u00f3n Mexicana de Nataci\u00f3n\" href=\"http:\/\/www.fmn.org.mx\" target=\"_blank\">Sitio Oficial de la Federaci\u00f3n Mexicana de Nataci\u00f3n (FMN)<\/a><\/strong><\/p>\n<p>&nbsp;<\/p>\n<p>&nbsp;<\/p>\n","protected":false},"excerpt":{"rendered":"<p>Los clavadistas mexicanos demostraron en la pasada Copa del Mundo de Clavados que son uno de los equipos m\u00e1s fuertes<\/p>\n","protected":false},"author":2,"featured_media":11286,"comment_status":"closed","ping_status":"closed","sticky":false,"template":"","format":"standard","meta":[],"categories":[912],"tags":[2501,402,2503,2502,719,720,2151,818,9816,2504],"_links":{"self":[{"href":"https:\/\/www.travelbymexico.com\/blog\/wp-json\/wp\/v2\/posts\/11285"}],"collection":[{"href":"https:\/\/www.travelbymexico.com\/blog\/wp-json\/wp\/v2\/posts"}],"about":[{"href":"https:\/\/www.travelbymexico.com\/blog\/wp-json\/wp\/v2\/types\/post"}],"author":[{"embeddable":true,"href":"https:\/\/www.travelbymexico.com\/blog\/wp-json\/wp\/v2\/users\/2"}],"replies":[{"embeddable":true,"href":"https:\/\/www.travelbymexico.com\/blog\/wp-json\/wp\/v2\/comments?post=11285"}],"version-history":[{"count":4,"href":"https:\/\/www.travelbymexico.com\/blog\/wp-json\/wp\/v2\/posts\/11285\/revisions"}],"predecessor-version":[{"id":11289,"href":"https:\/\/www.travelbymexico.com\/blog\/wp-json\/wp\/v2\/posts\/11285\/revisions\/11289"}],"wp:featuredmedia":[{"embeddable":true,"href":"https:\/\/www.travelbymexico.com\/blog\/wp-json\/wp\/v2\/media\/11286"}],"wp:attachment":[{"href":"https:\/\/www.travelbymexico.com\/blog\/wp-json\/wp\/v2\/media?parent=11285"}],"wp:term":[{"taxonomy":"category","embeddable":true,"href":"https:\/\/www.travelbymexico.com\/blog\/wp-json\/wp\/v2\/categories?post=11285"},{"taxonomy":"post_tag","embeddable":true,"href":"https:\/\/www.travelbymexico.com\/blog\/wp-json\/wp\/v2\/tags?post=11285"}],"curies":[{"name":"wp","href":"https:\/\/api.w.org\/{rel}","templated":true}]}}