{"id":11257,"date":"2012-02-28T18:51:05","date_gmt":"2012-02-29T00:51:05","guid":{"rendered":"http:\/\/www.travelbymexico.com\/blog\/?p=11257"},"modified":"2012-03-03T19:33:14","modified_gmt":"2012-03-04T01:33:14","slug":"el-inah-presenta-sus-novedades-editoriales-en-la-filpm","status":"publish","type":"post","link":"https:\/\/www.travelbymexico.com\/blog\/11257-el-inah-presenta-sus-novedades-editoriales-en-la-filpm\/","title":{"rendered":"El INAH presenta sus novedades editoriales en la FILPM"},"content":{"rendered":"<h2>Desde el 22 de febrero del presente y hasta el 5 de marzo, el <a title=\"Rese\u00f1a del Palacio de Miner\u00eda y el Museo Manuel Tols\u00e1 en el blog de Travelbymexico.com\" href=\"Palacio de Miner\u00eda y Museo Manuel Tols\u00e1 en la Ciudad de M\u00e9xico\" target=\"_blank\">Palacio de Miner\u00eda<\/a> es la sede de la XXXIII edici\u00f3n del encuentro editorial m\u00e1s antiguo del pa\u00eds: la <a title=\"Feria Internacional del Libro del Palacio de Miner\u00eda, edici\u00f3n 2012\" href=\"http:\/\/www.travelbymexico.com\/blog\/11131-feria-internacional-del-libro-del-palacio-de-mineria-edicion-2012\" target=\"_blank\">Feria Internacional del Libro del Palacio de Miner\u00eda (FILPM)<\/a>.<\/h2>\n<p>En el marco de este magno foro editorial, el <strong>Instituto Nacional de Antropolog\u00eda e Historia (INAH-Conaculta)<\/strong> rendir\u00e1 un homenaje a la historiadora <strong>Elsa Mavido<\/strong>, presentar\u00e1 sus publicaciones m\u00e1s recientes, entre las que destacan la <strong>edici\u00f3n facsimilar del &#8220;C\u00f3dice Colombino&#8221;<\/strong>, e<span style=\"text-decoration: underline;\">l \u00fanico de origen prehisp\u00e1nico que se conserva en M\u00e9xico<\/span> y el libro &#8220;<strong>N\u00e1ufragos espa\u00f1oles en tierra maya. Reconstrucci\u00f3n del inicio de la invasi\u00f3n<\/strong>&#8221; del etn\u00f3logo y antrop\u00f3logo Luis Barjau. Asimismo, el instituto presentar\u00e1 el <strong>nuevo disco de la colecci\u00f3n &#8220;Testimonio Musical de M\u00e9xico<\/strong>: Canciones para conmemorar los 150 a\u00f1os de <a title=\"Rese\u00f1a de la Batalla del 5 de Mayo de 1862 en Puebla\" href=\"http:\/\/mr.travelbymexico.com\/44-el-sitio-de-puebla\" target=\"_blank\">la Batalla del 5 de Mayo<\/a>&#8220;.<\/p>\n<h3>Novedades editoriales del INAH en la FILPM<\/h3>\n<p><span style=\"text-decoration: underline;\"><strong>Los nuevos t\u00edtulos de la serie &#8220;Historias de la Historia&#8221;:<\/strong><\/span><\/p>\n<p>&#8220;Pancho Villa y la divisi\u00f3n del norte rumbo a Torre\u00f3n&#8221;, de Joaqu\u00edn-Armando Chac\u00f3n;<br \/>\n&#8220;Leona Vicario en Chilpancingo&#8221;, de Raquel Huerta;<br \/>\n&#8220;Carmen Serd\u00e1n y las revolucionarias de Puebla&#8221;, de Hern\u00e1ndez Murillo y Pedro Ch\u00e1vez Vel\u00e1squez.<\/p>\n<p><span style=\"text-decoration: underline;\"><strong>Tierra Maya, cuna del mestizaje mexicano:<\/strong><\/span><\/p>\n<p>Con su libro &#8220;<strong>N\u00e1ufragos espa\u00f1oles en tierra maya. Reconstrucci\u00f3n del inicio de la invasi\u00f3n<\/strong>&#8220;, el investigador de la Direcci\u00f3n de Estudios Hist\u00f3ricos el etn\u00f3logo y antrop\u00f3logo Luis Barjau hace una relectura de la epopeya de los espa\u00f1oles <strong>Jer\u00f3nimo de Aguilar<\/strong> y <strong>Gonzalo Guerrero<\/strong> que naufragaron en tierras mayas en 1511, y se integraron al \u00e1mbito ind\u00edgena de dos formas radicalmente opuestas, convirti\u00e9ndose en dos personajes fundamentales para entender el contacto entre el mundo occidental y el mesoamericano.<\/p>\n<p><span style=\"text-decoration: underline;\"><strong>&#8220;Xipe T\u00f3tec. Guerra y regeneraci\u00f3n del ma\u00edz en la religi\u00f3n mexica&#8221;<\/strong><\/span><\/p>\n<p>En su obra, Carlos Javier Gonz\u00e1lez, director del Museo del Templo Mayor,\u00a0 presenta una investigaci\u00f3n sustentada en fuentes hist\u00f3ricas y arqueol\u00f3gicas que clarifican aspectos esenciales sobre esta <strong>deidad mexica y su culto<\/strong>, que consist\u00eda en el desollamiento de v\u00edctimas sacrificadas en su festividad \u2014principalmente guerreros enemigos\u2014 que se vinculaba con la renovaci\u00f3n vegetal, el ma\u00edz y el deshoje de mazorcas.<\/p>\n<p><span style=\"text-decoration: underline;\"><strong>Fecha y lugar<\/strong><\/span>: <em>S\u00e1bado 3 de marzo a las 16:00 horas en el Sal\u00f3n de la Academia de Ingenier\u00eda.<\/em><br \/>\n<em>Participantes: Eduardo Matos Moctezuma, Silvia Lim\u00f3n Olvera y Guilhem Olivier.<\/em><\/p>\n<p><span style=\"text-decoration: underline;\"><strong>&#8220;Gaceta de Museos&#8221;<\/strong><\/span>: <em>El viernes 2 de marzo a las 16:00 horas, en el Auditorio Seis.<\/em><\/p>\n<h3>Presentaci\u00f3n de facsimilares<\/h3>\n<p><span style=\"text-decoration: underline;\"><strong>Rescate de lenguas Oaxaque\u00f1as:<\/strong><\/span><\/p>\n<p>&#8220;<strong>Cartilla del zapoteco serrano<\/strong>&#8220;, &#8220;<strong>Estudio del huave<\/strong>&#8221; y &#8220;<strong>Glotolog\u00eda ind\u00edgena mexicana<\/strong>&#8220;, recuperan manuscritos del ling\u00fcista oaxaque\u00f1o, conocido como El Fil\u00f3logo de Tlaxiaco, que constituyen valiosos estudios de los idiomas ind\u00edgenas que se hablaban a principios del siglo XX en el estado de Oaxaca. (Colecci\u00f3n Francisco Belmar, dirigida por Francisco Barriga, titular de la Coordinaci\u00f3n Nacional de Antropolog\u00eda).<\/p>\n<p><span style=\"text-decoration: underline;\"><strong>Edici\u00f3n facsimilar del C\u00f3dice Colombino:<\/strong><\/span><\/p>\n<p>El <strong><span style=\"text-decoration: underline;\">\u00fanico de origen prehisp\u00e1nico que se conserva en M\u00e9xico<\/span><\/strong>, resguardado en la b\u00f3veda de la <em>Biblioteca Nacional de Antropolog\u00eda e Historia<\/em>. La publicaci\u00f3n incluye una investigaci\u00f3n sobre el gobernante mixteco 8 Venado, personaje central del documento pictogr\u00e1fico, realizada por Manuel A. Hermann Lejarazu, especialista del Centro de Investigaciones y Estudios Superiores en Antropolog\u00eda Social.<\/p>\n<p><strong><span style=\"text-decoration: underline;\">Fascimilares de obras de J. J. Fern\u00e1ndez de Lizardi:\u00a0<\/span><\/strong><\/p>\n<p><em>Presentaci\u00f3n el S\u00e1bado 3 de marzo a las 14:00 horas, en el Auditorio Seis del Palacio de Miner\u00eda.\u00a0<strong> <\/strong><\/em><\/p>\n<p><strong>D<\/strong><strong>os calendarios elaborados por Jos\u00e9 Joaqu\u00edn Fern\u00e1ndez de Lizardi en 1824 y 1825<\/strong>, as\u00ed como el <strong>&#8220;Testamento y despedida de El Pensador Mexicano&#8221;<\/strong>, escrito en 1827 pero publicado por el impresor Sim\u00f3n Blanquel hasta 1868, materiales pr\u00e1cticamente inaccesibles para el p\u00fablico debido a que se resguardan en fondos reservados o en colecciones particulares.<\/p>\n<p><a class=\"galeria izquierda\" title=\"El INAH ofrecer\u00e1 un homenaje a Elsa Malvido: historiadora, investigadora y docente mexicana fallecida en abril del 2011\" href=\"http:\/\/www.travelbymexico.com\/blog\/imgBase\/2012\/02\/Homenaje-a-la-historiadora-Elsa-Malvido.jpg\"><img loading=\"lazy\" title=\"El INAH ofrecer\u00e1 un homenaje a Elsa Malvido: historiadora, investigadora y docente mexicana fallecida en abril del 2011\" src=\"http:\/\/www.travelbymexico.com\/blog\/imgBase\/2012\/02\/Homenaje-a-la-historiadora-Elsa-Malvido-150x150.jpg\" alt=\"\" width=\"150\" height=\"150\" \/><\/a><\/p>\n<h3>Homenaje a la historiadora Elsa Malvido<\/h3>\n<p><span style=\"text-decoration: underline;\"><em>El s\u00e1bado 3 de marzo a las 18:00 horas, en el Sal\u00f3n &#8220;El Caballito&#8221; del Palacio de Miner\u00eda.<\/em><\/span><\/p>\n<p>El Instituto Nacional de Antropolog\u00eda e Historia (INAH-Conaculta) rendir\u00e1 un homenaje\u00a0 a la historiadora Elsa Malvido (1941-2011) a cas\u00ed un a\u00f1o de su fallecimiento.<\/p>\n<h3>Mesa redonda: &#8220;Antropolog\u00eda y Derecho: un di\u00e1logo disciplinario&#8221;.<\/h3>\n<p><span style=\"text-decoration: underline;\"><em>Domingo 4 de marzo a las 15:00 horas en el Auditorio Seis.<\/em>\u00a0<\/span><\/p>\n<p><a class=\"galeria derecha\" title=\"Disco de la serie Testimonio Musical de M\u00e9xico titulado Canciones para conmemorar los 150 a\u00f1os de la Batalla del 5 de mayo&quot;\" href=\"http:\/\/www.travelbymexico.com\/blog\/imgBase\/2012\/02\/Disco-150-an\u0303os-batalla-de-puebla.jpg\"><img loading=\"lazy\" title=\"Disco de la serie Testimonio Musical de M\u00e9xico titulado Canciones para conmemorar los 150 a\u00f1os de la Batalla del 5 de mayo&quot;\" src=\"http:\/\/www.travelbymexico.com\/blog\/imgBase\/2012\/02\/Disco-150-an\u0303os-batalla-de-puebla-150x150.jpg\" alt=\"\" width=\"150\" height=\"150\" \/><\/a><\/p>\n<h3>Presentaci\u00f3n de disco:<\/h3>\n<p>El <em><span style=\"text-decoration: underline;\">domingo 4 de marzo de 2012 a las 17:00 horas, en el Sal\u00f3n &#8220;Rafael Ximeno y Planes&#8221;<\/span><\/em> se presentar\u00e1 el <strong>disco <\/strong>No.53 de la serie &#8220;Testimonio Musical de M\u00e9xico&#8221;, titulado &#8220;<strong>Canciones para conmemorar los 150 a\u00f1os de la <a title=\"Rese\u00f1a de la Batalla del 5 de Mayo de 1862 en Puebla\" href=\"http:\/\/mr.travelbymexico.com\/44-el-sitio-de-puebla\" target=\"_blank\">Batalla del 5 de mayo<\/a>&#8220;<\/strong>.<\/p>\n<h3>Enlaces de inter\u00e9s:<\/h3>\n<p><strong>Leer el art\u00edculo completo del INAH: &#8220;<a title=\"Bolet\u00edn del INAH sobre sus novedades editoriales presentadas en la FILPM 2012\" href=\"http:\/\/www.inah.gob.mx\/index.php\/boletines\/2-actividades-academicas\/5684-novedades-editoriales-del-inah-en-la-feria-de-mineria \" target=\"_blank\">Novedades editoriales del INAH en la Feria de Miner\u00eda<\/a>&#8220;.<\/strong><\/p>\n<p><strong><a title=\"Post relativo a la 33 edici\u00f3n de la Feria Internacional del Libro del Palacio de Miner\u00eda\" href=\"http:\/\/www.travelbymexico.com\/blog\/11131-feria-internacional-del-libro-del-palacio-de-mineria-edicion-2012\/ \" target=\"_blank\">Feria Internacional del Libro del Palacio de Miner\u00eda, edici\u00f3n 2012<\/a>\u00a0 <\/strong><\/p>\n<p><strong><a title=\"Palacio de Miner\u00eda y Museo Manuel Tols\u00e1 en la ciudad de M\u00e9xico\" href=\"http:\/\/www.travelbymexico.com\/blog\/10740-palacio-de-mineria-y-museo-manuel-tolsa-en-la-ciudad-de-mexico\/\" target=\"_blank\">Rese\u00f1a acerca del Palacio de Miner\u00eda y el Museo Manuel Tols\u00e1 en la Ciudad de M\u00e9xico <\/a><\/strong><\/p>\n","protected":false},"excerpt":{"rendered":"<p>Desde el 22 de febrero del presente y hasta el 5 de marzo, el Palacio de Miner\u00eda es la sede<\/p>\n","protected":false},"author":2,"featured_media":11258,"comment_status":"closed","ping_status":"closed","sticky":false,"template":"","format":"standard","meta":[],"categories":[9],"tags":[2492,2491,318,2513,1718,357,1366,2488,1893,1622,2487,656,2490,2291,1055,1236,2489],"_links":{"self":[{"href":"https:\/\/www.travelbymexico.com\/blog\/wp-json\/wp\/v2\/posts\/11257"}],"collection":[{"href":"https:\/\/www.travelbymexico.com\/blog\/wp-json\/wp\/v2\/posts"}],"about":[{"href":"https:\/\/www.travelbymexico.com\/blog\/wp-json\/wp\/v2\/types\/post"}],"author":[{"embeddable":true,"href":"https:\/\/www.travelbymexico.com\/blog\/wp-json\/wp\/v2\/users\/2"}],"replies":[{"embeddable":true,"href":"https:\/\/www.travelbymexico.com\/blog\/wp-json\/wp\/v2\/comments?post=11257"}],"version-history":[{"count":2,"href":"https:\/\/www.travelbymexico.com\/blog\/wp-json\/wp\/v2\/posts\/11257\/revisions"}],"predecessor-version":[{"id":11324,"href":"https:\/\/www.travelbymexico.com\/blog\/wp-json\/wp\/v2\/posts\/11257\/revisions\/11324"}],"wp:featuredmedia":[{"embeddable":true,"href":"https:\/\/www.travelbymexico.com\/blog\/wp-json\/wp\/v2\/media\/11258"}],"wp:attachment":[{"href":"https:\/\/www.travelbymexico.com\/blog\/wp-json\/wp\/v2\/media?parent=11257"}],"wp:term":[{"taxonomy":"category","embeddable":true,"href":"https:\/\/www.travelbymexico.com\/blog\/wp-json\/wp\/v2\/categories?post=11257"},{"taxonomy":"post_tag","embeddable":true,"href":"https:\/\/www.travelbymexico.com\/blog\/wp-json\/wp\/v2\/tags?post=11257"}],"curies":[{"name":"wp","href":"https:\/\/api.w.org\/{rel}","templated":true}]}}